{"id":63310,"date":"2025-12-27T12:00:10","date_gmt":"2025-12-27T15:00:10","guid":{"rendered":"https:\/\/crajubaremacao.com.br\/?p=63310"},"modified":"2025-12-27T12:00:10","modified_gmt":"2025-12-27T15:00:10","slug":"endrick-desembarca-na-franca-e-bate-recorde-em-rede-social-do-lyon-antes-de-estrear","status":"publish","type":"post","link":"https:\/\/crajubaremacao.com.br\/?p=63310","title":{"rendered":"Endrick desembarca na Fran\u00e7a e bate recorde em rede social do Lyon antes de estrear"},"content":{"rendered":"<div>\n<div style=\"margin-bottom: 15px;\"><img decoding=\"async\" class=\"type:primaryImage\" src=\"https:\/\/jpimg.com.br\/uploads\/2025\/07\/endrick-cumprimenta-ancelotti-ao-ser-substituido-em-real-madrid-x-mallorca-pela-la-liga-foto-pierre-philippe-marcou-afp-750x469.jpg\"><\/div>\n<p><?xml encoding=\"UTF-8\"><\/p>\n<p>Endrick j\u00e1 est\u00e1 em sua nova casa. O atacante de 19 anos viajou para a Fran\u00e7a nesta sexta-feira (26), onde passar\u00e1 a integrar o elenco do Lyon a partir desta segunda-feira (29), emprestado pelo Real Madrid at\u00e9 o fim da atual temporada europeia, no meio de 2026.<\/p>\n<p>O jogador publicou em suas redes sociais a chegada a Lyon ao lado da esposa, Gabriely Miranda, e dos seus dois cachorros em um jatinho, ap\u00f3s uma parada de f\u00e9rias na Su\u00ed\u00e7a.<\/p>\n<p>Antes mesmo de se apresentar ao novo clube, o ex-atleta do Palmeiras j\u00e1 causa furor entre torcedores franceses e brasileiros. O v\u00eddeo de \u201cboas-vindas\u201d que anuncia sua chegada ao Lyon bateu recorde de visualiza\u00e7\u00f5es na conta do clube no Instagram. Em menos de 24 horas, na v\u00e9spera de Natal, a publica\u00e7\u00e3o havia acumulado 14,7 milh\u00f5es de visualiza\u00e7\u00f5es.<\/p>\n<p>O v\u00eddeo do clube mais visto na rede social, at\u00e9 ent\u00e3o, era de um drible do meio-campista Tyler Morton em um treino, em alus\u00e3o a Ronaldinho Ga\u00facho, com um total de 2,9 milh\u00f5es de visualiza\u00e7\u00f5es, ou seja, quase cinco vezes menos que a publica\u00e7\u00e3o sobre a chegada de Endrick. O jornal espanhol <i>Marca<\/i> destacou neste s\u00e1bado a \u201cEndrickmania\u201d que tomou conta de Lyon.<\/p>\n<p>O novo camisa 9 do Lyon conta com forte apelo midi\u00e1tico nas redes sociais. Com mais de 15,3 milh\u00f5es de seguidores no Instagram, ele supera estrelas da NBA como Kevin Durant e James Harden, al\u00e9m de estrelas que atuam no futebol franc\u00eas, como o portugu\u00eas Vitinha e o brasileiro Marquinhos, ambos do Paris Saint-Germain.<\/p>\n<p>A expectativa \u00e9 de que o atacante seja apresentado nesta segunda-feira e que esteja dispon\u00edvel para estrear no duelo com o Monaco, em 3 de janeiro, pelo Campeonato Franc\u00eas. No dia 11 de janeiro, a equipe visita o Lille, pela Copa da Fran\u00e7a.<\/p>\n<p>O Lyon est\u00e1 na quinta posi\u00e7\u00e3o no Campeonato Franc\u00eas, dez pontos atr\u00e1s do l\u00edder Lens. Na Europa League, a equipe faz grande campanha, ocupando a primeira posi\u00e7\u00e3o na tabela da competi\u00e7\u00e3o continental.<\/p>\n<p>*Estad\u00e3o Conte\u00fado<\/p>\n<\/div>\n","protected":false},"excerpt":{"rendered":"<p>Endrick j\u00e1 est\u00e1 em sua nova casa. O atacante de 19 anos viajou para a Fran\u00e7a nesta sexta-feira (26), onde passar\u00e1 a integrar o elenco do Lyon a partir desta segunda-feira (29), emprestado pelo Real Madrid at\u00e9 o fim da atual temporada europeia, no meio de 2026. O jogador publicou em suas redes sociais a [&hellip;]<\/p>\n","protected":false},"author":260,"featured_media":63311,"comment_status":"closed","ping_status":"closed","sticky":false,"template":"","format":"standard","meta":{"_themeisle_gutenberg_block_has_review":false,"_jetpack_memberships_contains_paid_content":false,"footnotes":""},"categories":[12],"tags":[153],"class_list":{"0":"post-63310","1":"post","2":"type-post","3":"status-publish","4":"format-standard","5":"has-post-thumbnail","7":"category-esportes","8":"tag-esportes"},"jetpack_featured_media_url":"https:\/\/crajubaremacao.com.br\/wp-content\/uploads\/2025\/12\/endrick-cumprimenta-ancelotti-ao-ser-substituido-em-real-madrid-x-mallorca-pela-la-liga-foto-pierre-philippe-marcou-afp-750x469-1.jpg","jetpack_sharing_enabled":true,"_links":{"self":[{"href":"https:\/\/crajubaremacao.com.br\/index.php?rest_route=\/wp\/v2\/posts\/63310","targetHints":{"allow":["GET"]}}],"collection":[{"href":"https:\/\/crajubaremacao.com.br\/index.php?rest_route=\/wp\/v2\/posts"}],"about":[{"href":"https:\/\/crajubaremacao.com.br\/index.php?rest_route=\/wp\/v2\/types\/post"}],"author":[{"embeddable":true,"href":"https:\/\/crajubaremacao.com.br\/index.php?rest_route=\/wp\/v2\/users\/260"}],"replies":[{"embeddable":true,"href":"https:\/\/crajubaremacao.com.br\/index.php?rest_route=%2Fwp%2Fv2%2Fcomments&post=63310"}],"version-history":[{"count":0,"href":"https:\/\/crajubaremacao.com.br\/index.php?rest_route=\/wp\/v2\/posts\/63310\/revisions"}],"wp:featuredmedia":[{"embeddable":true,"href":"https:\/\/crajubaremacao.com.br\/index.php?rest_route=\/wp\/v2\/media\/63311"}],"wp:attachment":[{"href":"https:\/\/crajubaremacao.com.br\/index.php?rest_route=%2Fwp%2Fv2%2Fmedia&parent=63310"}],"wp:term":[{"taxonomy":"category","embeddable":true,"href":"https:\/\/crajubaremacao.com.br\/index.php?rest_route=%2Fwp%2Fv2%2Fcategories&post=63310"},{"taxonomy":"post_tag","embeddable":true,"href":"https:\/\/crajubaremacao.com.br\/index.php?rest_route=%2Fwp%2Fv2%2Ftags&post=63310"}],"curies":[{"name":"wp","href":"https:\/\/api.w.org\/{rel}","templated":true}]}}