{"id":63354,"date":"2025-12-28T18:02:24","date_gmt":"2025-12-28T21:02:24","guid":{"rendered":"https:\/\/crajubaremacao.com.br\/?p=63354"},"modified":"2025-12-28T18:02:24","modified_gmt":"2025-12-28T21:02:24","slug":"empresa-de-aviao-que-caiu-em-copacabana-sera-autuada-por-publicidade-irregular-diz-prefeitura","status":"publish","type":"post","link":"https:\/\/crajubaremacao.com.br\/?p=63354","title":{"rendered":"Empresa de avi\u00e3o que caiu em Copacabana ser\u00e1 autuada por publicidade irregular, diz prefeitura"},"content":{"rendered":"<div>\n<div style=\"margin-bottom: 15px;\"><img decoding=\"async\" class=\"type:primaryImage\" src=\"https:\/\/crajubaremacao.com.br\/wp-content\/uploads\/2025\/12\/sem-titulo-8.png\"><\/div>\n<p><?xml encoding=\"UTF-8\"><\/p>\n<p>A empresa dona do avi\u00e3o que caiu no mar da Praia de Copacabana, no Rio de Janeiro, no in\u00edcio da tarde deste s\u00e1bado, 27, n\u00e3o possu\u00eda autoriza\u00e7\u00e3o para a campanha publicit\u00e1ria exibida no dia do acidente e ser\u00e1 autuada por publicidade irregular, informou a Secretaria Municipal de Ordem P\u00fablica (Seop).<\/p>\n<p>Em nota, a secretaria afirmou que \u201ca Visual Propaganda A\u00e9rea est\u00e1 habilitada para fazer publicidade, mas n\u00e3o possu\u00eda autoriza\u00e7\u00e3o para realizar esta campanha publicit\u00e1ria\u201d. Por isso, ser\u00e1 autuada por publicidade irregular, informou a Seop.<\/p>\n<p>Segundo a pasta, embora a empresa tenha aval para a atividade comercial de publicidade, toda campanha tamb\u00e9m precisa ser licenciada, independentemente de ser a\u00e9rea, em outdoors ou terrestre. \u201cS\u00e3o documenta\u00e7\u00f5es diferentes\u201d, explicou a secretaria<\/p>\n<p>A pasta acrescentou que n\u00e3o h\u00e1 informa\u00e7\u00e3o sobre qual propaganda era veiculada pelo avi\u00e3o no s\u00e1bado, j\u00e1 que a solicita\u00e7\u00e3o para a publicidade n\u00e3o foi feita.<\/p>\n<p>A queda do avi\u00e3o de propaganda ocorreu entre os postos 3 e 4, na altura da Rua Santa Clara e do Copacabana Palace. No momento do acidente, havia motos aqu\u00e1ticas e outras embarca\u00e7\u00f5es na \u00e1gua. As buscas pelo piloto mobilizaram mais de 30 agentes e duraram cerca de duas horas. Ele, no entanto, foi localizado sem vida.<\/p>\n<p>O subprefeito da zona sul, Bernardo Rubi\u00e3o, publicou um v\u00eddeo nas redes sociais no qual afirmou que, de acordo com informa\u00e7\u00f5es repassadas pela empresa propriet\u00e1ria da aeronave, aquele teria sido o primeiro voo do piloto nesse tipo de avi\u00e3o.<\/p>\n<p>\u201cO Corpo de Bombeiros confirmou que encontrou os destro\u00e7os e a v\u00edtima, que infelizmente n\u00e3o resistiu ao acidente. De acordo com a empresa, seria o primeiro voo desse piloto nesse tipo de aeronave, e que ele estaria sozinho no avi\u00e3o. Seguimos prestando todo o apoio necess\u00e1rio\u201d, diz a publica\u00e7\u00e3o de Rubi\u00e3o.<\/p>\n<p>A reportagem entrou em contato com a prefeitura para confirmar a informa\u00e7\u00e3o, mas ainda n\u00e3o obteve retorno.<\/p>\n<p>*Estad\u00e3o Conte\u00fado<\/p>\n<\/div>\n","protected":false},"excerpt":{"rendered":"<p>A empresa dona do avi\u00e3o que caiu no mar da Praia de Copacabana, no Rio de Janeiro, no in\u00edcio da tarde deste s\u00e1bado, 27, n\u00e3o possu\u00eda autoriza\u00e7\u00e3o para a campanha publicit\u00e1ria exibida no dia do acidente e ser\u00e1 autuada por publicidade irregular, informou a Secretaria Municipal de Ordem P\u00fablica (Seop). Em nota, a secretaria afirmou [&hellip;]<\/p>\n","protected":false},"author":117,"featured_media":63355,"comment_status":"closed","ping_status":"closed","sticky":false,"template":"","format":"standard","meta":{"_themeisle_gutenberg_block_has_review":false,"_jetpack_memberships_contains_paid_content":false,"footnotes":""},"categories":[2],"tags":[150],"class_list":{"0":"post-63354","1":"post","2":"type-post","3":"status-publish","4":"format-standard","5":"has-post-thumbnail","7":"category-brasil","8":"tag-brasil"},"jetpack_featured_media_url":"https:\/\/crajubaremacao.com.br\/wp-content\/uploads\/2025\/12\/sem-titulo-8.png","jetpack_sharing_enabled":true,"_links":{"self":[{"href":"https:\/\/crajubaremacao.com.br\/index.php?rest_route=\/wp\/v2\/posts\/63354","targetHints":{"allow":["GET"]}}],"collection":[{"href":"https:\/\/crajubaremacao.com.br\/index.php?rest_route=\/wp\/v2\/posts"}],"about":[{"href":"https:\/\/crajubaremacao.com.br\/index.php?rest_route=\/wp\/v2\/types\/post"}],"author":[{"embeddable":true,"href":"https:\/\/crajubaremacao.com.br\/index.php?rest_route=\/wp\/v2\/users\/117"}],"replies":[{"embeddable":true,"href":"https:\/\/crajubaremacao.com.br\/index.php?rest_route=%2Fwp%2Fv2%2Fcomments&post=63354"}],"version-history":[{"count":0,"href":"https:\/\/crajubaremacao.com.br\/index.php?rest_route=\/wp\/v2\/posts\/63354\/revisions"}],"wp:featuredmedia":[{"embeddable":true,"href":"https:\/\/crajubaremacao.com.br\/index.php?rest_route=\/wp\/v2\/media\/63355"}],"wp:attachment":[{"href":"https:\/\/crajubaremacao.com.br\/index.php?rest_route=%2Fwp%2Fv2%2Fmedia&parent=63354"}],"wp:term":[{"taxonomy":"category","embeddable":true,"href":"https:\/\/crajubaremacao.com.br\/index.php?rest_route=%2Fwp%2Fv2%2Fcategories&post=63354"},{"taxonomy":"post_tag","embeddable":true,"href":"https:\/\/crajubaremacao.com.br\/index.php?rest_route=%2Fwp%2Fv2%2Ftags&post=63354"}],"curies":[{"name":"wp","href":"https:\/\/api.w.org\/{rel}","templated":true}]}}