{"id":63434,"date":"2025-12-31T00:00:46","date_gmt":"2025-12-31T03:00:46","guid":{"rendered":"https:\/\/crajubaremacao.com.br\/?p=63434"},"modified":"2025-12-31T00:00:46","modified_gmt":"2025-12-31T03:00:46","slug":"reveillon-na-paulista-saiba-como-vai-funcionar-o-metro","status":"publish","type":"post","link":"https:\/\/crajubaremacao.com.br\/?p=63434","title":{"rendered":"R\u00e9veillon na Paulista: saiba como vai funcionar o metr\u00f4"},"content":{"rendered":"<div>\n<div style=\"margin-bottom: 15px;\"><img decoding=\"async\" class=\"type:primaryImage\" src=\"https:\/\/crajubaremacao.com.br\/wp-content\/uploads\/2025\/12\/fup20231127149-750x500-1.jpg\"><\/div>\n<p><?xml encoding=\"UTF-8\"><\/p>\n<p>O metr\u00f4 de S\u00e3o Paulo vai ter uma opera\u00e7\u00e3o especial nesta quarta-feira (31) e quinta-feira (1) por causa do <strong><a href=\"https:\/\/jovempan.com.br\/tag\/avenida-paulista\" target=\"_blank\" rel=\"noopener noreferrer\">\u2018R\u00e9veillon na Paulista\u2019<\/a><\/strong> que come\u00e7a \u00e0s 13h30 e vai contar com diversas atra\u00e7\u00f5es musicais. A programa\u00e7\u00e3o \u00e9 gratuita, adequada para toda a fam\u00edlia e prev\u00ea mais de 8 milh\u00f5es de pessoas . Ao todo ser\u00e3o 14 horas de shows com alguns dos maiores nomes da m\u00fasica brasileira tocando de gra\u00e7a para a popula\u00e7\u00e3o.<\/p>\n<p>Para que as pessoas consigam curtir todo o evento, haver\u00e1 circula\u00e7\u00e3o ininterrupta, com todas as transfer\u00eancias abertas, e no dia 1\u00ba de janeiro a tarifa ser\u00e1 gratuita.<\/p>\n<p>Quem vai curtir o tradicional R\u00e9veillon na Avenida Paulista poder\u00e1 contar com pagamento por aproxima\u00e7\u00e3o diretamente nas catracas, utilizando cart\u00f5es f\u00edsicos de d\u00e9bito ou cr\u00e9dito, segundo o Metr\u00f4. Entretanto, o m\u00e9todo estar\u00e1 dispon\u00edvel nas esta\u00e7\u00f5es Brigadeiro, Trianon-Masp e Consola\u00e7\u00e3o, da Linha 2-Verde, as mais pr\u00f3ximas do evento da virada de ano.<\/p>\n<div class=\"cta-model cta-model2\" name=\"model2\">\n<div class=\"cta-container-general\">\n<div class=\"cta-container-model2\">\n<div class=\"container-image-text\">\n<div class=\"container-img\">\n                    <img decoding=\"async\" id=\"cta-image\" editable=\"true\" name=\"Imagem:\" src=\"https:\/\/crajubaremacao.com.br\/wp-content\/uploads\/2025\/12\/640_4anos-JPNews-59.jpg\" alt=\"cta_logo_jp\">\n                <\/div>\n<div class=\"container-title\">\n                    <span id=\"cta-text\" editable=\"true\" name=\"Conte\u00fado:\">Siga o canal da Jovem Pan News e receba as principais not\u00edcias no seu WhatsApp!<\/span>\n                <\/div>\n<\/p><\/div>\n<div class=\"cta-container-link\">\n<div class=\"cta-container-space\"><\/div>\n<p>                <a id=\"cta-link\" editable=\"true\" name=\"Link%20do%20bot%C3%A3o:\" target=\"_blank\" href=\"https:\/\/www.whatsapp.com\/channel\/0029VaAxUvrGJP8Fz9QZH93S\"><\/p>\n<div class=\"container-button\">\n                        <span id=\"cta-text2\" editable=\"true\" name=\"Texto do bot\u00e3o:\">WhatsApp<\/span>\n                    <\/div>\n<div class=\"container-icon\">\n                        <i id=\"cta-icon\" name=\"\u00cdcone do bot\u00e3o:\" editable=\"true\" class=\"fa-brands fa-whatsapp\"><\/i>\n                    <\/div>\n<p>                <\/a>\n            <\/div>\n<\/div>\n<\/div>\n<\/div>\n<h2><strong>Como funcionar\u00e1 o metr\u00f4?<\/strong><\/h2>\n<h4><strong>Esta\u00e7\u00e3o Consola\u00e7\u00e3o (Linha 2-Verde)<\/strong><\/h4>\n<p>Ficar\u00e1 fechada a partir das 10h do dia 31 e s\u00f3 vai ser reaberta \u00e0s 4h40 do dia 1\u00ba de janeiro;<\/p>\n<h4><strong>Para\u00edso, Brigadeiro e Trianon-Masp <\/strong><\/h4>\n<p>V\u00e3o funcionar\u00e3o durante toda a madrugada para embarque e desembarque, inclusive com as bilheterias abertas.<\/p>\n<h4><strong> Linhas 1-Azul, 2-Verde, 3-Vermelha e 15-Prata <\/strong><\/h4>\n<p>Permanecer\u00e3o abertas para embarque e desembarque at\u00e9 as 2h do dia 1\u00ba, depois s\u00f3 estar\u00e3o abertas apenas para desembarque.<\/p>\n<h4><strong>Linha 4-Amarela<\/strong><\/h4>\n<p>As esta\u00e7\u00f5es Paulista-Pernambucanas e Higien\u00f3polis-Mackenzie ficar\u00e3o abertas 24 horas para embarque de passageiros, j\u00e1 as demais v\u00e3o funcionar apenas para desembarque.<\/p>\n<p><strong>Confira a programa\u00e7\u00e3o e os hor\u00e1rios das apresenta\u00e7\u00f5es musicais:<\/strong><\/p>\n<ul>\n<li dir=\"ltr\" aria-level=\"1\">\n<p dir=\"ltr\" role=\"presentation\">13h30 \u2013 Colo de Deus<\/p>\n<\/li>\n<li dir=\"ltr\" aria-level=\"1\">\n<p dir=\"ltr\" role=\"presentation\">14h \u2013 Frei Gilson<\/p>\n<\/li>\n<li dir=\"ltr\" aria-level=\"1\">\n<p dir=\"ltr\" role=\"presentation\">15h30 \u2013 Padre Marcelo Rossi<\/p>\n<\/li>\n<li dir=\"ltr\" aria-level=\"1\">\n<p dir=\"ltr\" role=\"presentation\">17h20 Jo\u00e3o Gomes<\/p>\n<\/li>\n<li dir=\"ltr\" aria-level=\"1\">\n<p dir=\"ltr\" role=\"presentation\">18h40 \u2013 Belo<\/p>\n<\/li>\n<li dir=\"ltr\" aria-level=\"1\">\n<p dir=\"ltr\" role=\"presentation\">20h \u2013 Maiara e Mara\u00edsa<\/p>\n<\/li>\n<li dir=\"ltr\" aria-level=\"1\">\n<p dir=\"ltr\" role=\"presentation\">21h30 \u2013 Ana Castela<\/p>\n<\/li>\n<li dir=\"ltr\" aria-level=\"1\">\n<p dir=\"ltr\" role=\"presentation\">23h20 \u2013 Simone Mendes (intervalo para os 15 minutos da maior queima de fogos silenciosos j\u00e1 registrada em S\u00e3o Paulo)<\/p>\n<\/li>\n<li dir=\"ltr\" aria-level=\"1\">\n<p dir=\"ltr\" role=\"presentation\">1h40 \u00e0s 2h40 \u2013 Latino<\/p>\n<\/li>\n<\/ul>\n<p>\u00a0<\/p>\n<\/div>\n","protected":false},"excerpt":{"rendered":"<p>O metr\u00f4 de S\u00e3o Paulo vai ter uma opera\u00e7\u00e3o especial nesta quarta-feira (31) e quinta-feira (1) por causa do \u2018R\u00e9veillon na Paulista\u2019 que come\u00e7a \u00e0s 13h30 e vai contar com diversas atra\u00e7\u00f5es musicais. A programa\u00e7\u00e3o \u00e9 gratuita, adequada para toda a fam\u00edlia e prev\u00ea mais de 8 milh\u00f5es de pessoas . Ao todo ser\u00e3o 14 [&hellip;]<\/p>\n","protected":false},"author":117,"featured_media":63435,"comment_status":"closed","ping_status":"closed","sticky":false,"template":"","format":"standard","meta":{"_themeisle_gutenberg_block_has_review":false,"_jetpack_memberships_contains_paid_content":false,"footnotes":""},"categories":[2],"tags":[150],"class_list":{"0":"post-63434","1":"post","2":"type-post","3":"status-publish","4":"format-standard","5":"has-post-thumbnail","7":"category-brasil","8":"tag-brasil"},"jetpack_featured_media_url":"https:\/\/crajubaremacao.com.br\/wp-content\/uploads\/2025\/12\/fup20231127149-750x500-1.jpg","jetpack_sharing_enabled":true,"_links":{"self":[{"href":"https:\/\/crajubaremacao.com.br\/index.php?rest_route=\/wp\/v2\/posts\/63434","targetHints":{"allow":["GET"]}}],"collection":[{"href":"https:\/\/crajubaremacao.com.br\/index.php?rest_route=\/wp\/v2\/posts"}],"about":[{"href":"https:\/\/crajubaremacao.com.br\/index.php?rest_route=\/wp\/v2\/types\/post"}],"author":[{"embeddable":true,"href":"https:\/\/crajubaremacao.com.br\/index.php?rest_route=\/wp\/v2\/users\/117"}],"replies":[{"embeddable":true,"href":"https:\/\/crajubaremacao.com.br\/index.php?rest_route=%2Fwp%2Fv2%2Fcomments&post=63434"}],"version-history":[{"count":0,"href":"https:\/\/crajubaremacao.com.br\/index.php?rest_route=\/wp\/v2\/posts\/63434\/revisions"}],"wp:featuredmedia":[{"embeddable":true,"href":"https:\/\/crajubaremacao.com.br\/index.php?rest_route=\/wp\/v2\/media\/63435"}],"wp:attachment":[{"href":"https:\/\/crajubaremacao.com.br\/index.php?rest_route=%2Fwp%2Fv2%2Fmedia&parent=63434"}],"wp:term":[{"taxonomy":"category","embeddable":true,"href":"https:\/\/crajubaremacao.com.br\/index.php?rest_route=%2Fwp%2Fv2%2Fcategories&post=63434"},{"taxonomy":"post_tag","embeddable":true,"href":"https:\/\/crajubaremacao.com.br\/index.php?rest_route=%2Fwp%2Fv2%2Ftags&post=63434"}],"curies":[{"name":"wp","href":"https:\/\/api.w.org\/{rel}","templated":true}]}}