{"id":63436,"date":"2025-12-31T00:00:55","date_gmt":"2025-12-31T03:00:55","guid":{"rendered":"https:\/\/crajubaremacao.com.br\/?p=63436"},"modified":"2025-12-31T00:00:55","modified_gmt":"2025-12-31T03:00:55","slug":"pf-adia-depoimento-de-bolsonaro-sobre-objetos-encontrados-no-palacio-da-alvorada","status":"publish","type":"post","link":"https:\/\/crajubaremacao.com.br\/?p=63436","title":{"rendered":"PF adia depoimento de Bolsonaro sobre objetos encontrados no Pal\u00e1cio da Alvorada"},"content":{"rendered":"<div>\n<div style=\"margin-bottom: 15px;\"><img decoding=\"async\" class=\"type:primaryImage\" src=\"https:\/\/jpimg.com.br\/uploads\/2025\/07\/age20250718071-750x500.jpg\"><\/div>\n<p><?xml encoding=\"UTF-8\"><\/p>\n<p>A <strong><a href=\"https:\/\/jovempan.com.br\/tag\/pf\">PF<\/a><\/strong> (Pol\u00edcia Federal) adiou o depoimento do ex-presidente <strong><a href=\"https:\/\/jovempan.com.br\/tag\/jair-bolsonaro\">Jair Bolsonaro<\/a><\/strong>, marcado para esta ter\u00e7a-feira (30) no inqu\u00e9rito que apura a origem de objetos e documentos encontrados em um cofre no Pal\u00e1cio da Alvorada. O ex-chefe do Executivo est\u00e1 internado e <strong><a href=\"https:\/\/jovempan.com.br\/noticias\/politica\/bolsonaro-volta-ao-centro-cirurgico-para-nova-intervencao-contra-solucos.html\">passou por um novo procedimento para amenizar um quadro recorrente de solu\u00e7os<\/a><\/strong>.<\/p>\n<p>Na semana passada, o ministro <strong><a href=\"https:\/\/jovempan.com.br\/tag\/alexandre-de-moraes\">Alexandre de Moraes<\/a><\/strong>, do Supremo Tribunal Federal (STF), autorizou a PF a tomar o depoimento do ex-presidente sobre o caso. A Corte informou que n\u00e3o houve despacho do relator adiando a oitiva e que a decis\u00e3o partiu da pr\u00f3pria PF. A corpora\u00e7\u00e3o informou uma nova data do depoimento.<\/p>\n<p>A decis\u00e3o divulgada na semana passada n\u00e3o detalha quais objetos foram encontrados. De acordo com o documento, a PF abriu os cofres em 25 de junho de 2025, ap\u00f3s ser acionada pela Presid\u00eancia da Rep\u00fablica.<\/p>\n<p>Ap\u00f3s o epis\u00f3dio, foi solicitado o depoimento de Bolsonaro para ele esclarecer a origem dos bens. A oitiva estava marcada para as 9h desta ter\u00e7a. O ex-presidente est\u00e1 preso na Superintend\u00eancia da Pol\u00edcia Federal, em Bras\u00edlia, por tentativa de golpe de Estado.<\/p>\n<p><em>*Com informa\u00e7\u00f5es de Estad\u00e3o Conte\u00fado<\/em><\/p>\n<\/div>\n","protected":false},"excerpt":{"rendered":"<p>A PF (Pol\u00edcia Federal) adiou o depoimento do ex-presidente Jair Bolsonaro, marcado para esta ter\u00e7a-feira (30) no inqu\u00e9rito que apura a origem de objetos e documentos encontrados em um cofre no Pal\u00e1cio da Alvorada. O ex-chefe do Executivo est\u00e1 internado e passou por um novo procedimento para amenizar um quadro recorrente de solu\u00e7os. Na semana [&hellip;]<\/p>\n","protected":false},"author":117,"featured_media":63437,"comment_status":"closed","ping_status":"closed","sticky":false,"template":"","format":"standard","meta":{"_themeisle_gutenberg_block_has_review":false,"_jetpack_memberships_contains_paid_content":false,"footnotes":""},"categories":[9],"tags":[129],"class_list":{"0":"post-63436","1":"post","2":"type-post","3":"status-publish","4":"format-standard","5":"has-post-thumbnail","7":"category-politica","8":"tag-politica"},"jetpack_featured_media_url":"https:\/\/crajubaremacao.com.br\/wp-content\/uploads\/2025\/12\/age20250718071-750x500-1.jpg","jetpack_sharing_enabled":true,"_links":{"self":[{"href":"https:\/\/crajubaremacao.com.br\/index.php?rest_route=\/wp\/v2\/posts\/63436","targetHints":{"allow":["GET"]}}],"collection":[{"href":"https:\/\/crajubaremacao.com.br\/index.php?rest_route=\/wp\/v2\/posts"}],"about":[{"href":"https:\/\/crajubaremacao.com.br\/index.php?rest_route=\/wp\/v2\/types\/post"}],"author":[{"embeddable":true,"href":"https:\/\/crajubaremacao.com.br\/index.php?rest_route=\/wp\/v2\/users\/117"}],"replies":[{"embeddable":true,"href":"https:\/\/crajubaremacao.com.br\/index.php?rest_route=%2Fwp%2Fv2%2Fcomments&post=63436"}],"version-history":[{"count":0,"href":"https:\/\/crajubaremacao.com.br\/index.php?rest_route=\/wp\/v2\/posts\/63436\/revisions"}],"wp:featuredmedia":[{"embeddable":true,"href":"https:\/\/crajubaremacao.com.br\/index.php?rest_route=\/wp\/v2\/media\/63437"}],"wp:attachment":[{"href":"https:\/\/crajubaremacao.com.br\/index.php?rest_route=%2Fwp%2Fv2%2Fmedia&parent=63436"}],"wp:term":[{"taxonomy":"category","embeddable":true,"href":"https:\/\/crajubaremacao.com.br\/index.php?rest_route=%2Fwp%2Fv2%2Fcategories&post=63436"},{"taxonomy":"post_tag","embeddable":true,"href":"https:\/\/crajubaremacao.com.br\/index.php?rest_route=%2Fwp%2Fv2%2Ftags&post=63436"}],"curies":[{"name":"wp","href":"https:\/\/api.w.org\/{rel}","templated":true}]}}