{"id":63442,"date":"2025-12-31T03:05:09","date_gmt":"2025-12-31T06:05:09","guid":{"rendered":"https:\/\/crajubaremacao.com.br\/?p=63442"},"modified":"2025-12-31T03:05:09","modified_gmt":"2025-12-31T06:05:09","slug":"prefeitura-de-fortaleza-divulga-funcionamento-dos-servicos-e-orgaos-publicos-municipais-para-os-dias-31-12-1o-1-e-2-1","status":"publish","type":"post","link":"https:\/\/crajubaremacao.com.br\/?p=63442","title":{"rendered":"Prefeitura de Fortaleza divulga funcionamento dos servi\u00e7os e \u00f3rg\u00e3os p\u00fablicos municipais para os dias 31\/12, 1\u00ba\/1 e 2\/1"},"content":{"rendered":"<div>\n<p>\u00a0<\/p>\n<div class=\"conteudo-noticia-wrapper colsec col-12\" style='background-color: white; box-sizing: border-box; color: #333333; float: left; font-family: \"Helvetica Neue\", Helvetica, Arial, sans-serif; font-size: 14px; margin: 0px 0px 20px; position: relative; width: 360px;'>\n<div class=\"conteudo-noticia\" style=\"box-sizing: border-box; padding: 0px 8px;\">\n<h1 style=\"box-sizing: border-box; color: #009889; font-family: Montserrat, arial; letter-spacing: -0.08em; line-height: 1.08em; margin: 0px 0px 0.4em;\">Prefeitura de Fortaleza divulga funcionamento dos servi\u00e7os e \u00f3rg\u00e3os p\u00fablicos municipais para os dias 31\/12, 1\u00ba\/1 e 2\/1<\/h1>\n<h2 style=\"box-sizing: border-box; color: rgba(95, 95, 95, 0.8); font-family: Montserrat, arial; font-size: 1.15em; font-weight: 500; letter-spacing: -0.01em; line-height: 1.2em; margin-bottom: 0.8em; margin-top: 20px;\">Servi\u00e7os essenciais n\u00e3o ser\u00e3o afetados<\/h2>\n<hr style=\"background-color: #009889; background-image: none; border: 0px; box-sizing: border-box; height: 2px; margin: 20px 0px; width: 344px;\">\n<div class=\"compartilha-container\" style=\"box-sizing: border-box; display: flex; float: right;\"><span class=\"compartilha-texto\" style=\"border-radius: 10px; box-sizing: border-box; font-family: Montserrat, arial; margin-right: 5px; margin-top: 5px;\">Compartilhe:<\/span><\/p>\n<ul class=\"redes-sociais\" style=\"box-sizing: border-box; display: flex; float: right; gap: 3px; height: 40px; list-style: none; margin: 0px 0px 16px; padding: 0px; text-align: right;\">\n<li style=\"box-sizing: border-box; display: inline-block; font-family: Montserrat, arial; list-style: none; vertical-align: bottom;\"><a aria-label=\"WhatsApp\" href=\"https:\/\/wa.me\/?text=https:\/\/www.fortaleza.ce.gov.br\/noticias\/prefeitura-de-fortaleza-divulga-funcionamento-dos-servicos-e-orgaos-publicos-municipais-para-os-dias-31-12-1-1-e-2-1\" style=\"background-color: transparent; border-bottom: 4px solid; box-sizing: border-box; color: white; float: left; font-size: 10px; font-weight: bold; height: 16px; line-height: 8px; text-decoration-line: none; text-transform: uppercase; transition: all;\" target=\"_blank\"><svg fill=\"none\" height=\"30px\" viewbox=\"0 0 24 24\" width=\"30px\" xmlns=\"http:\/\/www.w3.org\/2000\/svg\"><circle cx=\"12\" cy=\"12\" fill=\"#009688\" r=\"12\"><\/circle><g transform=\"scale(0.7) translate(5.0, 5.0)\"><path clip-rule=\"evenodd\" d=\"M17.4145 14.3822C17.1173 14.2334 15.6564 13.5147 15.384 13.4153C15.1117 13.3162 14.9136 13.2667 14.7154 13.5641C14.5173 13.8615 13.9478 14.5309 13.7745 14.7293C13.6012 14.9275 13.4278 14.9524 13.1307 14.8036C12.8335 14.6549 11.876 14.3411 10.7411 13.3287C9.85769 12.5407 9.26129 11.5677 9.08799 11.2702C8.91461 10.9727 9.06943 10.8119 9.21822 10.6637C9.35195 10.5306 9.51546 10.3166 9.66399 10.1431C9.81257 9.96961 9.86209 9.84558 9.96114 9.6474C10.0602 9.44899 10.0107 9.27553 9.93634 9.12682C9.86209 8.97808 9.26779 7.51537 9.02016 6.92034C8.77895 6.34096 8.53397 6.41944 8.35157 6.41024C8.17844 6.40165 7.98013 6.39981 7.78207 6.39981C7.58397 6.39981 7.26201 6.47418 6.98958 6.77159C6.71727 7.06908 5.94959 7.78806 5.94959 9.25059C5.94959 10.7133 7.01434 12.1263 7.16296 12.3246C7.31158 12.523 9.25829 15.5244 12.2393 16.8116C12.9482 17.1178 13.5017 17.3006 13.9333 17.4375C14.6451 17.6637 15.2929 17.6318 15.805 17.5552C16.3759 17.47 17.5631 16.8364 17.8107 16.1424C18.0583 15.4481 18.0583 14.8532 17.984 14.7293C17.9097 14.6053 17.7116 14.5309 17.4145 14.3822ZM11.9925 21.7853H11.9886C10.2148 21.7846 8.47517 21.3081 6.9575 20.4075L6.59654 20.1932L2.85541 21.1746L3.85395 17.527L3.61899 17.153C2.62951 15.5792 2.10688 13.7603 2.10765 11.8925C2.10983 6.44257 6.54415 2.0086 11.9965 2.0086C14.6367 2.00954 17.1185 3.03905 18.9849 4.9075C20.8511 6.77582 21.8782 9.25932 21.8772 11.9005C21.875 17.3509 17.4408 21.7853 11.9925 21.7853Z\" fill-rule=\"evenodd\" fill=\"#ffffff\"><\/path><\/g><\/svg><\/a><\/li>\n<li style=\"box-sizing: border-box; display: inline-block; font-family: Montserrat, arial; list-style: none; vertical-align: bottom;\"><a aria-label=\"Facebook\" href=\"https:\/\/www.facebook.com\/sharer\/sharer.php?u=https%3A%2F%2Flocalhost%2Fportal-pmf%2Fnoticias%2Fseguranca%2Fprefeito-sarto-inaugura-centro-de-comando-e-controle-de-fortaleza-com-7-mil-cameras-integradas\" style=\"background-color: transparent; border-bottom: 4px solid; box-sizing: border-box; color: white; float: left; font-size: 10px; font-weight: bold; height: 16px; line-height: 8px; text-decoration-line: none; text-transform: uppercase; transition: all;\" target=\"_blank\"><svg fill=\"none\" height=\"30px\" viewbox=\"0 0 32 32\" width=\"30px\" xmlns=\"http:\/\/www.w3.org\/2000\/svg\"><circle cx=\"16\" cy=\"16\" fill=\"#009688\" r=\"16\"><\/circle><path d=\"M29 16c0-7.18-5.82-13-13-13S3 8.82 3 16c0 6.489 4.759 11.851 11 12.854v-9.091H9.5V16h4.5v-2.635c0-3.104 1.847-4.865 4.677-4.865 1.356 0 2.775.242 2.775.242v3.044h-1.564c-1.542 0-2.023.958-2.023 1.94V16h3.44l-.55 3.763h-2.89v9.091C24.241 27.851 29 22.489 29 16z\" fill=\"#ffffff\" transform=\"scale(0.7) translate(6.8, 6.8)\"><\/path><\/svg><\/a><\/li>\n<li style=\"box-sizing: border-box; display: inline-block; font-family: Montserrat, arial; list-style: none; vertical-align: bottom;\"><a aria-label=\"X (antigo Twitter)\" href=\"https:\/\/twitter.com\/share?text=Prefeito%20Sarto%20inaugura%20Centro%20de%20Comando%20e%20Controle%20de%20Fortaleza%20com%207%20mil%20c%C3%A2meras%20integradas&amp;url=https:\/\/localhost\/portal-pmf\/noticias\/seguranca\/prefeito-sarto-inaugura-centro-de-comando-e-controle-de-fortaleza-com-7-mil-cameras-integradas\" style=\"background-color: transparent; border-bottom: 4px solid; box-sizing: border-box; color: white; float: left; font-size: 10px; font-weight: bold; height: 16px; line-height: 8px; text-decoration-line: none; text-transform: uppercase; transition: all;\" target=\"_blank\"><svg fill=\"none\" height=\"30px\" viewbox=\"0 0 32 32\" width=\"30px\" xmlns=\"http:\/\/www.w3.org\/2000\/svg\"><circle cx=\"16\" cy=\"16\" fill=\"#009688\" r=\"16\"><\/circle><path d=\"M26.37,26l-8.795-12.822l0.015,0.012L25.52,4h-2.65l-6.46,7.48L11.28,4H4.33l8.211,11.971L12.54,15.97L3.88,26h2.65 l7.182-8.322L19.42,26H26.37z M10.23,6l12.34,18h-2.1L8.12,6H10.23z\" fill=\"#ffffff\" transform=\"scale(0.7) translate(8, 8)\"><\/path><\/svg><\/a><\/li>\n<li style=\"box-sizing: border-box; display: inline-block; font-family: Montserrat, arial; list-style: none; vertical-align: bottom;\"><a aria-label=\"YouTube\" href=\"https:\/\/www.linkedin.com\/shareArticle?mini=true&amp;url=Prefeito%20Sarto%20inaugura%20Centro%20de%20Comando%20e%20Controle%20de%20Fortaleza%20com%207%20mil%20c%C3%A2meras%20integradas&amp;url=https:\/\/localhost\/portal-pmf\/noticias\/seguranca\/prefeito-sarto-inaugura-centro-de-comando-e-controle-de-fortaleza-com-7-mil-cameras-integradas\" style=\"background-color: transparent; border-bottom: 4px solid; box-sizing: border-box; color: white; float: left; font-size: 10px; font-weight: bold; height: 16px; line-height: 8px; text-decoration-line: none; text-transform: uppercase; transition: all;\" target=\"_blank\"><svg fill=\"none\" height=\"30px\" viewbox=\"0 0 20 20\" width=\"30px\" xmlns=\"http:\/\/www.w3.org\/2000\/svg\"><circle cx=\"10\" cy=\"10\" fill=\"#009688\" r=\"10\"><\/circle><g transform=\"scale(0.5) translate(10, 10)\"><path d=\"M19.959 11.719v7.379h-4.278v-6.885c0-1.73-.619-2.91-2.167-2.91-1.182 0-1.886.796-2.195 1.565-.113.275-.142.658-.142 1.043v7.187h-4.28s.058-11.66 0-12.869h4.28v1.824l-.028.042h.028v-.042c.568-.875 1.583-2.126 3.856-2.126 2.815 0 4.926 1.84 4.926 5.792zM2.421.026C.958.026 0 .986 0 2.249c0 1.235.93 2.224 2.365 2.224h.028c1.493 0 2.42-.989 2.42-2.224C4.787.986 3.887.026 2.422.026zM.254 19.098h4.278V6.229H.254v12.869z\" fill=\"#ffffff\"><\/path><\/g><\/svg><\/a><\/li>\n<li style=\"box-sizing: border-box; display: inline-block; font-family: Montserrat, arial; list-style: none; vertical-align: bottom;\"><a aria-label=\"Instagram\" href=\"https:\/\/www.instagram.com\/prefeituradefortaleza\" style=\"background-color: transparent; border-bottom: 4px solid; box-sizing: border-box; color: white; float: left; font-size: 10px; font-weight: bold; height: 16px; line-height: 8px; text-decoration-line: none; text-transform: uppercase; transition: all;\" target=\"_blank\"><svg fill=\"none\" height=\"30px\" viewbox=\"0 0 24 24\" width=\"30px\" xmlns=\"http:\/\/www.w3.org\/2000\/svg\"><circle cx=\"12\" cy=\"12\" fill=\"#009688\" r=\"12\"><\/circle><g transform=\"scale(0.70) translate(5, 5)\"><path d=\"M17.34,5.46h0a1.2,1.2,0,1,0,1.2,1.2A1.2,1.2,0,0,0,17.34,5.46Zm4.6,2.42a7.59,7.59,0,0,0-.46-2.43,4.94,4.94,0,0,0-1.16-1.77,4.7,4.7,0,0,0-1.77-1.15,7.3,7.3,0,0,0-2.43-.47C15.06,2,14.72,2,12,2s-3.06,0-4.12.06a7.3,7.3,0,0,0-2.43.47A4.78,4.78,0,0,0,3.68,3.68,4.7,4.7,0,0,0,2.53,5.45a7.3,7.3,0,0,0-.47,2.43C2,8.94,2,9.28,2,12s0,3.06.06,4.12a7.3,7.3,0,0,0,.47,2.43,4.7,4.7,0,0,0,1.15,1.77,4.78,4.78,0,0,0,1.77,1.15,7.3,7.3,0,0,0,2.43.47C8.94,22,9.28,22,12,22s3.06,0,4.12-.06a7.3,7.3,0,0,0,2.43-.47,4.7,4.7,0,0,0,1.77-1.15,4.85,4.85,0,0,0,1.16-1.77,7.59,7.59,0,0,0,.46-2.43c0-1.06.06-1.4.06-4.12S22,8.94,21.94,7.88ZM20.14,16a5.61,5.61,0,0,1-.34,1.86,3.06,3.06,0,0,1-.75,1.15,3.19,3.19,0,0,1-1.15.75,5.61,5.61,0,0,1-1.86.34c-1,.05-1.37.06-4,.06s-3,0-4-.06A5.73,5.73,0,0,1,6.1,19.8,3.27,3.27,0,0,1,5,19.05a3,3,0,0,1-.74-1.15A5.54,5.54,0,0,1,3.86,16c0-1-.06-1.37-.06-4s0-3,.06-4A5.54,5.54,0,0,1,4.21,6.1,3,3,0,0,1,5,5,3.14,3.14,0,0,1,6.1,4.2,5.73,5.73,0,0,1,8,3.86c1,0,1.37-.06,4-.06s3,0,4,.06a5.61,5.61,0,0,1,1.86.34A3.06,3.06,0,0,1,19.05,5,3.06,3.06,0,0,1,19.8,6.1,5.61,5.61,0,0,1,20.14,8c.05,1,.06,1.37.06,4S20.19,15,20.14,16ZM12,6.87A5.13,5.13,0,1,0,17.14,12,5.12,5.12,0,0,0,12,6.87Zm0,8.46A3.33,3.33,0,1,1,15.33,12,3.33,3.33,0,0,1,12,15.33Z\" fill=\"#ffffff\"><\/path><\/g><\/svg><\/a><\/li>\n<\/ul>\n<\/div>\n<div class=\"clear\" style=\"box-sizing: border-box; clear: both;\"><\/div>\n<div class=\"itemFullText\" style=\"box-sizing: border-box;\">\n<p style=\"box-sizing: border-box; color: rgba(95, 95, 95, 0.8); font-family: Montserrat, arial; font-size: 1.15em; letter-spacing: -0.02em; line-height: 1.28em; margin: 0px 0px 10px; padding-bottom: 1.2em;\">\u00a0<\/p>\n<figure class=\"pull-center\" style=\"box-sizing: border-box; display: table; float: none; margin: 0px auto 16px; padding: 8.6px; width: 344px;\"><img decoding=\"async\" alt=\"Dia 31, o expediente ser\u00e1 reduzido,  8h \u00e0s 12h. J\u00e1 2\/1 (sexta-feira) ser\u00e1 ponto facultativo.  das \" height=\"\" src=\"https:\/\/www.fortaleza.ce.gov.br\/images\/images3\/midias\/2025\/Dez25\/4df0c718-a3eb-4734-a1e0-dbb301b1d9c3.jpg\" style=\"border-radius: 10px; border: 0px; box-sizing: border-box; display: block; float: none !important; margin: 0px 0px 16px; max-width: 100%; min-width: 100%; width: 326.8px;\" title=\"Dia 31, o expediente ser\u00e1 reduzido,  8h \u00e0s 12h. J\u00e1 2\/1 (sexta-feira) ser\u00e1 ponto facultativo.  das \" width=\"\"><figcaption style=\"background-color: #d7d7d7; border-radius: 20px; box-sizing: border-box; caption-side: bottom; color: rgba(95, 95, 95, 0.8); display: table-caption; font-family: Montserrat, arial; font-size: 12px; font-style: italic; font-weight: 600; margin: 15px 0px; padding: 7px 15px;\">Dia 31\/12 (quarta-feira), o expediente ser\u00e1 reduzido, 8h \u00e0s 12h. J\u00e1 2\/1 (sexta-feira) ser\u00e1 ponto facultativo.<\/figcaption><\/figure>\n<p style=\"box-sizing: border-box; color: rgba(95, 95, 95, 0.8); font-family: Montserrat, arial; font-size: 1.15em; letter-spacing: -0.02em; line-height: 1.28em; margin: 0px 0px 10px; padding-bottom: 1.2em;\">A Prefeitura de Fortaleza informa o funcionamento dos \u00f3rg\u00e3os e servi\u00e7os municipais nos dias 31 de dezembro de 2025, 1\u00ba de janeiro de 2026 (Dia da Confraterniza\u00e7\u00e3o Universal) e 2 de janeiro de 2026. No dia 31, o expediente ser\u00e1 reduzido, das 8h \u00e0s 12h. J\u00e1 no dia 2 foi decretado ponto facultativo.<\/p>\n<p style=\"box-sizing: border-box; color: rgba(95, 95, 95, 0.8); font-family: Montserrat, arial; font-size: 1.15em; letter-spacing: -0.02em; line-height: 1.28em; margin: 0px 0px 10px; padding-bottom: 1.2em;\">Os servi\u00e7os essenciais, como atendimentos de urg\u00eancia, limpeza p\u00fablica, fiscaliza\u00e7\u00e3o e orienta\u00e7\u00e3o de tr\u00e2nsito, vigil\u00e2ncia e atua\u00e7\u00e3o dos salva-vidas, funcionar\u00e3o normalmente.<\/p>\n<p style=\"box-sizing: border-box; color: rgba(95, 95, 95, 0.8); font-family: Montserrat, arial; font-size: 1.15em; letter-spacing: -0.02em; line-height: 1.28em; margin: 0px 0px 10px; padding-bottom: 1.2em;\"><strong style=\"box-sizing: border-box; font-weight: bold;\">Sa\u00fade<\/strong><\/p>\n<p style=\"box-sizing: border-box; color: rgba(95, 95, 95, 0.8); font-family: Montserrat, arial; font-size: 1.15em; letter-spacing: -0.02em; line-height: 1.28em; margin: 0px 0px 10px; padding-bottom: 1.2em;\"><span style=\"border-radius: 10px; box-sizing: border-box; color: teal;\"><strong style=\"box-sizing: border-box; font-weight: bold;\">Vacina\u00e7\u00e3o<\/strong><\/span><\/p>\n<p style=\"box-sizing: border-box; color: rgba(95, 95, 95, 0.8); font-family: Montserrat, arial; font-size: 1.15em; letter-spacing: -0.02em; line-height: 1.28em; margin: 0px 0px 10px; padding-bottom: 1.2em;\">Entre os dias 1\u00ba e 4 de janeiro, a popula\u00e7\u00e3o de Fortaleza poder\u00e1 atualizar a caderneta de vacina\u00e7\u00e3o, o posto de sa\u00fade Mattos Dourado, funcionar\u00e1 exclusivamente para aplica\u00e7\u00e3o de vacina e distribui\u00e7\u00e3o de medicamentos, das 8h30 \u00e0s 16h30.<\/p>\n<p style=\"box-sizing: border-box; color: rgba(95, 95, 95, 0.8); font-family: Montserrat, arial; font-size: 1.15em; letter-spacing: -0.02em; line-height: 1.28em; margin: 0px 0px 10px; padding-bottom: 1.2em;\">Vacinas dispon\u00edveis<br style=\"box-sizing: border-box;\">BCG, Hepatite B, Rotav\u00edrus, Pentavalente, VIP (Poliomielite), Pneumoc\u00f3cica, Meningoc\u00f3cica C, DTP, Hepatite A, Tr\u00edplice Viral (SCR), Varicela, Febre Amarela, HPV, Meningoc\u00f3cica ACWY, dT, dTpa, Antirr\u00e1bica, Influenza, Dengue e Covid-19.<\/p>\n<p style=\"box-sizing: border-box; color: rgba(95, 95, 95, 0.8); font-family: Montserrat, arial; font-size: 1.15em; letter-spacing: -0.02em; line-height: 1.28em; margin: 0px 0px 10px; padding-bottom: 1.2em;\"><span style=\"border-radius: 10px; box-sizing: border-box; color: teal;\"><strong style=\"box-sizing: border-box; font-weight: bold;\">Atendimento em sa\u00fade<\/strong><\/span><\/p>\n<p style=\"box-sizing: border-box; color: rgba(95, 95, 95, 0.8); font-family: Montserrat, arial; font-size: 1.15em; letter-spacing: -0.02em; line-height: 1.28em; margin: 0px 0px 10px; padding-bottom: 1.2em;\">Os atendimentos de urg\u00eancia, para adultos e crian\u00e7as, ser\u00e3o realizados nas 12 Unidades de Pronto Atendimento (UPAs) de Fortaleza, todas funcionando 24 horas, al\u00e9m do Hospital da Crian\u00e7a de Fortaleza (HCF) para urg\u00eancias pedi\u00e1tricas.<\/p>\n<p style=\"box-sizing: border-box; color: rgba(95, 95, 95, 0.8); font-family: Montserrat, arial; font-size: 1.15em; letter-spacing: -0.02em; line-height: 1.28em; margin: 0px 0px 10px; padding-bottom: 1.2em;\">Casos de emerg\u00eancia cir\u00fargica e traumatol\u00f3gica podem ser atendidos nos hospitais distritais Frotinha Ant\u00f4nio Bezerra, Frotinha Parangaba, Frotinha Messejana e no Instituto Dr. Jos\u00e9 Frota (IJF), para ocorr\u00eancias de alta complexidade.<\/p>\n<p style=\"box-sizing: border-box; color: rgba(95, 95, 95, 0.8); font-family: Montserrat, arial; font-size: 1.15em; letter-spacing: -0.02em; line-height: 1.28em; margin: 0px 0px 10px; padding-bottom: 1.2em;\">O atendimento obst\u00e9trico e ginecol\u00f3gico de urg\u00eancia ser\u00e1 realizado nos Gonzaguinhas do Jos\u00e9 Walter, da Barra e de Messejana, al\u00e9m do atendimento obst\u00e9trico no Hospital e Maternidade Dra. Zilda Arns Neumann (Hospital da Mulher).<\/p>\n<p style=\"box-sizing: border-box; color: rgba(95, 95, 95, 0.8); font-family: Montserrat, arial; font-size: 1.15em; letter-spacing: -0.02em; line-height: 1.28em; margin: 0px 0px 10px; padding-bottom: 1.2em;\"><strong style=\"box-sizing: border-box; font-weight: bold;\"><span style=\"border-radius: 10px; box-sizing: border-box; color: teal;\">Servi\u00e7os no R\u00e9veillon<\/span><\/strong><\/p>\n<p style=\"box-sizing: border-box; color: rgba(95, 95, 95, 0.8); font-family: Montserrat, arial; font-size: 1.15em; letter-spacing: -0.02em; line-height: 1.28em; margin: 0px 0px 10px; padding-bottom: 1.2em;\">A Prefeitura de Fortaleza montou uma opera\u00e7\u00e3o especial de sa\u00fade para o per\u00edodo de fim de ano, com refor\u00e7o de equipes, ambul\u00e2ncias e estruturas de atendimento nos dias 30 e 31 de dezembro, garantindo assist\u00eancia r\u00e1pida em \u00e1reas de grande circula\u00e7\u00e3o.<\/p>\n<p style=\"box-sizing: border-box; color: rgba(95, 95, 95, 0.8); font-family: Montserrat, arial; font-size: 1.15em; letter-spacing: -0.02em; line-height: 1.28em; margin: 0px 0px 10px; padding-bottom: 1.2em;\">No dia 30\/12, cinco Postos M\u00e9dicos Avan\u00e7ados (PMA) estar\u00e3o em funcionamento: tr\u00eas no Aterro da Praia de Iracema, um no Conjunto Cear\u00e1 e um na Areninha de Messejana. A opera\u00e7\u00e3o contar\u00e1 com 10 ambul\u00e2ncias (3 USA, 2 USI e 5 USB) e 66 profissionais.<\/p>\n<p style=\"box-sizing: border-box; color: rgba(95, 95, 95, 0.8); font-family: Montserrat, arial; font-size: 1.15em; letter-spacing: -0.02em; line-height: 1.28em; margin: 0px 0px 10px; padding-bottom: 1.2em;\">No dia 31\/12, tr\u00eas PMAs funcionar\u00e3o no Aterro da Praia de Iracema, com apoio de seis ambul\u00e2ncias (3 USA e 3 USB) e 45 profissionais, garantindo assist\u00eancia durante a virada do ano.<\/p>\n<p style=\"box-sizing: border-box; color: rgba(95, 95, 95, 0.8); font-family: Montserrat, arial; font-size: 1.15em; letter-spacing: -0.02em; line-height: 1.28em; margin: 0px 0px 10px; padding-bottom: 1.2em;\"><strong style=\"box-sizing: border-box; font-weight: bold;\">Tr\u00e2nsito<\/strong><\/p>\n<p style=\"box-sizing: border-box; color: rgba(95, 95, 95, 0.8); font-family: Montserrat, arial; font-size: 1.15em; letter-spacing: -0.02em; line-height: 1.28em; margin: 0px 0px 10px; padding-bottom: 1.2em;\">Por se tratar de um servi\u00e7o essencial, a Autarquia Municipal de Tr\u00e2nsito e Cidadania (AMC) mant\u00e9m o controle do tr\u00e1fego e o patrulhamento das vias com a atua\u00e7\u00e3o dos agentes de tr\u00e2nsito e orientadores de tr\u00e1fego. Em caso de ocorr\u00eancias, a popula\u00e7\u00e3o pode acionar o \u00f3rg\u00e3o pelo n\u00famero 190, da Coordenadoria Integrada de Opera\u00e7\u00f5es de Seguran\u00e7a (Ciops).<\/p>\n<p style=\"box-sizing: border-box; color: rgba(95, 95, 95, 0.8); font-family: Montserrat, arial; font-size: 1.15em; letter-spacing: -0.02em; line-height: 1.28em; margin: 0px 0px 10px; padding-bottom: 1.2em;\">Para a solicita\u00e7\u00e3o de outros servi\u00e7os, como recursos de multas, antecipa\u00e7\u00e3o de penalidade e emiss\u00e3o de credenciais para idosos ou pessoas com defici\u00eancia, a orienta\u00e7\u00e3o \u00e9 utilizar os canais digitais: o aplicativo ou o site AMC Tr\u00e2nsito. Das unidades de atendimento presencial, apenas a Central de Atendimento da AMC, localizada na Av. Juscelino Kubitschek, n\u00ba 5800, no bairro Passar\u00e9, funcionar\u00e1 normalmente na sexta-feira (02\/01).<\/p>\n<p style=\"box-sizing: border-box; color: rgba(95, 95, 95, 0.8); font-family: Montserrat, arial; font-size: 1.15em; letter-spacing: -0.02em; line-height: 1.28em; margin: 0px 0px 10px; padding-bottom: 1.2em;\"><strong style=\"box-sizing: border-box; font-weight: bold;\">Transporte p\u00fablico<\/strong><\/p>\n<p style=\"box-sizing: border-box; color: rgba(95, 95, 95, 0.8); font-family: Montserrat, arial; font-size: 1.15em; letter-spacing: -0.02em; line-height: 1.28em; margin: 0px 0px 10px; padding-bottom: 1.2em;\">Para facilitar o acesso ao R\u00e9veillon 2026. &#8211; Ligado nos 300, a Empresa de Transporte Urbano de Fortaleza (Etufor) disponibilizar\u00e1 uma frota refor\u00e7ada nos dias 30 e 31 de dezembro de 2025. No dia 31, haver\u00e1 um acr\u00e9scimo de 48 \u00f4nibus extras distribu\u00eddos nos terminais de integra\u00e7\u00e3o.<\/p>\n<p style=\"box-sizing: border-box; color: rgba(95, 95, 95, 0.8); font-family: Montserrat, arial; font-size: 1.15em; letter-spacing: -0.02em; line-height: 1.28em; margin: 0px 0px 10px; padding-bottom: 1.2em;\">Al\u00e9m disso, ser\u00e1 aplicada a tarifa social na quarta e quinta-feira (31\/12 e 01\/01), com valores de R$ 3,90 (inteira) e R$ 1,50 (estudantil). A opera\u00e7\u00e3o contar\u00e1 com sete linhas especiais que far\u00e3o o trajeto direto dos terminais ao aterro da Praia de Iracema.<\/p>\n<p style=\"box-sizing: border-box; color: rgba(95, 95, 95, 0.8); font-family: Montserrat, arial; font-size: 1.15em; letter-spacing: -0.02em; line-height: 1.28em; margin: 0px 0px 10px; padding-bottom: 1.2em;\"><strong style=\"box-sizing: border-box; font-weight: bold;\">Assist\u00eancia Social<\/strong><\/p>\n<p style=\"box-sizing: border-box; color: rgba(95, 95, 95, 0.8); font-family: Montserrat, arial; font-size: 1.15em; letter-spacing: -0.02em; line-height: 1.28em; margin: 0px 0px 10px; padding-bottom: 1.2em;\"><span style=\"border-radius: 10px; box-sizing: border-box; color: teal;\"><strong style=\"box-sizing: border-box; font-weight: bold;\">Equipamentos que abrem<\/strong><\/span><\/p>\n<p style=\"box-sizing: border-box; color: rgba(95, 95, 95, 0.8); font-family: Montserrat, arial; font-size: 1.15em; letter-spacing: -0.02em; line-height: 1.28em; margin: 0px 0px 10px; padding-bottom: 1.2em;\">Higiene Cidad\u00e3 1 Equipamento de assist\u00eancia para popula\u00e7\u00e3o em situa\u00e7\u00e3o de rua. Distribui\u00e7\u00e3o de almo\u00e7o (11h) e sopa (16h). Banho e entrega de kits de higiene. Funcionamento de domingo a domingo, das 8h \u00e0s 17h. Endere\u00e7o: Av. Dom Manoel, 1250 \u2013 Centro<\/p>\n<p style=\"box-sizing: border-box; color: rgba(95, 95, 95, 0.8); font-family: Montserrat, arial; font-size: 1.15em; letter-spacing: -0.02em; line-height: 1.28em; margin: 0px 0px 10px; padding-bottom: 1.2em;\">Higiene Cidad\u00e3 2 Equipamento de assist\u00eancia para popula\u00e7\u00e3o em situa\u00e7\u00e3o de rua. Distribui\u00e7\u00e3o de almo\u00e7o (11h) e sopa (16h). Banho e entrega de kits de higiene. Funcionamento de domingo a domingo, das 8h \u00e0s 17h. Endere\u00e7o: Rua Pedro II, 100 \u2013 Jo\u00e3o Pessoa (Parangaba)<\/p>\n<p style=\"box-sizing: border-box; color: rgba(95, 95, 95, 0.8); font-family: Montserrat, arial; font-size: 1.15em; letter-spacing: -0.02em; line-height: 1.28em; margin: 0px 0px 10px; padding-bottom: 1.2em;\">Pousada Social \u2013 I Cirl\u00e2ndio Rodrigues de Oliveira Pernoite, alimenta\u00e7\u00e3o e higiene pessoal de adultos em situa\u00e7\u00e3o de rua. Funcionamento di\u00e1rio, das 20h \u00e0s 7h. Endere\u00e7o: Av. Dom Manoel, 1250 \u2013 Centro<\/p>\n<p style=\"box-sizing: border-box; color: rgba(95, 95, 95, 0.8); font-family: Montserrat, arial; font-size: 1.15em; letter-spacing: -0.02em; line-height: 1.28em; margin: 0px 0px 10px; padding-bottom: 1.2em;\">Pousada Social II \u2013 Meire Hellen de Oliveira Jardim Pernoite, alimenta\u00e7\u00e3o e higiene pessoal de adultos em situa\u00e7\u00e3o de rua. Funcionamento di\u00e1rio, das 20h \u00e0s 7h. Endere\u00e7o: Av. do Imperador, 769 \u2013 Centro<\/p>\n<p style=\"box-sizing: border-box; color: rgba(95, 95, 95, 0.8); font-family: Montserrat, arial; font-size: 1.15em; letter-spacing: -0.02em; line-height: 1.28em; margin: 0px 0px 10px; padding-bottom: 1.2em;\"><span style=\"border-radius: 10px; box-sizing: border-box; color: teal;\"><strong style=\"box-sizing: border-box; font-weight: bold;\">Equipamentos que fecham<\/strong><\/span><\/p>\n<p style=\"box-sizing: border-box; color: rgba(95, 95, 95, 0.8); font-family: Montserrat, arial; font-size: 1.15em; letter-spacing: -0.02em; line-height: 1.28em; margin: 0px 0px 10px; padding-bottom: 1.2em;\">Centros de Refer\u00eancia da Assist\u00eancia Social (CRAS), Centros de Refer\u00eancia Especializados da Assist\u00eancia Social (CREAS), Centros de Refer\u00eancia Especializados para Popula\u00e7\u00e3o em Situa\u00e7\u00e3o de Rua (Centros Pop) e Centro de Conviv\u00eancia para pessoas em situa\u00e7\u00e3o de rua.<\/p>\n<p style=\"box-sizing: border-box; color: rgba(95, 95, 95, 0.8); font-family: Montserrat, arial; font-size: 1.15em; letter-spacing: -0.02em; line-height: 1.28em; margin: 0px 0px 10px; padding-bottom: 1.2em;\">N\u00e3o haver\u00e1 distribui\u00e7\u00e3o de sopa nos refeit\u00f3rios credenciados.<\/p>\n<p style=\"box-sizing: border-box; color: rgba(95, 95, 95, 0.8); font-family: Montserrat, arial; font-size: 1.15em; letter-spacing: -0.02em; line-height: 1.28em; margin: 0px 0px 10px; padding-bottom: 1.2em;\"><strong style=\"box-sizing: border-box; font-weight: bold;\">Mercados p\u00fablicos municipais<\/strong><\/p>\n<p style=\"box-sizing: border-box; color: rgba(95, 95, 95, 0.8); font-family: Montserrat, arial; font-size: 1.15em; letter-spacing: -0.02em; line-height: 1.28em; margin: 0px 0px 10px; padding-bottom: 1.2em;\"><span style=\"border-radius: 10px; box-sizing: border-box; color: teal;\"><strong style=\"box-sizing: border-box; font-weight: bold;\">Mercado Carlito Pamplona<\/strong><\/span><br style=\"box-sizing: border-box;\">Quarta-feira (31\/12): 7h \u00e0s 13h<br style=\"box-sizing: border-box;\">Quinta-feira (01\/01): fechado<br style=\"box-sizing: border-box;\">Sexta-feira (02\/01): 7h \u00e0s 13h<\/p>\n<p style=\"box-sizing: border-box; color: rgba(95, 95, 95, 0.8); font-family: Montserrat, arial; font-size: 1.15em; letter-spacing: -0.02em; line-height: 1.28em; margin: 0px 0px 10px; padding-bottom: 1.2em;\"><span style=\"border-radius: 10px; box-sizing: border-box; color: teal;\"><strong style=\"box-sizing: border-box; font-weight: bold;\">Mercado dos Peixes Vila do Mar<\/strong><\/span><br style=\"box-sizing: border-box;\">Quarta, quinta e sexta-feira (31\/12, 01\/01 e 02\/01): 8h \u00e0s 22h<\/p>\n<p style=\"box-sizing: border-box; color: rgba(95, 95, 95, 0.8); font-family: Montserrat, arial; font-size: 1.15em; letter-spacing: -0.02em; line-height: 1.28em; margin: 0px 0px 10px; padding-bottom: 1.2em;\"><span style=\"border-radius: 10px; box-sizing: border-box; color: teal;\"><strong style=\"box-sizing: border-box; font-weight: bold;\">Feirinha da Beira-Mar<\/strong><\/span><br style=\"box-sizing: border-box;\">Quarta-feira (31\/12): fechado<br style=\"box-sizing: border-box;\">Quinta e sexta-feira (01\/01 e 02\/01): 17h \u00e0s 22h<\/p>\n<p style=\"box-sizing: border-box; color: rgba(95, 95, 95, 0.8); font-family: Montserrat, arial; font-size: 1.15em; letter-spacing: -0.02em; line-height: 1.28em; margin: 0px 0px 10px; padding-bottom: 1.2em;\"><span style=\"border-radius: 10px; box-sizing: border-box; color: teal;\"><strong style=\"box-sizing: border-box; font-weight: bold;\">Mercado Joaquim T\u00e1vora<\/strong><\/span><br style=\"box-sizing: border-box;\">Quarta-feira (31\/12): 7h \u00e0s 14h<br style=\"box-sizing: border-box;\">Quinta-feira (01\/01): fechado<br style=\"box-sizing: border-box;\">Sexta-feira (02\/01): 7h \u00e0s 14h<\/p>\n<p style=\"box-sizing: border-box; color: rgba(95, 95, 95, 0.8); font-family: Montserrat, arial; font-size: 1.15em; letter-spacing: -0.02em; line-height: 1.28em; margin: 0px 0px 10px; padding-bottom: 1.2em;\"><span style=\"border-radius: 10px; box-sizing: border-box; color: teal;\"><strong style=\"box-sizing: border-box; font-weight: bold;\">Mercado da Parangaba<\/strong><\/span><br style=\"box-sizing: border-box;\">Quarta, quinta e sexta-feira (31\/12, 01\/01 e 02\/01): fechado<\/p>\n<p style=\"box-sizing: border-box; color: rgba(95, 95, 95, 0.8); font-family: Montserrat, arial; font-size: 1.15em; letter-spacing: -0.02em; line-height: 1.28em; margin: 0px 0px 10px; padding-bottom: 1.2em;\"><span style=\"border-radius: 10px; box-sizing: border-box; color: teal;\"><strong style=\"box-sizing: border-box; font-weight: bold;\">Mercado Montese<\/strong><\/span><br style=\"box-sizing: border-box;\">Quarta-feira (31\/12): 5h \u00e0s 14h<br style=\"box-sizing: border-box;\">Quinta-feira (01\/01): fechado<br style=\"box-sizing: border-box;\">Sexta-feira (02\/01): 5h \u00e0s 14h<\/p>\n<p style=\"box-sizing: border-box; color: rgba(95, 95, 95, 0.8); font-family: Montserrat, arial; font-size: 1.15em; letter-spacing: -0.02em; line-height: 1.28em; margin: 0px 0px 10px; padding-bottom: 1.2em;\"><span style=\"border-radius: 10px; box-sizing: border-box; color: teal;\"><strong style=\"box-sizing: border-box; font-weight: bold;\">Mercado Cidade dos Funcion\u00e1rios<\/strong><\/span><br style=\"box-sizing: border-box;\">Quarta-feira (31\/12): 7h \u00e0s 17h<br style=\"box-sizing: border-box;\">Quinta-feira (01\/01): fechado<br style=\"box-sizing: border-box;\">Sexta-feira (02\/01): 7h \u00e0s 17h<\/p>\n<p style=\"box-sizing: border-box; color: rgba(95, 95, 95, 0.8); font-family: Montserrat, arial; font-size: 1.15em; letter-spacing: -0.02em; line-height: 1.28em; margin: 0px 0px 10px; padding-bottom: 1.2em;\"><span style=\"border-radius: 10px; box-sizing: border-box; color: teal;\"><strong style=\"box-sizing: border-box; font-weight: bold;\">Mercado de Messejana<\/strong><\/span><br style=\"box-sizing: border-box;\">Quarta-feira (31\/12): 7h \u00e0s 17h<br style=\"box-sizing: border-box;\">Quinta-feira (01\/01): fechado<br style=\"box-sizing: border-box;\">Sexta-feira (02\/01): 7h \u00e0s 17h<\/p>\n<p style=\"box-sizing: border-box; color: rgba(95, 95, 95, 0.8); font-family: Montserrat, arial; font-size: 1.15em; letter-spacing: -0.02em; line-height: 1.28em; margin: 0px 0px 10px; padding-bottom: 1.2em;\"><span style=\"border-radius: 10px; box-sizing: border-box; color: teal;\"><strong style=\"box-sizing: border-box; font-weight: bold;\">Mercado Jos\u00e9 Walter<\/strong><\/span><br style=\"box-sizing: border-box;\">Quarta-feira (31\/12): 6h \u00e0s 14h<br style=\"box-sizing: border-box;\">Quinta-feira (01\/01): fechado<br style=\"box-sizing: border-box;\">Sexta-feira (02\/01): 6h \u00e0s 14h<\/p>\n<p style=\"box-sizing: border-box; color: rgba(95, 95, 95, 0.8); font-family: Montserrat, arial; font-size: 1.15em; letter-spacing: -0.02em; line-height: 1.28em; margin: 0px 0px 10px; padding-bottom: 1.2em;\"><span style=\"border-radius: 10px; box-sizing: border-box; color: teal;\"><strong style=\"box-sizing: border-box; font-weight: bold;\">Mercado Bela Vista<\/strong><\/span><br style=\"box-sizing: border-box;\">Quarta-feira (31\/12): 5h \u00e0s 17h<br style=\"box-sizing: border-box;\">Quinta-feira (01\/01): fechado<br style=\"box-sizing: border-box;\">Sexta-feira (02\/01): 5h \u00e0s 17h<\/p>\n<p style=\"box-sizing: border-box; color: rgba(95, 95, 95, 0.8); font-family: Montserrat, arial; font-size: 1.15em; letter-spacing: -0.02em; line-height: 1.28em; margin: 0px 0px 10px; padding-bottom: 1.2em;\"><span style=\"border-radius: 10px; box-sizing: border-box; color: teal;\"><strong style=\"box-sizing: border-box; font-weight: bold;\">Mercado Central<\/strong><\/span><br style=\"box-sizing: border-box;\">Quarta-feira (31\/12): 8h \u00e0s 18h<br style=\"box-sizing: border-box;\">Quinta-feira (01\/01): fechado<br style=\"box-sizing: border-box;\">Sexta-feira (02\/01): 8h \u00e0s 18h<\/p>\n<p style=\"box-sizing: border-box; color: rgba(95, 95, 95, 0.8); font-family: Montserrat, arial; font-size: 1.15em; letter-spacing: -0.02em; line-height: 1.28em; margin: 0px 0px 10px; padding-bottom: 1.2em;\"><span style=\"border-radius: 10px; box-sizing: border-box; color: teal;\"><strong style=\"box-sizing: border-box; font-weight: bold;\">Mercado S\u00e3o Sebasti\u00e3o<\/strong><\/span><br style=\"box-sizing: border-box;\">Quarta-feira (31\/12): 5h \u00e0s 15h<br style=\"box-sizing: border-box;\">Quinta-feira (01\/01): fechado<br style=\"box-sizing: border-box;\">Sexta-feira (02\/01): 5h \u00e0s 15h<\/p>\n<p style=\"box-sizing: border-box; color: rgba(95, 95, 95, 0.8); font-family: Montserrat, arial; font-size: 1.15em; letter-spacing: -0.02em; line-height: 1.28em; margin: 0px 0px 10px; padding-bottom: 1.2em;\"><span style=\"border-radius: 10px; box-sizing: border-box; color: teal;\"><strong style=\"box-sizing: border-box; font-weight: bold;\">Centro Municipal de Pequenos Neg\u00f3cios (Beco da Poeira)<\/strong><\/span><br style=\"box-sizing: border-box;\">Quarta-feira (31\/12): 8h \u00e0s 17h<br style=\"box-sizing: border-box;\">Quinta-feira (01\/01): fechado<br style=\"box-sizing: border-box;\">Sexta-feira (02\/01): 8h \u00e0s 17h<\/p>\n<p style=\"box-sizing: border-box; color: rgba(95, 95, 95, 0.8); font-family: Montserrat, arial; font-size: 1.15em; letter-spacing: -0.02em; line-height: 1.28em; margin: 0px 0px 10px; padding-bottom: 1.2em;\"><strong style=\"box-sizing: border-box; font-weight: bold;\">Prote\u00e7\u00e3o Animal<\/strong><\/p>\n<p style=\"box-sizing: border-box; color: rgba(95, 95, 95, 0.8); font-family: Montserrat, arial; font-size: 1.15em; letter-spacing: -0.02em; line-height: 1.28em; margin: 0px 0px 10px; padding-bottom: 1.2em;\"><span style=\"border-radius: 10px; box-sizing: border-box; color: teal;\"><strong style=\"box-sizing: border-box; font-weight: bold;\">Cl\u00ednica Jac\u00f3<\/strong><\/span><br style=\"box-sizing: border-box;\">31\/12: aberta para urg\u00eancia e emerg\u00eancia, das 8h \u00e0s 15h (triagem at\u00e9 13h)<br style=\"box-sizing: border-box;\">01\/01: fechada<br style=\"box-sizing: border-box;\">02\/01: aberta para urg\u00eancia e emerg\u00eancia, das 8h \u00e0s 15h (triagem at\u00e9 13h)<\/p>\n<p style=\"box-sizing: border-box; color: rgba(95, 95, 95, 0.8); font-family: Montserrat, arial; font-size: 1.15em; letter-spacing: -0.02em; line-height: 1.28em; margin: 0px 0px 10px; padding-bottom: 1.2em;\"><span style=\"border-radius: 10px; box-sizing: border-box; color: teal;\"><strong style=\"box-sizing: border-box; font-weight: bold;\">VetM\u00f3vel<\/strong><\/span><br style=\"box-sizing: border-box;\">31\/12: funcionamento normal at\u00e9 as 13h<br style=\"box-sizing: border-box;\">01\/01: fechado<br style=\"box-sizing: border-box;\">02\/01: fechado<\/p>\n<p style=\"box-sizing: border-box; color: rgba(95, 95, 95, 0.8); font-family: Montserrat, arial; font-size: 1.15em; letter-spacing: -0.02em; line-height: 1.28em; margin: 0px 0px 10px; padding-bottom: 1.2em;\"><span style=\"border-radius: 10px; box-sizing: border-box; color: black;\"><strong style=\"box-sizing: border-box; font-weight: bold;\">Fiscaliza\u00e7\u00e3o<\/strong><\/span><\/p>\n<p style=\"box-sizing: border-box; color: rgba(95, 95, 95, 0.8); font-family: Montserrat, arial; font-size: 1.15em; letter-spacing: -0.02em; line-height: 1.28em; margin: 0px 0px 10px; padding-bottom: 1.2em;\">No feriado, a Agefis funciona em regime de plant\u00e3o. N\u00e3o h\u00e1 atendimento direto ao p\u00fablico. A popula\u00e7\u00e3o pode realizar den\u00fancias pelo aplicativo Fiscalize Fortaleza (dispon\u00edvel para Android e iOS) ou pela Central 156.<\/p>\n<p style=\"box-sizing: border-box; color: rgba(95, 95, 95, 0.8); font-family: Montserrat, arial; font-size: 1.15em; letter-spacing: -0.02em; line-height: 1.28em; margin: 0px 0px 10px; padding-bottom: 1.2em;\"><strong style=\"box-sizing: border-box; font-weight: bold;\">Turismo<\/strong><\/p>\n<p style=\"box-sizing: border-box; color: rgba(95, 95, 95, 0.8); font-family: Montserrat, arial; font-size: 1.15em; letter-spacing: -0.02em; line-height: 1.28em; margin: 0px 0px 10px; padding-bottom: 1.2em;\"><span style=\"border-radius: 10px; box-sizing: border-box; color: teal;\"><strong style=\"box-sizing: border-box; font-weight: bold;\">Praia Acess\u00edvel<\/strong><\/span><br style=\"box-sizing: border-box;\">Dias 30\/12, 31\/12 e 01\/01: fechada<\/p>\n<p style=\"box-sizing: border-box; color: rgba(95, 95, 95, 0.8); font-family: Montserrat, arial; font-size: 1.15em; letter-spacing: -0.02em; line-height: 1.28em; margin: 0px 0px 10px; padding-bottom: 1.2em;\"><span style=\"border-radius: 10px; box-sizing: border-box; color: teal;\"><strong style=\"box-sizing: border-box; font-weight: bold;\">Casas do Turista<\/strong><\/span><br style=\"box-sizing: border-box;\">Dia 31\/12 e 01\/01: fechadas<br style=\"box-sizing: border-box;\">Demais dias: funcionamento normal, das 8h \u00e0s 20h<\/p>\n<p style=\"box-sizing: border-box; color: rgba(95, 95, 95, 0.8); font-family: Montserrat, arial; font-size: 1.15em; letter-spacing: -0.02em; line-height: 1.28em; margin: 0px 0px 10px; padding-bottom: 1.2em;\"><strong style=\"box-sizing: border-box; font-weight: bold;\">Endere\u00e7os:<\/strong><br style=\"box-sizing: border-box;\">Aeroporto Pinto Martins (Av. Senador Carlos Jereissati, 3000 \u2013 Serrinha)<br style=\"box-sizing: border-box;\">Mercado Central (Av. Alberto Nepomuceno, 199 \u2013 t\u00e9rreo do Mercado \u2013 Centro)<br style=\"box-sizing: border-box;\">Beira-Mar (Av. Beira-Mar, em frente ao n\u00ba 2727 \u2013 Meireles)<br style=\"box-sizing: border-box;\">Estoril (Rua dos Tabajaras, 397 \u2013 Praia de Iracema)<br style=\"box-sizing: border-box;\">10\u00aa Regi\u00e3o Militar (Av. Alberto Nepomuceno \u2013 Centro)<br style=\"box-sizing: border-box;\">Rodovi\u00e1ria (Av. Borges de Melo, 1630 \u2013 F\u00e1tima)<\/p>\n<p style=\"box-sizing: border-box; color: rgba(95, 95, 95, 0.8); font-family: Montserrat, arial; font-size: 1.15em; letter-spacing: -0.02em; line-height: 1.28em; margin: 0px 0px 10px; padding-bottom: 1.2em;\"><strong style=\"box-sizing: border-box; font-weight: bold;\">Outros servi\u00e7os<\/strong><\/p>\n<p style=\"box-sizing: border-box; color: rgba(95, 95, 95, 0.8); font-family: Montserrat, arial; font-size: 1.15em; letter-spacing: -0.02em; line-height: 1.28em; margin: 0px 0px 10px; padding-bottom: 1.2em;\">Nos dias 1\u00ba e 2 de janeiro, o atendimento ao contribuinte estar\u00e1 dispon\u00edvel exclusivamente por meio do canal \u201cFale com a Sefin\u201d, na aba Servi\u00e7os do site da Secretaria. O cidad\u00e3o poder\u00e1 registrar sua demanda, com possibilidade de anexar documentos, quando necess\u00e1rio. O retorno ocorrer\u00e1 em at\u00e9 48 horas, a partir do primeiro dia \u00fatil ap\u00f3s a solicita\u00e7\u00e3o. O atendimento presencial, no pr\u00e9dio da Sefin, n\u00e3o estar\u00e1 dispon\u00edvel nesses dias.<\/p>\n<p style=\"box-sizing: border-box; color: rgba(95, 95, 95, 0.8); font-family: Montserrat, arial; font-size: 1.15em; letter-spacing: -0.02em; line-height: 1.28em; margin: 0px 0px 10px; padding-bottom: 1.2em;\">O Procon Fortaleza funcionar\u00e1 normalmente, das 8h \u00e0s 17h, exceto nas unidades do Vapt Vupt e da C\u00e2mara Municipal de Fortaleza.<\/p>\n<div><\/div>\n<\/div>\n<div class=\"clear\" style=\"box-sizing: border-box; clear: both;\"><\/div>\n<\/div>\n<div class=\"clear\" style=\"box-sizing: border-box; clear: both;\"><\/div>\n<\/div>\n<div class=\"clear\" style='background-color: white; box-sizing: border-box; clear: both; color: #333333; font-family: \"Helvetica Neue\", Helvetica, Arial, sans-serif; font-size: 14px;'><\/div>\n<div class=\"taxonomy\" style='background-color: white; box-sizing: border-box; color: #333333; font-family: \"Helvetica Neue\", Helvetica, Arial, sans-serif; font-size: 14px;'>\n<div style=\"box-sizing: border-box; margin-bottom: 10px;\"><span class=\"fa fa-tags\" style=\"-webkit-font-smoothing: antialiased; box-sizing: border-box; display: inline-block; font-family: FontAwesome; font-feature-settings: normal; font-kerning: auto; font-language-override: normal; font-optical-sizing: auto; font-size-adjust: none; font-size: inherit; font-stretch: normal; font-variant-alternates: normal; font-variant-east-asian: normal; font-variant-emoji: normal; font-variant-numeric: normal; font-variant-position: normal; font-variation-settings: normal; line-height: 1; margin-left: 10px; text-rendering: auto; transition: 320ms;\" title=\"Tags\"><\/span><\/div>\n<\/div>\n<\/div>\n","protected":false},"excerpt":{"rendered":"<p>\u00a0 Prefeitura de Fortaleza divulga funcionamento dos servi\u00e7os e \u00f3rg\u00e3os p\u00fablicos municipais para os dias 31\/12, 1\u00ba\/1 e 2\/1 Servi\u00e7os essenciais n\u00e3o ser\u00e3o afetados Compartilhe: \u00a0 Dia 31\/12 (quarta-feira), o expediente ser\u00e1 reduzido, 8h \u00e0s 12h. J\u00e1 2\/1 (sexta-feira) ser\u00e1 ponto facultativo. A Prefeitura de Fortaleza informa o funcionamento dos \u00f3rg\u00e3os e servi\u00e7os municipais nos [&hellip;]<\/p>\n","protected":false},"author":88,"featured_media":63443,"comment_status":"closed","ping_status":"closed","sticky":false,"template":"","format":"standard","meta":{"_themeisle_gutenberg_block_has_review":false,"_jetpack_memberships_contains_paid_content":false,"footnotes":""},"categories":[4],"tags":[127,130],"class_list":{"0":"post-63442","1":"post","2":"type-post","3":"status-publish","4":"format-standard","5":"has-post-thumbnail","7":"category-regiao","8":"tag-cariri","9":"tag-ceara"},"jetpack_featured_media_url":"https:\/\/crajubaremacao.com.br\/wp-content\/uploads\/2025\/12\/4df0c718-a3eb-4734-a1e0-dbb301b1d9c3.jpg","jetpack_sharing_enabled":true,"_links":{"self":[{"href":"https:\/\/crajubaremacao.com.br\/index.php?rest_route=\/wp\/v2\/posts\/63442","targetHints":{"allow":["GET"]}}],"collection":[{"href":"https:\/\/crajubaremacao.com.br\/index.php?rest_route=\/wp\/v2\/posts"}],"about":[{"href":"https:\/\/crajubaremacao.com.br\/index.php?rest_route=\/wp\/v2\/types\/post"}],"author":[{"embeddable":true,"href":"https:\/\/crajubaremacao.com.br\/index.php?rest_route=\/wp\/v2\/users\/88"}],"replies":[{"embeddable":true,"href":"https:\/\/crajubaremacao.com.br\/index.php?rest_route=%2Fwp%2Fv2%2Fcomments&post=63442"}],"version-history":[{"count":0,"href":"https:\/\/crajubaremacao.com.br\/index.php?rest_route=\/wp\/v2\/posts\/63442\/revisions"}],"wp:featuredmedia":[{"embeddable":true,"href":"https:\/\/crajubaremacao.com.br\/index.php?rest_route=\/wp\/v2\/media\/63443"}],"wp:attachment":[{"href":"https:\/\/crajubaremacao.com.br\/index.php?rest_route=%2Fwp%2Fv2%2Fmedia&parent=63442"}],"wp:term":[{"taxonomy":"category","embeddable":true,"href":"https:\/\/crajubaremacao.com.br\/index.php?rest_route=%2Fwp%2Fv2%2Fcategories&post=63442"},{"taxonomy":"post_tag","embeddable":true,"href":"https:\/\/crajubaremacao.com.br\/index.php?rest_route=%2Fwp%2Fv2%2Ftags&post=63442"}],"curies":[{"name":"wp","href":"https:\/\/api.w.org\/{rel}","templated":true}]}}