{"id":63444,"date":"2025-12-31T05:11:37","date_gmt":"2025-12-31T08:11:37","guid":{"rendered":"https:\/\/crajubaremacao.com.br\/?p=63444"},"modified":"2025-12-31T05:11:37","modified_gmt":"2025-12-31T08:11:37","slug":"acao-integrada-da-pcce-e-da-pmce-prende-suspeito-de-chefiar-grupo-criminoso-especializado-em-furtos-de-caminhonetes","status":"publish","type":"post","link":"https:\/\/crajubaremacao.com.br\/?p=63444","title":{"rendered":"A\u00e7\u00e3o integrada da PCCE e da PMCE prende suspeito de chefiar grupo criminoso especializado em furtos de caminhonetes"},"content":{"rendered":"<div>\n<p><span style=\"font-weight: 400\">Uma a\u00e7\u00e3o conjunta da Pol\u00edcia Civil do Estado do Cear\u00e1 (PCCE), com atua\u00e7\u00e3o do Departamento de Combate a Crimes Contra o Patrim\u00f4nio (Depatri) e da Pol\u00edcia Militar do Cear\u00e1 (PMCE), resultou, no \u00faltimo s\u00e1bado (27), na pris\u00e3o de um homem suspeito de chefiar um grupo criminoso especializado no furto de caminhonetes de alto valor. A captura ocorreu no bairro Parangaba \u2013 \u00c1rea Integrada de Seguran\u00e7a 5 (AIS 5) de Fortaleza.<\/span><\/p>\n<p><span style=\"font-weight: 400\">O suspeito, um homem de 29 anos, que j\u00e1 responde por tr\u00e1fico de drogas, fraude processual e recepta\u00e7\u00e3o, \u00e9 apontado como integrante de um grupo criminoso, com atua\u00e7\u00e3o internacional, especializado em furtos de camionetes de luxo com o uso de tecnologia. O homem foi capturado em Fortaleza, ap\u00f3s uma abordagem de rotina da Pol\u00edcia Militar, no bairro Parangaba. O suspeito tamb\u00e9m era foragido da Justi\u00e7a no estado do Rio de Janeiro.<\/span><\/p>\n<h3>Capital e RMF<\/h3>\n<p><span style=\"font-weight: 400\">A Delegacia de Pol\u00edcia Civil de Furtos de Roubos e Ve\u00edculos (DRFV) identificou que o grupo atuava no Cear\u00e1, principalmente na Capital e Regi\u00e3o Metropolitana, furtando camionetes de luxo no estado para vend\u00ea-las e troc\u00e1-las por drogas no Paraguai e na Bol\u00edvia. A investiga\u00e7\u00e3o tamb\u00e9m rastreou as atividades criminosas no Distrito Federal. Com o cumprimento da pris\u00e3o, a PCCE desarticulou a atua\u00e7\u00e3o criminosa, que j\u00e1 era alvo de investiga\u00e7\u00e3o, e que tamb\u00e9m apontava que o grupo criminoso era envolvido com tr\u00e1fico de drogas e de armas.<\/span><\/p>\n<p><span style=\"font-weight: 400\">O investigado responder\u00e1 por associa\u00e7\u00e3o criminosa, lavagem de dinheiro, furto qualificado pela participa\u00e7\u00e3o de duas ou mais pessoas e por meio de fraude com o uso de dispositivo eletr\u00f4nico, al\u00e9m de roubo qualificado.<\/span><\/p>\n<h3>Den\u00fancias<\/h3>\n<p><span style=\"font-weight: 400\">A popula\u00e7\u00e3o pode contribuir com as investiga\u00e7\u00f5es repassando informa\u00e7\u00f5es que auxiliem os trabalhos policiais. As informa\u00e7\u00f5es podem ser direcionadas para o n\u00famero 181, o Disque-Den\u00fancia da Secretaria da Seguran\u00e7a P\u00fablica e Defesa Social (SSPDS), ou para o (85)3101-0181, que \u00e9 o n\u00famero de WhatsApp, pelo qual podem ser feitas den\u00fancias via mensagem, \u00e1udio, v\u00eddeo e fotografia ou ainda via \u201ce-den\u00fancia\u201d, o site do <a href=\"https:\/\/disquedenuncia181.sspds.ce.gov.br\/\" target=\"_blank\" rel=\"noopener\">servi\u00e7o 181<\/a>, por meio do endere\u00e7o eletr\u00f4nico.<\/span><\/p>\n<p><span style=\"font-weight: 400\">As informa\u00e7\u00f5es tamb\u00e9m podem ser encaminhadas para os telefones (85) 3101-2489, (85) 98415-6309, ambos da Delegacia de Roubos e Furtos de Ve\u00edculos e Cargas (DRFV). O sigilo e o anonimato s\u00e3o garantidos.<\/span><\/p>\n<p>O post <a href=\"https:\/\/www.ceara.gov.br\/2025\/12\/30\/acao-integrada-da-pcce-e-da-pmce-prende-suspeito-de-chefiar-grupo-criminoso-especializado-em-furtos-de-caminhonetes\/\">A\u00e7\u00e3o integrada da PCCE e da PMCE prende suspeito de chefiar grupo criminoso especializado em furtos de caminhonetes<\/a> apareceu primeiro em <a href=\"https:\/\/www.ceara.gov.br\/\">Governo do Estado do Cear\u00e1<\/a>.<\/p>\n<\/div>\n","protected":false},"excerpt":{"rendered":"<p>Uma a\u00e7\u00e3o conjunta da Pol\u00edcia Civil do Estado do Cear\u00e1 (PCCE), com atua\u00e7\u00e3o do Departamento de Combate a Crimes Contra o Patrim\u00f4nio (Depatri) e da Pol\u00edcia Militar do Cear\u00e1 (PMCE), resultou, no \u00faltimo s\u00e1bado (27), na pris\u00e3o de um homem suspeito de chefiar um grupo criminoso especializado no furto de caminhonetes de alto valor. A [&hellip;]<\/p>\n","protected":false},"author":265,"featured_media":0,"comment_status":"closed","ping_status":"closed","sticky":false,"template":"","format":"standard","meta":{"_themeisle_gutenberg_block_has_review":false,"_jetpack_memberships_contains_paid_content":false,"footnotes":""},"categories":[4],"tags":[127,130],"class_list":{"0":"post-63444","1":"post","2":"type-post","3":"status-publish","4":"format-standard","6":"category-regiao","7":"tag-cariri","8":"tag-ceara"},"jetpack_featured_media_url":"","jetpack_sharing_enabled":true,"_links":{"self":[{"href":"https:\/\/crajubaremacao.com.br\/index.php?rest_route=\/wp\/v2\/posts\/63444","targetHints":{"allow":["GET"]}}],"collection":[{"href":"https:\/\/crajubaremacao.com.br\/index.php?rest_route=\/wp\/v2\/posts"}],"about":[{"href":"https:\/\/crajubaremacao.com.br\/index.php?rest_route=\/wp\/v2\/types\/post"}],"author":[{"embeddable":true,"href":"https:\/\/crajubaremacao.com.br\/index.php?rest_route=\/wp\/v2\/users\/265"}],"replies":[{"embeddable":true,"href":"https:\/\/crajubaremacao.com.br\/index.php?rest_route=%2Fwp%2Fv2%2Fcomments&post=63444"}],"version-history":[{"count":0,"href":"https:\/\/crajubaremacao.com.br\/index.php?rest_route=\/wp\/v2\/posts\/63444\/revisions"}],"wp:attachment":[{"href":"https:\/\/crajubaremacao.com.br\/index.php?rest_route=%2Fwp%2Fv2%2Fmedia&parent=63444"}],"wp:term":[{"taxonomy":"category","embeddable":true,"href":"https:\/\/crajubaremacao.com.br\/index.php?rest_route=%2Fwp%2Fv2%2Fcategories&post=63444"},{"taxonomy":"post_tag","embeddable":true,"href":"https:\/\/crajubaremacao.com.br\/index.php?rest_route=%2Fwp%2Fv2%2Ftags&post=63444"}],"curies":[{"name":"wp","href":"https:\/\/api.w.org\/{rel}","templated":true}]}}