{"id":63478,"date":"2026-01-01T00:05:23","date_gmt":"2026-01-01T03:05:23","guid":{"rendered":"https:\/\/crajubaremacao.com.br\/?p=63478"},"modified":"2026-01-01T00:05:23","modified_gmt":"2026-01-01T03:05:23","slug":"defesa-de-bolsonaro-volta-a-pedir-prisao-domiciliar-sob-alegacao-risco-de-saude","status":"publish","type":"post","link":"https:\/\/crajubaremacao.com.br\/?p=63478","title":{"rendered":"Defesa de Bolsonaro volta a pedir pris\u00e3o domiciliar sob alega\u00e7\u00e3o \u2018risco de sa\u00fade\u2019"},"content":{"rendered":"<div>\n<div style=\"margin-bottom: 15px;\"><img decoding=\"async\" class=\"type:primaryImage\" src=\"https:\/\/jpimg.com.br\/uploads\/2025\/09\/bolsonaro-750x439.png\"><\/div>\n<p><?xml encoding=\"UTF-8\"><\/p>\n<p>A defesa do ex-presidente <a href=\"https:\/\/jovempan.com.br\/tag\/jair-bolsonaro\" target=\"_blank\" rel=\"noopener noreferrer\"><strong>Jair Bolsonaro<\/strong><\/a> pediu nesta quarta-feira (31) ao <a href=\"https:\/\/jovempan.com.br\/tag\/stf\" target=\"_blank\" rel=\"noopener noreferrer\"><strong>Supremo Tribunal Federal (STF)<\/strong><\/a> que o ex-presidente possa cumprir sua pena em regime domiciliar por \u201crisco concreto de agravamento\u201d de sua sa\u00fade, ap\u00f3s ele passar mais de uma semana hospitalizado em Bras\u00edlia. \u201cA perman\u00eancia desse paciente em estabelecimento prisional, t\u00e3o logo obtenha alta hospitalar, submeter-lhe-ia a risco concreto de agravamento s\u00fabito do estado de sa\u00fade\u201d, diz a peti\u00e7\u00e3o.<\/p>\n<p>O STF condenou em setembro o ex-presidente a 27 anos de pris\u00e3o por liderar um plano frustrado para se manter no poder, ap\u00f3s perder as elei\u00e7\u00f5es para o presidente Luiz In\u00e1cio Lula da Silva (PT), em 2022. Bolsonaro, de 70 anos, foi operado em 25 de dezembro de uma h\u00e9rnia inguinal e depois realizou um procedimento contra suas crises recorrentes de solu\u00e7o.\u00a0Os m\u00e9dicos informaram nesta quarta que est\u00e1 previsto que ele retorne para sua cela na Superintend\u00eancia da Pol\u00edcia Federal em Bras\u00edlia na quinta-feira (1\u00ba).<\/p>\n<div class=\"cta-model cta-model2\" name=\"model2\">\n<div class=\"cta-container-general\">\n<div class=\"cta-container-model2\">\n<div class=\"container-image-text\">\n<div class=\"container-img\">\n                    <img decoding=\"async\" id=\"cta-image\" editable=\"true\" name=\"Imagem:\" src=\"https:\/\/s.jpimg.com.br\/wp-content\/plugins\/CTA-posts-selector\/assets\/images\/640_4anos-JPNews.jpg\" alt=\"cta_logo_jp\">\n                <\/div>\n<div class=\"container-title\">\n                    <span id=\"cta-text\" editable=\"true\" name=\"Conte\u00fado:\">Siga o canal da Jovem Pan News e receba as principais not\u00edcias no seu WhatsApp!<\/span>\n                <\/div>\n<\/p><\/div>\n<div class=\"cta-container-link\">\n<div class=\"cta-container-space\"><\/div>\n<p>                <a id=\"cta-link\" editable=\"true\" name=\"Link%20do%20bot%C3%A3o:\" target=\"_blank\" href=\"https:\/\/www.whatsapp.com\/channel\/0029VaAxUvrGJP8Fz9QZH93S\"><\/p>\n<div class=\"container-button\">\n                        <span id=\"cta-text2\" editable=\"true\" name=\"Texto do bot\u00e3o:\">WhatsApp<\/span>\n                    <\/div>\n<div class=\"container-icon\">\n                        <i id=\"cta-icon\" name=\"\u00cdcone do bot\u00e3o:\" editable=\"true\" class=\"fa-brands fa-whatsapp\"><\/i>\n                    <\/div>\n<p>                <\/a>\n            <\/div>\n<\/div>\n<\/div>\n<\/div>\n<p>Preso desde novembro, o ex-presidente (2019-2022) enfrenta h\u00e1 anos as sequelas de uma facada que sofreu na barriga durante um ato de campanha em 2018, e que exigiu que ele passasse por v\u00e1rias cirurgias.\u00a0Esta hospitaliza\u00e7\u00e3o de nove dias foi sua primeira sa\u00edda desde que passou a cumprir pena na Superintend\u00eancia da PF em Bras\u00edlia. \u201cA execu\u00e7\u00e3o penal n\u00e3o pode \u2014 nem deve \u2014 converter-se em instrumento de exposi\u00e7\u00e3o indevida do apenado a riscos m\u00e9dicos relevantes e evit\u00e1veis\u201d, argumentam os advogados na peti\u00e7\u00e3o.<\/p>\n<div class=\"list-related-posts\">\n<h3>Leia tamb\u00e9m<\/h3>\n<div class=\"related-posts-container\">\n<div class=\"related-post-item-container\">\n<div class=\"related-post\">\n<div class=\"img-related-box\">\n                                            <strong><a href=\"https:\/\/jovempan.com.br\/noticias\/politica\/bolsonaro-deve-continuar-tratamento-contra-solucos-com-medicamentos.html\" title=\"Bolsonaro deve continuar tratamento contra solu\u00e7os com medicamentos\"><img decoding=\"async\" src=\"https:\/\/jpimg.com.br\/uploads\/2025\/09\/afp__20250914__74gd338__v2__highres__brazilpoliticsjusticetrialcoup.jpg\"><\/a><\/strong>\n                                        <\/div>\n<p>                                        <span class=\"box-the-title\"><br \/>\n                                            <strong><a href=\"https:\/\/jovempan.com.br\/noticias\/politica\/bolsonaro-deve-continuar-tratamento-contra-solucos-com-medicamentos.html\" title=\"Bolsonaro deve continuar tratamento contra solu\u00e7os com medicamentos\">Bolsonaro deve continuar tratamento contra solu\u00e7os com medicamentos<\/a><\/strong><br \/>\n                                        <\/span>\n                                    <\/div>\n<div class=\"related-post\">\n<div class=\"img-related-box\">\n                                            <strong><a href=\"https:\/\/jovempan.com.br\/noticias\/politica\/bolsonaro-apresenta-melhora-e-deve-receber-alta-no-dia-1o-de-janeiro.html\" title=\"Bolsonaro apresenta melhora e deve receber alta no dia 1\u00ba de janeiro\"><img decoding=\"async\" src=\"https:\/\/jpimg.com.br\/uploads\/2025\/09\/age20250911060.jpg\"><\/a><\/strong>\n                                        <\/div>\n<p>                                        <span class=\"box-the-title\"><br \/>\n                                            <strong><a href=\"https:\/\/jovempan.com.br\/noticias\/politica\/bolsonaro-apresenta-melhora-e-deve-receber-alta-no-dia-1o-de-janeiro.html\" title=\"Bolsonaro apresenta melhora e deve receber alta no dia 1\u00ba de janeiro\">Bolsonaro apresenta melhora e deve receber alta no dia 1\u00ba de janeiro<\/a><\/strong><br \/>\n                                        <\/span>\n                                    <\/div>\n<\/p><\/div>\n<\/p><\/div>\n<\/p><\/div>\n<p>*Com informa\u00e7\u00f5es da AFP<\/p>\n<\/div>\n","protected":false},"excerpt":{"rendered":"<p>A defesa do ex-presidente Jair Bolsonaro pediu nesta quarta-feira (31) ao Supremo Tribunal Federal (STF) que o ex-presidente possa cumprir sua pena em regime domiciliar por \u201crisco concreto de agravamento\u201d de sua sa\u00fade, ap\u00f3s ele passar mais de uma semana hospitalizado em Bras\u00edlia. \u201cA perman\u00eancia desse paciente em estabelecimento prisional, t\u00e3o logo obtenha alta hospitalar, [&hellip;]<\/p>\n","protected":false},"author":117,"featured_media":63479,"comment_status":"closed","ping_status":"closed","sticky":false,"template":"","format":"standard","meta":{"_themeisle_gutenberg_block_has_review":false,"_jetpack_memberships_contains_paid_content":false,"footnotes":""},"categories":[9],"tags":[129],"class_list":{"0":"post-63478","1":"post","2":"type-post","3":"status-publish","4":"format-standard","5":"has-post-thumbnail","7":"category-politica","8":"tag-politica"},"jetpack_featured_media_url":"https:\/\/crajubaremacao.com.br\/wp-content\/uploads\/2026\/01\/bolsonaro-750x439-1.png","jetpack_sharing_enabled":true,"_links":{"self":[{"href":"https:\/\/crajubaremacao.com.br\/index.php?rest_route=\/wp\/v2\/posts\/63478","targetHints":{"allow":["GET"]}}],"collection":[{"href":"https:\/\/crajubaremacao.com.br\/index.php?rest_route=\/wp\/v2\/posts"}],"about":[{"href":"https:\/\/crajubaremacao.com.br\/index.php?rest_route=\/wp\/v2\/types\/post"}],"author":[{"embeddable":true,"href":"https:\/\/crajubaremacao.com.br\/index.php?rest_route=\/wp\/v2\/users\/117"}],"replies":[{"embeddable":true,"href":"https:\/\/crajubaremacao.com.br\/index.php?rest_route=%2Fwp%2Fv2%2Fcomments&post=63478"}],"version-history":[{"count":0,"href":"https:\/\/crajubaremacao.com.br\/index.php?rest_route=\/wp\/v2\/posts\/63478\/revisions"}],"wp:featuredmedia":[{"embeddable":true,"href":"https:\/\/crajubaremacao.com.br\/index.php?rest_route=\/wp\/v2\/media\/63479"}],"wp:attachment":[{"href":"https:\/\/crajubaremacao.com.br\/index.php?rest_route=%2Fwp%2Fv2%2Fmedia&parent=63478"}],"wp:term":[{"taxonomy":"category","embeddable":true,"href":"https:\/\/crajubaremacao.com.br\/index.php?rest_route=%2Fwp%2Fv2%2Fcategories&post=63478"},{"taxonomy":"post_tag","embeddable":true,"href":"https:\/\/crajubaremacao.com.br\/index.php?rest_route=%2Fwp%2Fv2%2Ftags&post=63478"}],"curies":[{"name":"wp","href":"https:\/\/api.w.org\/{rel}","templated":true}]}}