{"id":63480,"date":"2026-01-01T00:05:34","date_gmt":"2026-01-01T03:05:34","guid":{"rendered":"https:\/\/crajubaremacao.com.br\/?p=63480"},"modified":"2026-01-01T00:05:34","modified_gmt":"2026-01-01T03:05:34","slug":"apagao-afetou-quase-um-milhao-de-usuarios-em-buenos-aires-sob-calor-extremo","status":"publish","type":"post","link":"https:\/\/crajubaremacao.com.br\/?p=63480","title":{"rendered":"Apag\u00e3o afetou quase um milh\u00e3o de usu\u00e1rios em Buenos Aires sob calor extremo"},"content":{"rendered":"<div><img decoding=\"async\" src=\"https:\/\/s2-g1.glbimg.com\/aQPOPvIqcdO72H92VwdHf4aYchs=\/i.s3.glbimg.com\/v1\/AUTH_59edd422c0c84a879bd37670ae4f538a\/internal_photos\/bs\/2025\/2\/y\/wOXM5ASY2GrIiRzutAEA\/juan-pablo-mascanfroni-cjvgl9hmsw-unsplash.jpg\"><br \/>     Buenos Aires, Argentina<br \/>\nUnsplase\/Juan Pablo Mascanfroni<br \/>\nQuase um milh\u00e3o de usu\u00e1rios ficaram sem energia el\u00e9trica em Buenos Aires e sua populosa periferia na madrugada desta quarta-feira (31) devido a problemas de tens\u00e3o em meio a uma forte demanda pelo calor sufocante do ver\u00e3o no hemisf\u00e9rio sul.<br \/>\nSegundo o \u00f3rg\u00e3o regulador de eletricidade, o pico do apag\u00e3o se prolongou por quase quatro horas, com temperaturas que beiraram os 30\u202f\u00b0C durante a noite.<br \/>\nA concession\u00e1ria privada de eletricidade Edesur informou que o servi\u00e7o foi restabelecido por etapas e, ao meio-dia desta quarta-feira, apenas alguns milhares de usu\u00e1rios ainda estavam sem abastecimento.<br \/>\nA Edesur informou que mobilizou &#8220;uma opera\u00e7\u00e3o especial para atender \u00e0s falhas relacionadas \u00e0 alta demanda devido \u00e0 onda de calor na v\u00e9spera do Ano Novo&#8221;.<br \/>\n\u2705 Siga o canal de not\u00edcias internacionais do g1 no WhatsApp<br \/>\nVeja os v\u00eddeos que est\u00e3o em alta no g1<br \/>\nO apag\u00e3o deixou o emblem\u00e1tico Obelisco de Buenos Aires na penumbra e afetou uma ampla \u00e1rea no populoso cintur\u00e3o que circunda a capital argentina.<br \/>\nApag\u00e3o e aumento de tarifa<br \/>\nA interrup\u00e7\u00e3o do fornecimento ocorreu simultaneamente ao an\u00fancio de novos aumentos nas tarifas de energia el\u00e9trica, que subir\u00e3o 2% a partir de 1\u00ba de janeiro.<br \/>\nEm bairros de classe m\u00e9dia da capital argentina, grupos de moradores e comerciantes protestaram batendo em panelas nas esquinas de suas ruas.<br \/>\nNesta quarta-feira (31) s\u00e3o esperadas temperaturas de 38\u00ba C na capital argentina e arredores, segundo o servi\u00e7o meteorol\u00f3gico nacional.<br \/>\nVeja mais:<br \/>\nO experimento contra a solid\u00e3o na Su\u00e9cia que paga para as pessoas tirarem &#8216;hora da amizade&#8217; no trabalho<\/div>\n","protected":false},"excerpt":{"rendered":"<p>Buenos Aires, Argentina Unsplase\/Juan Pablo Mascanfroni Quase um milh\u00e3o de usu\u00e1rios ficaram sem energia el\u00e9trica em Buenos Aires e sua populosa periferia na madrugada desta quarta-feira (31) devido a problemas de tens\u00e3o em meio a uma forte demanda pelo calor sufocante do ver\u00e3o no hemisf\u00e9rio sul. Segundo o \u00f3rg\u00e3o regulador de eletricidade, o pico do [&hellip;]<\/p>\n","protected":false},"author":261,"featured_media":63481,"comment_status":"closed","ping_status":"closed","sticky":false,"template":"","format":"standard","meta":{"_themeisle_gutenberg_block_has_review":false,"_jetpack_memberships_contains_paid_content":false,"footnotes":""},"categories":[5],"tags":[155],"class_list":{"0":"post-63480","1":"post","2":"type-post","3":"status-publish","4":"format-standard","5":"has-post-thumbnail","7":"category-internacionais","8":"tag-mundo"},"jetpack_featured_media_url":"https:\/\/crajubaremacao.com.br\/wp-content\/uploads\/2026\/01\/juan-pablo-mascanfroni-cjvgl9hmsw-unsplash-scaled.jpg","jetpack_sharing_enabled":true,"_links":{"self":[{"href":"https:\/\/crajubaremacao.com.br\/index.php?rest_route=\/wp\/v2\/posts\/63480","targetHints":{"allow":["GET"]}}],"collection":[{"href":"https:\/\/crajubaremacao.com.br\/index.php?rest_route=\/wp\/v2\/posts"}],"about":[{"href":"https:\/\/crajubaremacao.com.br\/index.php?rest_route=\/wp\/v2\/types\/post"}],"author":[{"embeddable":true,"href":"https:\/\/crajubaremacao.com.br\/index.php?rest_route=\/wp\/v2\/users\/261"}],"replies":[{"embeddable":true,"href":"https:\/\/crajubaremacao.com.br\/index.php?rest_route=%2Fwp%2Fv2%2Fcomments&post=63480"}],"version-history":[{"count":0,"href":"https:\/\/crajubaremacao.com.br\/index.php?rest_route=\/wp\/v2\/posts\/63480\/revisions"}],"wp:featuredmedia":[{"embeddable":true,"href":"https:\/\/crajubaremacao.com.br\/index.php?rest_route=\/wp\/v2\/media\/63481"}],"wp:attachment":[{"href":"https:\/\/crajubaremacao.com.br\/index.php?rest_route=%2Fwp%2Fv2%2Fmedia&parent=63480"}],"wp:term":[{"taxonomy":"category","embeddable":true,"href":"https:\/\/crajubaremacao.com.br\/index.php?rest_route=%2Fwp%2Fv2%2Fcategories&post=63480"},{"taxonomy":"post_tag","embeddable":true,"href":"https:\/\/crajubaremacao.com.br\/index.php?rest_route=%2Fwp%2Fv2%2Ftags&post=63480"}],"curies":[{"name":"wp","href":"https:\/\/api.w.org\/{rel}","templated":true}]}}