{"id":63511,"date":"2026-01-01T18:01:03","date_gmt":"2026-01-01T21:01:03","guid":{"rendered":"https:\/\/crajubaremacao.com.br\/?p=63511"},"modified":"2026-01-01T18:01:03","modified_gmt":"2026-01-01T21:01:03","slug":"trump-culpa-aspirina-por-hematomas-nas-maos-e-nega-cochilar-em-publico","status":"publish","type":"post","link":"https:\/\/crajubaremacao.com.br\/?p=63511","title":{"rendered":"Trump culpa aspirina por hematomas nas m\u00e3os e nega cochilar em p\u00fablico"},"content":{"rendered":"<div><img decoding=\"async\" src=\"https:\/\/s2-g1.glbimg.com\/7aUJKe1qhjeV1Kus3_tSEnW-0zE=\/i.s3.glbimg.com\/v1\/AUTH_59edd422c0c84a879bd37670ae4f538a\/internal_photos\/bs\/2025\/3\/A\/mkMEb2Se2sNrn2H3xofg\/trump-mao-1-.jpg\"><br \/>     Trump aparece de olhos fechados em evento; presidente estava acordado, diz Casa Branca<br \/>\nO presidente dos Estados Unidos, Donald Trump, culpou o uso de aspirina pelos hematomas vis\u00edveis que tem nas m\u00e3os. Ele tamb\u00e9m negou ter adormecido em eventos p\u00fablicos. As declara\u00e7\u00f5es foram dadas em entrevista ao Wall Street Journal, publicada nesta quinta-feira (1\u00ba).<br \/>\n\u2705 Siga o canal de not\u00edcias internacionais do g1 no WhatsApp<br \/>\nAos 79 anos, Trump disse ao jornal que a sa\u00fade \u201c\u00e9 perfeita\u201d e reclamou de questionamentos sobre o tema. Ele afirmou que os hematomas s\u00e3o consequ\u00eancia do uso di\u00e1rio de aspirina para fluidificar o sangue.<br \/>\n\u201cN\u00e3o quero que sangue espesso circule no meu cora\u00e7\u00e3o\u201d, disse.<br \/>\nTrump disse que usa maquiagem e bandagens para esconder os hematomas. O presidente afirmou ainda que sofreu um corte na m\u00e3o ap\u00f3s a procuradora-geral, Pam Bondi, o atingir acidentalmente com um anel.<br \/>\nO m\u00e9dico da Casa Branca, Sean Barbabella, confirmou ao WSJ que Trump passou por uma tomografia recentemente \u201cpara descartar definitivamente qualquer problema cardiovascular\u201d.<br \/>\nTrump baseia grande parte de sua imagem pol\u00edtica em projetar vigor. No entanto, nos \u00faltimos meses, a sa\u00fade do presidente tem sido alvo de aten\u00e7\u00e3o. Observadores apontam hematomas persistentes na m\u00e3o direita, tornozelos inchados e dificuldade em manter os olhos abertos em eventos p\u00fablicos.<br \/>\nO tema \u00e9 sens\u00edvel para Trump, que costuma se referir ao antecessor, Joe Biden, como \u201cdorminhoco\u201d. Biden deixou o cargo aos 82 anos, tornando-se o presidente mais velho da hist\u00f3ria dos Estados Unidos \u2014 marca que Trump pode superar.<br \/>\nAo WSJ, o presidente negou cochilar em p\u00fablico. \u201cEu simplesmente fecho os olhos. \u00c9 muito relaxante para mim\u201d, afirmou. \u201c\u00c0s vezes me fotografam enquanto pisco.\u201d<br \/>\nLEIA TAMB\u00c9M<br \/>\nR\u00fassia pede aos EUA que parem de perseguir navio petroleiro que viajava para a Venezuela, diz jornal<br \/>\nV\u00cdDEO mostra fogo se espalhando por teto de bar na Su\u00ed\u00e7a; autoridades falam em 40 mortos<br \/>\nComo se decidiu que o ano come\u00e7aria em 1\u00ba de janeiro<br \/>\nM\u00e3o do presidente Trump com hematoma em agosto<br \/>\nReuters e AP<br \/>\nV\u00cdDEOS: mais assistidos do g1<\/div>\n","protected":false},"excerpt":{"rendered":"<p>Trump aparece de olhos fechados em evento; presidente estava acordado, diz Casa Branca O presidente dos Estados Unidos, Donald Trump, culpou o uso de aspirina pelos hematomas vis\u00edveis que tem nas m\u00e3os. Ele tamb\u00e9m negou ter adormecido em eventos p\u00fablicos. As declara\u00e7\u00f5es foram dadas em entrevista ao Wall Street Journal, publicada nesta quinta-feira (1\u00ba). \u2705 [&hellip;]<\/p>\n","protected":false},"author":261,"featured_media":63512,"comment_status":"closed","ping_status":"closed","sticky":false,"template":"","format":"standard","meta":{"_themeisle_gutenberg_block_has_review":false,"_jetpack_memberships_contains_paid_content":false,"footnotes":""},"categories":[5],"tags":[155],"class_list":{"0":"post-63511","1":"post","2":"type-post","3":"status-publish","4":"format-standard","5":"has-post-thumbnail","7":"category-internacionais","8":"tag-mundo"},"jetpack_featured_media_url":"https:\/\/crajubaremacao.com.br\/wp-content\/uploads\/2026\/01\/trump-mao-1-.jpg","jetpack_sharing_enabled":true,"_links":{"self":[{"href":"https:\/\/crajubaremacao.com.br\/index.php?rest_route=\/wp\/v2\/posts\/63511","targetHints":{"allow":["GET"]}}],"collection":[{"href":"https:\/\/crajubaremacao.com.br\/index.php?rest_route=\/wp\/v2\/posts"}],"about":[{"href":"https:\/\/crajubaremacao.com.br\/index.php?rest_route=\/wp\/v2\/types\/post"}],"author":[{"embeddable":true,"href":"https:\/\/crajubaremacao.com.br\/index.php?rest_route=\/wp\/v2\/users\/261"}],"replies":[{"embeddable":true,"href":"https:\/\/crajubaremacao.com.br\/index.php?rest_route=%2Fwp%2Fv2%2Fcomments&post=63511"}],"version-history":[{"count":0,"href":"https:\/\/crajubaremacao.com.br\/index.php?rest_route=\/wp\/v2\/posts\/63511\/revisions"}],"wp:featuredmedia":[{"embeddable":true,"href":"https:\/\/crajubaremacao.com.br\/index.php?rest_route=\/wp\/v2\/media\/63512"}],"wp:attachment":[{"href":"https:\/\/crajubaremacao.com.br\/index.php?rest_route=%2Fwp%2Fv2%2Fmedia&parent=63511"}],"wp:term":[{"taxonomy":"category","embeddable":true,"href":"https:\/\/crajubaremacao.com.br\/index.php?rest_route=%2Fwp%2Fv2%2Fcategories&post=63511"},{"taxonomy":"post_tag","embeddable":true,"href":"https:\/\/crajubaremacao.com.br\/index.php?rest_route=%2Fwp%2Fv2%2Ftags&post=63511"}],"curies":[{"name":"wp","href":"https:\/\/api.w.org\/{rel}","templated":true}]}}