{"id":63513,"date":"2026-01-01T21:02:01","date_gmt":"2026-01-02T00:02:01","guid":{"rendered":"https:\/\/crajubaremacao.com.br\/?p=63513"},"modified":"2026-01-01T21:02:01","modified_gmt":"2026-01-02T00:02:01","slug":"governo-do-gabao-suspende-selecao-apos-fracasso-na-copa-africana","status":"publish","type":"post","link":"https:\/\/crajubaremacao.com.br\/?p=63513","title":{"rendered":"Governo do Gab\u00e3o suspende sele\u00e7\u00e3o ap\u00f3s fracasso na Copa Africana"},"content":{"rendered":"<div>\n<div style=\"margin-bottom: 15px;\"><img decoding=\"async\" class=\"type:primaryImage\" src=\"https:\/\/jpimg.com.br\/uploads\/2026\/01\/afp__20251228__896m9w3__v2__highres__fblafr2025match11gabmoz-750x500.jpg\"><\/div>\n<p><?xml encoding=\"UTF-8\"><\/p>\n<p>A elimina\u00e7\u00e3o precoce do <a href=\"http:\/\/jovempan.com.br\/tag\/gabao\"><strong>Gab\u00e3o<\/strong><\/a> na <a href=\"http:\/\/jovempan.com.br\/tag\/copa-africana-de-nacoes\"><strong>Copa Africana de Na\u00e7\u00f5es<\/strong><\/a> provocou uma rea\u00e7\u00e3o dura do governo do pa\u00eds, que decidiu suspender a sele\u00e7\u00e3o nacional por tempo indeterminado, demitir toda a comiss\u00e3o t\u00e9cnica e afastar dois dos principais nomes do elenco: o atacante Pierre-Emerick Aubameyang e o zagueiro Bruno Ecuele Manga. A decis\u00e3o foi anunciada nesta quinta-feira pelo ministro interino do Esporte e da Juventude, Simplice D\u00e9sir\u00e9 Mamboula, ap\u00f3s a campanha sem vit\u00f3rias no torneio continental.<\/p>\n<p>O Gab\u00e3o encerrou sua participa\u00e7\u00e3o ainda na fase de grupos, com tr\u00eas derrotas em tr\u00eas partidas, sem somar pontos. Segundo o governo, o desempenho da equipe ficou muito aqu\u00e9m das expectativas e exp\u00f4s problemas estruturais no comando do futebol nacional. Al\u00e9m da paralisa\u00e7\u00e3o das atividades da sele\u00e7\u00e3o, foi determinada a dissolu\u00e7\u00e3o imediata da comiss\u00e3o t\u00e9cnica, em uma tentativa de reavaliar os rumos do projeto esportivo do pa\u00eds.<\/p>\n<div class=\"cta-model cta-model3\" name=\"model3\">\n<div class=\"cta-container-general\">\n<div class=\"cta-container-model3\">\n<div class=\"container-image-text\">\n<div class=\"container-img\">\n                    <img decoding=\"async\" id=\"cta-image\" editable=\"true\" name=\"Imagem:\" src=\"https:\/\/s.jpimg.com.br\/wp-content\/plugins\/CTA-posts-selector\/assets\/images\/640_JPEsportes.jpg\" alt=\"cta_logo_jp\">\n                <\/div>\n<div class=\"container-title\">\n                    <span id=\"cta-text\" editable=\"true\" name=\"Conte\u00fado:\">Siga o canal da Jovem Pan Esportes e receba as principais not\u00edcias no seu WhatsApp!<\/span>\n                <\/div>\n<\/p><\/div>\n<div class=\"cta-container-link\">\n<div class=\"cta-container-space\"><\/div>\n<p>                <a id=\"cta-link_3\" editable=\"true\" name=\"Link%20do%20bot%C3%A3o:\" target=\"_blank\" href=\"https:\/\/www.whatsapp.com\/channel\/0029Va9wMgZD8SE3UbBwem2u\"><\/p>\n<div class=\"container-button\">\n                        <span id=\"cta-text2\" editable=\"true\" name=\"Texto do bot\u00e3o:\">WhatsApp<\/span>\n                    <\/div>\n<div class=\"container-icon\">\n                        <i id=\"cta-icon\" name=\"\u00cdcone do bot\u00e3o:\" editable=\"true\" class=\"fa-brands fa-whatsapp\"><\/i>\n                    <\/div>\n<p>                <\/a>\n            <\/div>\n<\/div>\n<\/div>\n<\/div>\n<p>O afastamento de Aubameyang, principal refer\u00eancia t\u00e9cnica e maior nome da hist\u00f3ria do futebol gabon\u00eas, chamou aten\u00e7\u00e3o. Aos 36 anos, o atacante do Olympique de Marselha participou de apenas dois jogos na competi\u00e7\u00e3o e marcou um gol. O zagueiro Bruno Ecuele Manga, que tamb\u00e9m atuou nas duas primeiras partidas, perdeu a bra\u00e7adeira de capit\u00e3o durante o torneio.<\/p>\n<p>A crise ganhou contornos pol\u00edticos ap\u00f3s manifesta\u00e7\u00f5es do presidente do Gab\u00e3o, Brice Oligui, que criticou publicamente a condu\u00e7\u00e3o do futebol no pa\u00eds. Para o chefe de Estado, a elimina\u00e7\u00e3o refletiu \u201cfalta de m\u00e9todo\u201d e uma gest\u00e3o marcada pela dispers\u00e3o de recursos, al\u00e9m do que classificou como enfraquecimento do compromisso institucional com a sele\u00e7\u00e3o.<\/p>\n<p>Aubameyang deixou a concentra\u00e7\u00e3o antes da \u00faltima rodada da fase de grupos e retornou \u00e0 Fran\u00e7a. Em manifesta\u00e7\u00e3o nas redes sociais, o atacante reagiu \u00e0s cr\u00edticas e afirmou que os problemas da equipe v\u00e3o al\u00e9m de sua presen\u00e7a. O governo, no entanto, manteve a decis\u00e3o de afast\u00e1-lo, sinalizando uma ruptura profunda no comando do futebol gabon\u00eas ap\u00f3s o fracasso no torneio continental.<\/p>\n<p><em>*Com informa\u00e7\u00f5es do Estad\u00e3o Conte\u00fado<\/em><\/p>\n<div class=\"list-related-posts\">\n<h3>Leia tamb\u00e9m<\/h3>\n<div class=\"related-posts-container\">\n<div class=\"related-post-item-container\">\n<div class=\"related-post\">\n<div class=\"img-related-box\">\n                                            <strong><a href=\"https:\/\/jovempan.com.br\/esportes\/futebol\/futebol-internacional\/endrick-visita-instalacoes-do-lyon-e-recebe-alerta-e-ex-companheiro-nao-use-verde.html\" title=\"Endrick visita instala\u00e7\u00f5es do Lyon e recebe alerta e ex-companheiro: 'N\u00e3o use verde'\"><img decoding=\"async\" src=\"https:\/\/jpimg.com.br\/uploads\/2026\/01\/endrick-lyon.jpg\"><\/a><\/strong>\n                                        <\/div>\n<p>                                        <span class=\"box-the-title\"><br \/>\n                                            <strong><a href=\"https:\/\/jovempan.com.br\/esportes\/futebol\/futebol-internacional\/endrick-visita-instalacoes-do-lyon-e-recebe-alerta-e-ex-companheiro-nao-use-verde.html\" title=\"Endrick visita instala\u00e7\u00f5es do Lyon e recebe alerta e ex-companheiro: 'N\u00e3o use verde'\">Endrick visita instala\u00e7\u00f5es do Lyon e recebe alerta e ex-companheiro: &#8216;N\u00e3o use verde&#8217;<\/a><\/strong><br \/>\n                                        <\/span>\n                                    <\/div>\n<div class=\"related-post\">\n<div class=\"img-related-box\">\n                                            <strong><a href=\"https:\/\/jovempan.com.br\/esportes\/futebol\/paulistao-2026-vai-manter-final-em-dois-jogos-confira-as-datas.html\" title=\"Paulist\u00e3o 2026 vai manter final em dois jogos; confira as datas\"><img decoding=\"async\" src=\"https:\/\/jpimg.com.br\/uploads\/2023\/01\/design-sem-nome-44.png\"><\/a><\/strong>\n                                        <\/div>\n<p>                                        <span class=\"box-the-title\"><br \/>\n                                            <strong><a href=\"https:\/\/jovempan.com.br\/esportes\/futebol\/paulistao-2026-vai-manter-final-em-dois-jogos-confira-as-datas.html\" title=\"Paulist\u00e3o 2026 vai manter final em dois jogos; confira as datas\">Paulist\u00e3o 2026 vai manter final em dois jogos; confira as datas<\/a><\/strong><br \/>\n                                        <\/span>\n                                    <\/div>\n<div class=\"related-post\">\n<div class=\"img-related-box\">\n                                            <strong><a href=\"https:\/\/jovempan.com.br\/esportes\/futebol\/cruzeiro-contrata-matheus-cunha-ex-flamengo-ate-2028.html\" title=\"Cruzeiro contrata Matheus Cunha, ex-Flamengo, at\u00e9 2028\"><img decoding=\"async\" src=\"https:\/\/jpimg.com.br\/uploads\/2026\/01\/g9lic7_xyaasdgk.jpg\"><\/a><\/strong>\n                                        <\/div>\n<p>                                        <span class=\"box-the-title\"><br \/>\n                                            <strong><a href=\"https:\/\/jovempan.com.br\/esportes\/futebol\/cruzeiro-contrata-matheus-cunha-ex-flamengo-ate-2028.html\" title=\"Cruzeiro contrata Matheus Cunha, ex-Flamengo, at\u00e9 2028\">Cruzeiro contrata Matheus Cunha, ex-Flamengo, at\u00e9 2028<\/a><\/strong><br \/>\n                                        <\/span>\n                                    <\/div>\n<\/p><\/div>\n<\/p><\/div>\n<\/p><\/div>\n<\/div>\n","protected":false},"excerpt":{"rendered":"<p>A elimina\u00e7\u00e3o precoce do Gab\u00e3o na Copa Africana de Na\u00e7\u00f5es provocou uma rea\u00e7\u00e3o dura do governo do pa\u00eds, que decidiu suspender a sele\u00e7\u00e3o nacional por tempo indeterminado, demitir toda a comiss\u00e3o t\u00e9cnica e afastar dois dos principais nomes do elenco: o atacante Pierre-Emerick Aubameyang e o zagueiro Bruno Ecuele Manga. A decis\u00e3o foi anunciada nesta [&hellip;]<\/p>\n","protected":false},"author":260,"featured_media":63514,"comment_status":"closed","ping_status":"closed","sticky":false,"template":"","format":"standard","meta":{"_themeisle_gutenberg_block_has_review":false,"_jetpack_memberships_contains_paid_content":false,"footnotes":""},"categories":[12],"tags":[153],"class_list":{"0":"post-63513","1":"post","2":"type-post","3":"status-publish","4":"format-standard","5":"has-post-thumbnail","7":"category-esportes","8":"tag-esportes"},"jetpack_featured_media_url":"https:\/\/crajubaremacao.com.br\/wp-content\/uploads\/2026\/01\/afp__20251228__896m9w3__v2__highres__fblafr2025match11gabmoz-750x500-1.jpg","jetpack_sharing_enabled":true,"_links":{"self":[{"href":"https:\/\/crajubaremacao.com.br\/index.php?rest_route=\/wp\/v2\/posts\/63513","targetHints":{"allow":["GET"]}}],"collection":[{"href":"https:\/\/crajubaremacao.com.br\/index.php?rest_route=\/wp\/v2\/posts"}],"about":[{"href":"https:\/\/crajubaremacao.com.br\/index.php?rest_route=\/wp\/v2\/types\/post"}],"author":[{"embeddable":true,"href":"https:\/\/crajubaremacao.com.br\/index.php?rest_route=\/wp\/v2\/users\/260"}],"replies":[{"embeddable":true,"href":"https:\/\/crajubaremacao.com.br\/index.php?rest_route=%2Fwp%2Fv2%2Fcomments&post=63513"}],"version-history":[{"count":0,"href":"https:\/\/crajubaremacao.com.br\/index.php?rest_route=\/wp\/v2\/posts\/63513\/revisions"}],"wp:featuredmedia":[{"embeddable":true,"href":"https:\/\/crajubaremacao.com.br\/index.php?rest_route=\/wp\/v2\/media\/63514"}],"wp:attachment":[{"href":"https:\/\/crajubaremacao.com.br\/index.php?rest_route=%2Fwp%2Fv2%2Fmedia&parent=63513"}],"wp:term":[{"taxonomy":"category","embeddable":true,"href":"https:\/\/crajubaremacao.com.br\/index.php?rest_route=%2Fwp%2Fv2%2Fcategories&post=63513"},{"taxonomy":"post_tag","embeddable":true,"href":"https:\/\/crajubaremacao.com.br\/index.php?rest_route=%2Fwp%2Fv2%2Ftags&post=63513"}],"curies":[{"name":"wp","href":"https:\/\/api.w.org\/{rel}","templated":true}]}}