{"id":63515,"date":"2026-01-02T00:05:11","date_gmt":"2026-01-02T03:05:11","guid":{"rendered":"https:\/\/crajubaremacao.com.br\/?p=63515"},"modified":"2026-01-02T00:05:11","modified_gmt":"2026-01-02T03:05:11","slug":"laboratorio-da-usp-e-assaltado-durante-virada-de-ano","status":"publish","type":"post","link":"https:\/\/crajubaremacao.com.br\/?p=63515","title":{"rendered":"Laborat\u00f3rio da USP \u00e9 assaltado durante virada de ano"},"content":{"rendered":"<div>\n<div style=\"margin-bottom: 15px;\"><img decoding=\"async\" class=\"type:primaryImage\" src=\"https:\/\/crajubaremacao.com.br\/wp-content\/uploads\/2026\/01\/assalto-usp-750x450-1.jpg\"><\/div>\n<p><?xml encoding=\"UTF-8\"><\/p>\n<p>Um laborat\u00f3rio da <a href=\"https:\/\/jovempan.com.br\/tag\/usp\" target=\"_blank\" rel=\"noopener noreferrer\"><strong>Universidade de S\u00e3o Paulo (USP)<\/strong><\/a> foi assaltado durante a virada do ano, na madrugada entre quarta (31) e quinta-feira (1\u00ba). Os assaltantes entraram no Instituto de Energia e Ambiente da USP \u00e0s 23h57. O pr\u00e9dio fica na Cidade Universit\u00e1ria, no <a href=\"https:\/\/jovempan.com.br\/tag\/butanta\" target=\"_blank\" rel=\"noopener noreferrer\"><strong>Butant\u00e3<\/strong><\/a>, na zona oeste da capital paulista. Eles sa\u00edram poucos minutos depois, \u00e0 meia-noite do dia 1\u00ba.<\/p>\n<p>\u201cO instituto est\u00e1 colaborando com a pol\u00edcia, que est\u00e1 apurando o caso, inclusive com o fornecimento das imagens do circuito de c\u00e2meras\u201d, afirmou a USP em nota. O caso foi registrado no 91.\u00ba Distrito Policial, do Butant\u00e3, do Ceagesp. Os ladr\u00f5es roubaram oito bobinas de fio de cobre e 80 metros de cabos pl\u00e1sticos, al\u00e9m dos celulares dos vigias, que foram rendidos na a\u00e7\u00e3o.<\/p>\n<div class=\"cta-model cta-model2\" name=\"model2\">\n<div class=\"cta-container-general\">\n<div class=\"cta-container-model2\">\n<div class=\"container-image-text\">\n<div class=\"container-img\">\n                    <img decoding=\"async\" id=\"cta-image\" editable=\"true\" name=\"Imagem:\" src=\"https:\/\/crajubaremacao.com.br\/wp-content\/uploads\/2026\/01\/640_4anos-JPNews-3.jpg\" alt=\"cta_logo_jp\">\n                <\/div>\n<div class=\"container-title\">\n                    <span id=\"cta-text\" editable=\"true\" name=\"Conte\u00fado:\">Siga o canal da Jovem Pan News e receba as principais not\u00edcias no seu WhatsApp!<\/span>\n                <\/div>\n<\/p><\/div>\n<div class=\"cta-container-link\">\n<div class=\"cta-container-space\"><\/div>\n<p>                <a id=\"cta-link\" editable=\"true\" name=\"Link%20do%20bot%C3%A3o:\" target=\"_blank\" href=\"https:\/\/www.whatsapp.com\/channel\/0029VaAxUvrGJP8Fz9QZH93S\"><\/p>\n<div class=\"container-button\">\n                        <span id=\"cta-text2\" editable=\"true\" name=\"Texto do bot\u00e3o:\">WhatsApp<\/span>\n                    <\/div>\n<div class=\"container-icon\">\n                        <i id=\"cta-icon\" name=\"\u00cdcone do bot\u00e3o:\" editable=\"true\" class=\"fa-brands fa-whatsapp\"><\/i>\n                    <\/div>\n<p>                <\/a>\n            <\/div>\n<\/div>\n<\/div>\n<\/div>\n<div class=\"list-related-posts\">\n<h3>Leia tamb\u00e9m<\/h3>\n<div class=\"related-posts-container\">\n<div class=\"related-post-item-container\">\n<div class=\"related-post\">\n<div class=\"img-related-box\">\n                                            <strong><a href=\"https:\/\/jovempan.com.br\/opiniao-jovem-pan\/comentaristas\/beatriz-manfredini\/com-aumento-de-feminicidios-prefeitura-de-sp-quer-smart-sampa-contra-agressores.html\" title=\"Com aumento de feminic\u00eddios, Prefeitura de SP quer Smart Sampa contra agressores\"><img decoding=\"async\" src=\"https:\/\/crajubaremacao.com.br\/wp-content\/uploads\/2026\/01\/fta20250226.jpg\"><\/a><\/strong>\n                                        <\/div>\n<p>                                        <span class=\"box-the-title\"><br \/>\n                                            <strong><a href=\"https:\/\/jovempan.com.br\/opiniao-jovem-pan\/comentaristas\/beatriz-manfredini\/com-aumento-de-feminicidios-prefeitura-de-sp-quer-smart-sampa-contra-agressores.html\" title=\"Com aumento de feminic\u00eddios, Prefeitura de SP quer Smart Sampa contra agressores\">Com aumento de feminic\u00eddios, Prefeitura de SP quer Smart Sampa contra agressores<\/a><\/strong><br \/>\n                                        <\/span>\n                                    <\/div>\n<div class=\"related-post\">\n<div class=\"img-related-box\">\n                                            <strong><a href=\"https:\/\/jovempan.com.br\/noticias\/politica\/bolsonaro-recebe-alta-apos-7-dias-internado-e-volta-a-cela-na-pf.html\" title=\"Bolsonaro recebe alta ap\u00f3s 7 dias internado e volta \u00e0 cela na PF\"><img decoding=\"async\" src=\"https:\/\/crajubaremacao.com.br\/wp-content\/uploads\/2026\/01\/age20250718026.jpg\"><\/a><\/strong>\n                                        <\/div>\n<p>                                        <span class=\"box-the-title\"><br \/>\n                                            <strong><a href=\"https:\/\/jovempan.com.br\/noticias\/politica\/bolsonaro-recebe-alta-apos-7-dias-internado-e-volta-a-cela-na-pf.html\" title=\"Bolsonaro recebe alta ap\u00f3s 7 dias internado e volta \u00e0 cela na PF\">Bolsonaro recebe alta ap\u00f3s 7 dias internado e volta \u00e0 cela na PF<\/a><\/strong><br \/>\n                                        <\/span>\n                                    <\/div>\n<\/p><\/div>\n<\/p><\/div>\n<\/p><\/div>\n<p>*Com informa\u00e7\u00f5es do Estad\u00e3o Conte\u00fado<\/p>\n<\/div>\n","protected":false},"excerpt":{"rendered":"<p>Um laborat\u00f3rio da Universidade de S\u00e3o Paulo (USP) foi assaltado durante a virada do ano, na madrugada entre quarta (31) e quinta-feira (1\u00ba). Os assaltantes entraram no Instituto de Energia e Ambiente da USP \u00e0s 23h57. O pr\u00e9dio fica na Cidade Universit\u00e1ria, no Butant\u00e3, na zona oeste da capital paulista. Eles sa\u00edram poucos minutos depois, [&hellip;]<\/p>\n","protected":false},"author":117,"featured_media":63516,"comment_status":"closed","ping_status":"closed","sticky":false,"template":"","format":"standard","meta":{"_themeisle_gutenberg_block_has_review":false,"_jetpack_memberships_contains_paid_content":false,"footnotes":""},"categories":[2],"tags":[150],"class_list":{"0":"post-63515","1":"post","2":"type-post","3":"status-publish","4":"format-standard","5":"has-post-thumbnail","7":"category-brasil","8":"tag-brasil"},"jetpack_featured_media_url":"https:\/\/crajubaremacao.com.br\/wp-content\/uploads\/2026\/01\/assalto-usp-750x450-1.jpg","jetpack_sharing_enabled":true,"_links":{"self":[{"href":"https:\/\/crajubaremacao.com.br\/index.php?rest_route=\/wp\/v2\/posts\/63515","targetHints":{"allow":["GET"]}}],"collection":[{"href":"https:\/\/crajubaremacao.com.br\/index.php?rest_route=\/wp\/v2\/posts"}],"about":[{"href":"https:\/\/crajubaremacao.com.br\/index.php?rest_route=\/wp\/v2\/types\/post"}],"author":[{"embeddable":true,"href":"https:\/\/crajubaremacao.com.br\/index.php?rest_route=\/wp\/v2\/users\/117"}],"replies":[{"embeddable":true,"href":"https:\/\/crajubaremacao.com.br\/index.php?rest_route=%2Fwp%2Fv2%2Fcomments&post=63515"}],"version-history":[{"count":0,"href":"https:\/\/crajubaremacao.com.br\/index.php?rest_route=\/wp\/v2\/posts\/63515\/revisions"}],"wp:featuredmedia":[{"embeddable":true,"href":"https:\/\/crajubaremacao.com.br\/index.php?rest_route=\/wp\/v2\/media\/63516"}],"wp:attachment":[{"href":"https:\/\/crajubaremacao.com.br\/index.php?rest_route=%2Fwp%2Fv2%2Fmedia&parent=63515"}],"wp:term":[{"taxonomy":"category","embeddable":true,"href":"https:\/\/crajubaremacao.com.br\/index.php?rest_route=%2Fwp%2Fv2%2Fcategories&post=63515"},{"taxonomy":"post_tag","embeddable":true,"href":"https:\/\/crajubaremacao.com.br\/index.php?rest_route=%2Fwp%2Fv2%2Ftags&post=63515"}],"curies":[{"name":"wp","href":"https:\/\/api.w.org\/{rel}","templated":true}]}}