{"id":63517,"date":"2026-01-02T00:05:20","date_gmt":"2026-01-02T03:05:20","guid":{"rendered":"https:\/\/crajubaremacao.com.br\/?p=63517"},"modified":"2026-01-02T00:05:20","modified_gmt":"2026-01-02T03:05:20","slug":"carlos-bolsonaro-diz-que-moraes-abusa-do-poder-e-expoem-jair-bolsonaro-a-riscos-humanos","status":"publish","type":"post","link":"https:\/\/crajubaremacao.com.br\/?p=63517","title":{"rendered":"Carlos Bolsonaro diz que Moraes abusa do poder e \u2018exp\u00f5em Jair Bolsonaro a riscos humanos\u2019"},"content":{"rendered":"<div>\n<div style=\"margin-bottom: 15px;\"><img decoding=\"async\" class=\"type:primaryImage\" src=\"https:\/\/jpimg.com.br\/uploads\/2025\/06\/familia-bolsonaro-750x450.jpg\"><\/div>\n<p><?xml encoding=\"UTF-8\"><\/p>\n<p><strong><a href=\"https:\/\/jovempan.com.br\/tag\/carlos-bolsonaro\" target=\"_blank\" rel=\"noopener noreferrer\">Carlos Bolsonaro<\/a><\/strong>\u00a0(PL) filho do ex-presidente <strong><a href=\"https:\/\/jovempan.com.br\/tag\/jair-bolsonaro\" target=\"_blank\" rel=\"noopener noreferrer\">Jair Bolsonaro<\/a><\/strong>, criticou a decis\u00e3o do ministro do <strong><a href=\"https:\/\/jovempan.com.br\/tag\/stf\" target=\"_blank\" rel=\"noopener noreferrer\">Supremo Tribunal Federal (STF)<\/a><\/strong> de n\u00e3o permitir pris\u00e3o domiciliar para o ex-mandat\u00e1rio, que est\u00e1 preso em Bras\u00edlia desde novembro de 2025. \u201cO que est\u00e1 em curso no Brasil n\u00e3o \u00e9 a aplica\u00e7\u00e3o rigorosa da lei, mas um exerc\u00edcio reiterado de abuso de poder, concentrado nas m\u00e3os de um ministro que ultrapassou, h\u00e1 muito tempo, qualquer limite aceit\u00e1vel em um Estado de Direito\u201d, escreveu Carlos no X, sem citar Moraes diretamente.<\/p>\n<p>\u201cAs decis\u00f5es tomadas por esse sujeito n\u00e3o apenas violam garantias constitucionais b\u00e1sicas, como exp\u00f5em deliberadamente Jair Bolsonaro a riscos reais, f\u00edsicos e humanos\u201d, acrescentou. Preso em Bras\u00edlia, Bolsonaro passou os \u00faltimos sete dias internado para tratar de crise de solu\u00e7os. <strong><a href=\"https:\/\/jovempan.com.br\/noticias\/politica\/bolsonaro-recebe-alta-apos-7-dias-internado-e-volta-a-cela-na-pf.html\" target=\"_blank\" rel=\"noopener noreferrer\">No hospital, ele foi submetido a quatro cirurgias, recebendo alta nesta quinta-feira (1).<\/a><\/strong><\/p>\n<p>\u201cO Brasil n\u00e3o pode ser governado por decis\u00f5es personalistas, sem contradit\u00f3rio efetivo, sem limites e sem responsabilidade\u201d, continuou Carlo no post, finalizando com uma mensagem dedicada ao pai. \u201cMantenha, Pai!\u201d.<\/p>\n<div class=\"cta-model cta-model2\" name=\"model2\">\n<div class=\"cta-container-general\">\n<div class=\"cta-container-model2\">\n<div class=\"container-image-text\">\n<div class=\"container-img\">\n                    <img decoding=\"async\" id=\"cta-image\" editable=\"true\" name=\"Imagem:\" src=\"https:\/\/s.jpimg.com.br\/wp-content\/plugins\/CTA-posts-selector\/assets\/images\/640_4anos-JPNews.jpg\" alt=\"cta_logo_jp\">\n                <\/div>\n<div class=\"container-title\">\n                    <span id=\"cta-text\" editable=\"true\" name=\"Conte\u00fado:\">Siga o canal da Jovem Pan News e receba as principais not\u00edcias no seu WhatsApp!<\/span>\n                <\/div>\n<\/p><\/div>\n<div class=\"cta-container-link\">\n<div class=\"cta-container-space\"><\/div>\n<p>                <a id=\"cta-link\" editable=\"true\" name=\"Link%20do%20bot%C3%A3o:\" target=\"_blank\" href=\"https:\/\/www.whatsapp.com\/channel\/0029VaAxUvrGJP8Fz9QZH93S\"><\/p>\n<div class=\"container-button\">\n                        <span id=\"cta-text2\" editable=\"true\" name=\"Texto do bot\u00e3o:\">WhatsApp<\/span>\n                    <\/div>\n<div class=\"container-icon\">\n                        <i id=\"cta-icon\" name=\"\u00cdcone do bot\u00e3o:\" editable=\"true\" class=\"fa-brands fa-whatsapp\"><\/i>\n                    <\/div>\n<p>                <\/a>\n            <\/div>\n<\/div>\n<\/div>\n<\/div>\n<p><strong><a href=\"https:\/\/jovempan.com.br\/noticias\/politica\/defesa-de-bolsonaro-volta-a-pedir-prisao-domiciliar-sob-alegacao-risco-de-saude.html\" target=\"_blank\" rel=\"noopener noreferrer\">Na quarta-feira (31), a defesa de Jair Bolsonaro voltou a solicitar pris\u00e3o domiciliar para o ex-mandat\u00e1rio por causa do estado de sa\u00fade.<\/a><\/strong> \u201cA perman\u00eancia desse paciente em estabelecimento prisional, t\u00e3o logo obtenha alta hospitalar, submeter-lhe-ia a risco concreto de agravamento s\u00fabito do estado de sa\u00fade\u201d, diz a peti\u00e7\u00e3o.<\/p>\n<p>O STF condenou em setembro o ex-presidente a 27 anos de pris\u00e3o por liderar um plano frustrado para se manter no poder, ap\u00f3s perder as elei\u00e7\u00f5es para o presidente Luiz In\u00e1cio Lula da Silva (PT), em 2022. Bolsonaro, de 70 anos, foi operado em 25 de dezembro de uma h\u00e9rnia inguinal e depois realizou um procedimento contra suas crises recorrentes de solu\u00e7o.<\/p>\n<blockquote class=\"twitter-tweet\" data-media-max-width=\"560\">\n<p dir=\"ltr\" lang=\"pt\">\u00c9 preciso dizer com todas as letras: o que est\u00e1 em curso no Brasil n\u00e3o \u00e9 a aplica\u00e7\u00e3o rigorosa da lei, mas um exerc\u00edcio reiterado de abuso de poder, concentrado nas m\u00e3os de um ministro que ultrapassou, h\u00e1 muito tempo, qualquer limite aceit\u00e1vel em um Estado de Direito. As decis\u00f5es\u2026<\/p>\n<p>\u2014 Carlos Bolsonaro (@CarlosBolsonaro) <a href=\"https:\/\/twitter.com\/CarlosBolsonaro\/status\/2006868995584991449?ref_src=twsrc%5Etfw\">January 1, 2026<\/a><\/p>\n<\/blockquote>\n<p><script async src=\"https:\/\/platform.twitter.com\/widgets.js\" charset=\"utf-8\"><\/script><\/p>\n<div class=\"list-related-posts\">\n<h3>Leia tamb\u00e9m<\/h3>\n<div class=\"related-posts-container\">\n<div class=\"related-post-item-container\">\n<div class=\"related-post\">\n<div class=\"img-related-box\">\n                                            <strong><a href=\"https:\/\/jovempan.com.br\/noticias\/politica\/flavio-chama-moraes-de-ser-abjeto-e-diz-que-bolsonaro-precisa-de-cuidados-fora-da-prisao.html\" title=\"Fl\u00e1vio chama Moraes de 'ser abjeto' e diz que Bolsonaro precisa de cuidados fora da pris\u00e3o\"><img decoding=\"async\" src=\"https:\/\/jpimg.com.br\/uploads\/2025\/12\/design-sem-nome-8-3.png\"><\/a><\/strong>\n                                        <\/div>\n<p>                                        <span class=\"box-the-title\"><br \/>\n                                            <strong><a href=\"https:\/\/jovempan.com.br\/noticias\/politica\/flavio-chama-moraes-de-ser-abjeto-e-diz-que-bolsonaro-precisa-de-cuidados-fora-da-prisao.html\" title=\"Fl\u00e1vio chama Moraes de 'ser abjeto' e diz que Bolsonaro precisa de cuidados fora da pris\u00e3o\">Fl\u00e1vio chama Moraes de &#8216;ser abjeto&#8217; e diz que Bolsonaro precisa de cuidados fora da pris\u00e3o<\/a><\/strong><br \/>\n                                        <\/span>\n                                    <\/div>\n<div class=\"related-post\">\n<div class=\"img-related-box\">\n                                            <strong><a href=\"https:\/\/jovempan.com.br\/noticias\/politica\/bolsonaro-recebe-alta-apos-7-dias-internado-e-volta-a-cela-na-pf.html\" title=\"Bolsonaro recebe alta ap\u00f3s 7 dias internado e volta \u00e0 cela na PF\"><img decoding=\"async\" src=\"https:\/\/jpimg.com.br\/uploads\/2025\/07\/age20250718026.jpg\"><\/a><\/strong>\n                                        <\/div>\n<p>                                        <span class=\"box-the-title\"><br \/>\n                                            <strong><a href=\"https:\/\/jovempan.com.br\/noticias\/politica\/bolsonaro-recebe-alta-apos-7-dias-internado-e-volta-a-cela-na-pf.html\" title=\"Bolsonaro recebe alta ap\u00f3s 7 dias internado e volta \u00e0 cela na PF\">Bolsonaro recebe alta ap\u00f3s 7 dias internado e volta \u00e0 cela na PF<\/a><\/strong><br \/>\n                                        <\/span>\n                                    <\/div>\n<\/p><\/div>\n<\/p><\/div>\n<\/p><\/div>\n<\/div>\n","protected":false},"excerpt":{"rendered":"<p>Carlos Bolsonaro\u00a0(PL) filho do ex-presidente Jair Bolsonaro, criticou a decis\u00e3o do ministro do Supremo Tribunal Federal (STF) de n\u00e3o permitir pris\u00e3o domiciliar para o ex-mandat\u00e1rio, que est\u00e1 preso em Bras\u00edlia desde novembro de 2025. \u201cO que est\u00e1 em curso no Brasil n\u00e3o \u00e9 a aplica\u00e7\u00e3o rigorosa da lei, mas um exerc\u00edcio reiterado de abuso de [&hellip;]<\/p>\n","protected":false},"author":117,"featured_media":63518,"comment_status":"closed","ping_status":"closed","sticky":false,"template":"","format":"standard","meta":{"_themeisle_gutenberg_block_has_review":false,"_jetpack_memberships_contains_paid_content":false,"footnotes":""},"categories":[9],"tags":[129],"class_list":{"0":"post-63517","1":"post","2":"type-post","3":"status-publish","4":"format-standard","5":"has-post-thumbnail","7":"category-politica","8":"tag-politica"},"jetpack_featured_media_url":"https:\/\/crajubaremacao.com.br\/wp-content\/uploads\/2026\/01\/familia-bolsonaro-750x450-1.jpg","jetpack_sharing_enabled":true,"_links":{"self":[{"href":"https:\/\/crajubaremacao.com.br\/index.php?rest_route=\/wp\/v2\/posts\/63517","targetHints":{"allow":["GET"]}}],"collection":[{"href":"https:\/\/crajubaremacao.com.br\/index.php?rest_route=\/wp\/v2\/posts"}],"about":[{"href":"https:\/\/crajubaremacao.com.br\/index.php?rest_route=\/wp\/v2\/types\/post"}],"author":[{"embeddable":true,"href":"https:\/\/crajubaremacao.com.br\/index.php?rest_route=\/wp\/v2\/users\/117"}],"replies":[{"embeddable":true,"href":"https:\/\/crajubaremacao.com.br\/index.php?rest_route=%2Fwp%2Fv2%2Fcomments&post=63517"}],"version-history":[{"count":0,"href":"https:\/\/crajubaremacao.com.br\/index.php?rest_route=\/wp\/v2\/posts\/63517\/revisions"}],"wp:featuredmedia":[{"embeddable":true,"href":"https:\/\/crajubaremacao.com.br\/index.php?rest_route=\/wp\/v2\/media\/63518"}],"wp:attachment":[{"href":"https:\/\/crajubaremacao.com.br\/index.php?rest_route=%2Fwp%2Fv2%2Fmedia&parent=63517"}],"wp:term":[{"taxonomy":"category","embeddable":true,"href":"https:\/\/crajubaremacao.com.br\/index.php?rest_route=%2Fwp%2Fv2%2Fcategories&post=63517"},{"taxonomy":"post_tag","embeddable":true,"href":"https:\/\/crajubaremacao.com.br\/index.php?rest_route=%2Fwp%2Fv2%2Ftags&post=63517"}],"curies":[{"name":"wp","href":"https:\/\/api.w.org\/{rel}","templated":true}]}}