{"id":63530,"date":"2026-01-02T09:01:02","date_gmt":"2026-01-02T12:01:02","guid":{"rendered":"https:\/\/crajubaremacao.com.br\/?p=63530"},"modified":"2026-01-02T09:01:02","modified_gmt":"2026-01-02T12:01:02","slug":"roberto-carlos-tem-evolucao-satisfatoria-apos-cirurgia-no-coracao-diz-hospital","status":"publish","type":"post","link":"https:\/\/crajubaremacao.com.br\/?p=63530","title":{"rendered":"Roberto Carlos tem \u2018evolu\u00e7\u00e3o satisfat\u00f3ria\u2019 ap\u00f3s cirurgia no cora\u00e7\u00e3o, diz hospital"},"content":{"rendered":"<div>\n<div style=\"margin-bottom: 15px;\"><img decoding=\"async\" class=\"type:primaryImage\" src=\"https:\/\/jpimg.com.br\/uploads\/2017\/04\/H_20121029_155910-300x225.jpg\"><\/div>\n<p><?xml encoding=\"UTF-8\"><\/p>\n<p>O Hospital Vila Nova Star, em S\u00e3o Paulo, atualizou o quadro de sa\u00fade de Roberto Carlos. O ex-lateral da sele\u00e7\u00e3o brasileira e do Real Madrid se recupera bem ap\u00f3s ter sido submetido a uma cirurgia no cora\u00e7\u00e3o ap\u00f3s passar por exames de rotina.<\/p>\n<p>\u201cDurante a avalia\u00e7\u00e3o, a angiotomografia de coron\u00e1rias identificou obstru\u00e7\u00e3o coronariana, sendo indicada angioplastia coronariana, realizada no mesmo dia, com pleno sucesso e sem intercorr\u00eancias\u201d, diz trecho do boletim m\u00e9dico.<\/p>\n<p>\u201cO paciente evolui de forma satisfat\u00f3ria, encontra-se clinicamente est\u00e1vel, assintom\u00e1tico, em p\u00f3s-operat\u00f3rio, sob observa\u00e7\u00e3o em leito de UTI, conforme protocolo assistencial da institui\u00e7\u00e3o\u201d, completou.<\/p>\n<p>Lateral-esquerdo do pentacampeonato da sele\u00e7\u00e3o em 2002, Roberto Carlos foi operado no dia 29 de dezembro. A not\u00edcia repercutiu primeiramente na Espanha, onde o ex-jogador mora, e foi informado que o brasileiro teve complica\u00e7\u00e3o durante a cirurgia. A interven\u00e7\u00e3o, programada inicialmente para durar 40 minutos, levou aproximadamente tr\u00eas horas.<\/p>\n<p>No dia 31, Roberto Carlos usou as redes sociais para tranquilizar os f\u00e3s. \u201cPassei por um procedimento m\u00e9dico preventivo, previamente planejado com minha equipe m\u00e9dica. O procedimento foi bem sucedido e estou bem. N\u00e3o tive ataque card\u00edaco\u201d, publicou.<\/p>\n<p>Considerado um dos maiores laterais-esquerdos de todos os tempos, Roberto Carlos se consagrou com a camisa do Real Madrid, clube pelo qual atuou por quase uma d\u00e9cada e virou \u00eddolo. Foram 13 t\u00edtulos, incluindo tr\u00eas Champions e quatro edi\u00e7\u00f5es da La Liga, com 71 gols marcados em 584 partidas.<\/p>\n<p>Ele se aposentou em 2015, ap\u00f3s breve passagem pelo futebol da \u00cdndia. Seu \u00faltimo clube no Brasil foi o Corinthians. Na Europa, tamb\u00e9m vestiu a camisa da Inter de Mil\u00e3o, Fenerbah\u00e7e e do russo Anzhi Makhachkala. Ele despontou no cen\u00e1rio do futebol como um dos destaques do Palmeiras na era Parmalat, quando o clube foi bicampe\u00e3o Estadual e Brasileiro em 1993 e 1994.<\/p>\n<p>*Roberto Carlos<\/p>\n<\/div>\n","protected":false},"excerpt":{"rendered":"<p>O Hospital Vila Nova Star, em S\u00e3o Paulo, atualizou o quadro de sa\u00fade de Roberto Carlos. O ex-lateral da sele\u00e7\u00e3o brasileira e do Real Madrid se recupera bem ap\u00f3s ter sido submetido a uma cirurgia no cora\u00e7\u00e3o ap\u00f3s passar por exames de rotina. \u201cDurante a avalia\u00e7\u00e3o, a angiotomografia de coron\u00e1rias identificou obstru\u00e7\u00e3o coronariana, sendo indicada [&hellip;]<\/p>\n","protected":false},"author":260,"featured_media":63531,"comment_status":"closed","ping_status":"closed","sticky":false,"template":"","format":"standard","meta":{"_themeisle_gutenberg_block_has_review":false,"_jetpack_memberships_contains_paid_content":false,"footnotes":""},"categories":[12],"tags":[153],"class_list":{"0":"post-63530","1":"post","2":"type-post","3":"status-publish","4":"format-standard","5":"has-post-thumbnail","7":"category-esportes","8":"tag-esportes"},"jetpack_featured_media_url":"https:\/\/crajubaremacao.com.br\/wp-content\/uploads\/2026\/01\/H_20121029_155910-300x225-1.jpg","jetpack_sharing_enabled":true,"_links":{"self":[{"href":"https:\/\/crajubaremacao.com.br\/index.php?rest_route=\/wp\/v2\/posts\/63530","targetHints":{"allow":["GET"]}}],"collection":[{"href":"https:\/\/crajubaremacao.com.br\/index.php?rest_route=\/wp\/v2\/posts"}],"about":[{"href":"https:\/\/crajubaremacao.com.br\/index.php?rest_route=\/wp\/v2\/types\/post"}],"author":[{"embeddable":true,"href":"https:\/\/crajubaremacao.com.br\/index.php?rest_route=\/wp\/v2\/users\/260"}],"replies":[{"embeddable":true,"href":"https:\/\/crajubaremacao.com.br\/index.php?rest_route=%2Fwp%2Fv2%2Fcomments&post=63530"}],"version-history":[{"count":0,"href":"https:\/\/crajubaremacao.com.br\/index.php?rest_route=\/wp\/v2\/posts\/63530\/revisions"}],"wp:featuredmedia":[{"embeddable":true,"href":"https:\/\/crajubaremacao.com.br\/index.php?rest_route=\/wp\/v2\/media\/63531"}],"wp:attachment":[{"href":"https:\/\/crajubaremacao.com.br\/index.php?rest_route=%2Fwp%2Fv2%2Fmedia&parent=63530"}],"wp:term":[{"taxonomy":"category","embeddable":true,"href":"https:\/\/crajubaremacao.com.br\/index.php?rest_route=%2Fwp%2Fv2%2Fcategories&post=63530"},{"taxonomy":"post_tag","embeddable":true,"href":"https:\/\/crajubaremacao.com.br\/index.php?rest_route=%2Fwp%2Fv2%2Ftags&post=63530"}],"curies":[{"name":"wp","href":"https:\/\/api.w.org\/{rel}","templated":true}]}}