{"id":63532,"date":"2026-01-02T12:00:28","date_gmt":"2026-01-02T15:00:28","guid":{"rendered":"https:\/\/crajubaremacao.com.br\/?p=63532"},"modified":"2026-01-02T12:00:28","modified_gmt":"2026-01-02T15:00:28","slug":"tecnico-do-lyon-freia-estreia-de-endrick-nao-esta-pronto","status":"publish","type":"post","link":"https:\/\/crajubaremacao.com.br\/?p=63532","title":{"rendered":"T\u00e9cnico do Lyon freia estreia de Endrick: \u2018N\u00e3o est\u00e1 pronto\u2019"},"content":{"rendered":"<div>\n<div style=\"margin-bottom: 15px;\"><img decoding=\"async\" class=\"type:primaryImage\" src=\"https:\/\/jpimg.com.br\/uploads\/2026\/01\/afp__20260102__89fb83l__v1__highres__fblfraligue1lyontraining-750x500.jpg\"><\/div>\n<p><?xml encoding=\"UTF-8\"><\/p>\n<p>Emprestado pelo <a href=\"http:\/\/jovempan.com.br\/tag\/real-madrid\"><strong>Real Madrid<\/strong><\/a> para atuar no futebol franc\u00eas, o centroavante <a href=\"http:\/\/jovempan.com.br\/tag\/endrick\"><strong>Endrick<\/strong><\/a> foi a campo nesta sexta-feira (2) e participou da atividade com os seus novos companheiros do Lyon. A movimenta\u00e7\u00e3o aconteceu na v\u00e9spera do jogo com o Monaco, em partida v\u00e1lida pela 17\u00aa rodada da Ligue 1 (campeonato nacional). Questionado se o refor\u00e7o poderia estrear j\u00e1 neste s\u00e1bado, o treinador Paulo Fonseca foi direto ao ponto: \u201cEle n\u00e3o est\u00e1 pronto para jogar os 90 minutos\u201d. O treinador confirmou que o atacante de 19 anos n\u00e3o estar\u00e1 dispon\u00edvel para o compromisso.<\/p>\n<p><a href=\"https:\/\/jovempan.com.br\/esportes\/futebol\/futebol-internacional\/endrick-visita-instalacoes-do-lyon-e-recebe-alerta-e-ex-companheiro-nao-use-verde.html\"><strong>Este foi o segundo treino do atleta<\/strong><\/a>, de acordo com o jornal franc\u00eas L\u2019\u00c9quipe. Usando um agasalho, luvas e cachecol, o atleta revelado pelo Palmeiras fez exerc\u00edcios f\u00edsicos e vem sendo observado pelo novo t\u00e9cnico e a sua comiss\u00e3o.<\/p>\n<div class=\"cta-model cta-model3\" name=\"model3\">\n<div class=\"cta-container-general\">\n<div class=\"cta-container-model3\">\n<div class=\"container-image-text\">\n<div class=\"container-img\">\n                    <img decoding=\"async\" id=\"cta-image\" editable=\"true\" name=\"Imagem:\" src=\"https:\/\/s.jpimg.com.br\/wp-content\/plugins\/CTA-posts-selector\/assets\/images\/640_JPEsportes.jpg\" alt=\"cta_logo_jp\">\n                <\/div>\n<div class=\"container-title\">\n                    <span id=\"cta-text\" editable=\"true\" name=\"Conte\u00fado:\">Siga o canal da Jovem Pan Esportes e receba as principais not\u00edcias no seu WhatsApp!<\/span>\n                <\/div>\n<\/p><\/div>\n<div class=\"cta-container-link\">\n<div class=\"cta-container-space\"><\/div>\n<p>                <a id=\"cta-link_3\" editable=\"true\" name=\"Link%20do%20bot%C3%A3o:\" target=\"_blank\" href=\"https:\/\/www.whatsapp.com\/channel\/0029Va9wMgZD8SE3UbBwem2u\"><\/p>\n<div class=\"container-button\">\n                        <span id=\"cta-text2\" editable=\"true\" name=\"Texto do bot\u00e3o:\">WhatsApp<\/span>\n                    <\/div>\n<div class=\"container-icon\">\n                        <i id=\"cta-icon\" name=\"\u00cdcone do bot\u00e3o:\" editable=\"true\" class=\"fa-brands fa-whatsapp\"><\/i>\n                    <\/div>\n<p>                <\/a>\n            <\/div>\n<\/div>\n<\/div>\n<\/div>\n<p>\u201cCome\u00e7ou a treinar esta semana e acho que a adapta\u00e7\u00e3o est\u00e1 indo muito bem. \u00c9 o tipo de jogador de que precisamos: \u00e9 diferente. Todo o grupo o recebeu muito bem. Conversamos e sei que est\u00e1 muito feliz, assim como n\u00f3s. Temos um atacante de muita qualidade\u201d, afirmou Paulo Fonseca. Na conversa com os jornalistas, o treinador atualizou as informa\u00e7\u00f5es sobre a condi\u00e7\u00e3o atl\u00e9tica de seu novo comandado. \u201cEst\u00e1 em boa forma, treinou em Madri, mas ainda n\u00e3o est\u00e1 pronto para jogar uma partida inteira. Ele fez bons treinos e est\u00e1 muito motivado\u201d, comentou.<\/p>\n<p>Ap\u00f3s a atividade, Endrick foi atender os cerca de vinte torcedores que foram assistir ao treinamento. Paciente, distribuiu aut\u00f3grafos e posou para fotos. A previs\u00e3o de estreia do jovem atacante em seu novo clube \u00e9 11 de janeiro, diante do Lille, pela Copa da Fran\u00e7a.<\/p>\n<p><em>*Com informa\u00e7\u00f5es do Estad\u00e3o Conte\u00fado<\/em><\/p>\n<div class=\"list-related-posts\">\n<h3>Leia tamb\u00e9m<\/h3>\n<div class=\"related-posts-container\">\n<div class=\"related-post-item-container\">\n<div class=\"related-post\">\n<div class=\"img-related-box\">\n                                            <strong><a href=\"https:\/\/jovempan.com.br\/esportes\/futebol\/fluminense-renova-contrato-com-o-goleiro-fabio-de-45-anos-para-mais-duas-temporadas.html\" title=\"Fluminense renova contrato com o goleiro F\u00e1bio, de 45 anos, para mais duas temporadas\"><img decoding=\"async\" src=\"https:\/\/jpimg.com.br\/uploads\/2025\/08\/fabio-em-acao-pelo-fluminense-contra-o-america-de-cali-o-1-391o-jogo-da-carreira-do-goleiro-recordista-do-futebol-profissional-no-quesito-foto-lucas-mercon-fluminense.jpg\"><\/a><\/strong>\n                                        <\/div>\n<p>                                        <span class=\"box-the-title\"><br \/>\n                                            <strong><a href=\"https:\/\/jovempan.com.br\/esportes\/futebol\/fluminense-renova-contrato-com-o-goleiro-fabio-de-45-anos-para-mais-duas-temporadas.html\" title=\"Fluminense renova contrato com o goleiro F\u00e1bio, de 45 anos, para mais duas temporadas\">Fluminense renova contrato com o goleiro F\u00e1bio, de 45 anos, para mais duas temporadas<\/a><\/strong><br \/>\n                                        <\/span>\n                                    <\/div>\n<div class=\"related-post\">\n<div class=\"img-related-box\">\n                                            <strong><a href=\"https:\/\/jovempan.com.br\/opiniao-jovem-pan\/comentaristas\/thiago-uberreich-comentaristas\/eliminacao-brasileira-para-a-franca-em-2006-vai-completar-20-anos-em-julho.html\" title=\"Elimina\u00e7\u00e3o brasileira para a Fran\u00e7a, em 2006, completar\u00e1 20 anos em julho\u00a0\"><img decoding=\"async\" src=\"https:\/\/jpimg.com.br\/uploads\/2025\/12\/img930991.171602.jpg\"><\/a><\/strong>\n                                        <\/div>\n<p>                                        <span class=\"box-the-title\"><br \/>\n                                            <strong><a href=\"https:\/\/jovempan.com.br\/opiniao-jovem-pan\/comentaristas\/thiago-uberreich-comentaristas\/eliminacao-brasileira-para-a-franca-em-2006-vai-completar-20-anos-em-julho.html\" title=\"Elimina\u00e7\u00e3o brasileira para a Fran\u00e7a, em 2006, completar\u00e1 20 anos em julho\u00a0\">Elimina\u00e7\u00e3o brasileira para a Fran\u00e7a, em 2006, completar\u00e1 20 anos em julho\u00a0<\/a><\/strong><br \/>\n                                        <\/span>\n                                    <\/div>\n<div class=\"related-post\">\n<div class=\"img-related-box\">\n                                            <strong><a href=\"https:\/\/jovempan.com.br\/esportes\/futebol\/roberto-carlos-tem-evolucao-satisfatoria-apos-cirurgia-no-coracao-diz-hospital.html\" title=\"Roberto Carlos tem 'evolu\u00e7\u00e3o satisfat\u00f3ria' ap\u00f3s cirurgia no cora\u00e7\u00e3o, diz hospital\"><img decoding=\"async\" src=\"https:\/\/jpimg.com.br\/uploads\/2017\/04\/H_20121029_155910.jpg\"><\/a><\/strong>\n                                        <\/div>\n<p>                                        <span class=\"box-the-title\"><br \/>\n                                            <strong><a href=\"https:\/\/jovempan.com.br\/esportes\/futebol\/roberto-carlos-tem-evolucao-satisfatoria-apos-cirurgia-no-coracao-diz-hospital.html\" title=\"Roberto Carlos tem 'evolu\u00e7\u00e3o satisfat\u00f3ria' ap\u00f3s cirurgia no cora\u00e7\u00e3o, diz hospital\">Roberto Carlos tem &#8216;evolu\u00e7\u00e3o satisfat\u00f3ria&#8217; ap\u00f3s cirurgia no cora\u00e7\u00e3o, diz hospital<\/a><\/strong><br \/>\n                                        <\/span>\n                                    <\/div>\n<\/p><\/div>\n<\/p><\/div>\n<\/p><\/div>\n<\/div>\n","protected":false},"excerpt":{"rendered":"<p>Emprestado pelo Real Madrid para atuar no futebol franc\u00eas, o centroavante Endrick foi a campo nesta sexta-feira (2) e participou da atividade com os seus novos companheiros do Lyon. A movimenta\u00e7\u00e3o aconteceu na v\u00e9spera do jogo com o Monaco, em partida v\u00e1lida pela 17\u00aa rodada da Ligue 1 (campeonato nacional). Questionado se o refor\u00e7o poderia [&hellip;]<\/p>\n","protected":false},"author":260,"featured_media":63533,"comment_status":"closed","ping_status":"closed","sticky":false,"template":"","format":"standard","meta":{"_themeisle_gutenberg_block_has_review":false,"_jetpack_memberships_contains_paid_content":false,"footnotes":""},"categories":[12],"tags":[153],"class_list":{"0":"post-63532","1":"post","2":"type-post","3":"status-publish","4":"format-standard","5":"has-post-thumbnail","7":"category-esportes","8":"tag-esportes"},"jetpack_featured_media_url":"https:\/\/crajubaremacao.com.br\/wp-content\/uploads\/2026\/01\/afp__20260102__89fb83l__v1__highres__fblfraligue1lyontraining-750x500-1.jpg","jetpack_sharing_enabled":true,"_links":{"self":[{"href":"https:\/\/crajubaremacao.com.br\/index.php?rest_route=\/wp\/v2\/posts\/63532","targetHints":{"allow":["GET"]}}],"collection":[{"href":"https:\/\/crajubaremacao.com.br\/index.php?rest_route=\/wp\/v2\/posts"}],"about":[{"href":"https:\/\/crajubaremacao.com.br\/index.php?rest_route=\/wp\/v2\/types\/post"}],"author":[{"embeddable":true,"href":"https:\/\/crajubaremacao.com.br\/index.php?rest_route=\/wp\/v2\/users\/260"}],"replies":[{"embeddable":true,"href":"https:\/\/crajubaremacao.com.br\/index.php?rest_route=%2Fwp%2Fv2%2Fcomments&post=63532"}],"version-history":[{"count":0,"href":"https:\/\/crajubaremacao.com.br\/index.php?rest_route=\/wp\/v2\/posts\/63532\/revisions"}],"wp:featuredmedia":[{"embeddable":true,"href":"https:\/\/crajubaremacao.com.br\/index.php?rest_route=\/wp\/v2\/media\/63533"}],"wp:attachment":[{"href":"https:\/\/crajubaremacao.com.br\/index.php?rest_route=%2Fwp%2Fv2%2Fmedia&parent=63532"}],"wp:term":[{"taxonomy":"category","embeddable":true,"href":"https:\/\/crajubaremacao.com.br\/index.php?rest_route=%2Fwp%2Fv2%2Fcategories&post=63532"},{"taxonomy":"post_tag","embeddable":true,"href":"https:\/\/crajubaremacao.com.br\/index.php?rest_route=%2Fwp%2Fv2%2Ftags&post=63532"}],"curies":[{"name":"wp","href":"https:\/\/api.w.org\/{rel}","templated":true}]}}