{"id":63567,"date":"2026-01-03T03:03:38","date_gmt":"2026-01-03T06:03:38","guid":{"rendered":"https:\/\/crajubaremacao.com.br\/?p=63567"},"modified":"2026-01-03T03:03:38","modified_gmt":"2026-01-03T06:03:38","slug":"carreta-com-gesso-tomba-atinge-carro-destroi-casa-e-comercios-e-deixa-feridos-no-ceara","status":"publish","type":"post","link":"https:\/\/crajubaremacao.com.br\/?p=63567","title":{"rendered":"Carreta com gesso tomba, atinge carro, destr\u00f3i casa e com\u00e9rcios, e deixa feridos, no Cear\u00e1"},"content":{"rendered":"<div><img decoding=\"async\" src=\"https:\/\/s2-g1.glbimg.com\/aYllewK-Ki4soKaQiN7oeqO17vQ=\/i.s3.glbimg.com\/v1\/AUTH_59edd422c0c84a879bd37670ae4f538a\/internal_photos\/bs\/2026\/a\/v\/vWFlpBSmqxtbzi15QoOw\/whatsapp-image-2026-01-02-at-17.16.17.jpeg\"><br \/>     Carreta tombou, atingiu carro, destruiu im\u00f3veis e deixou tr\u00eas feridos no Cear\u00e1.<br \/>\nUma carreta que transportava gesso tombou nesta sexta-feira (2), em Jati, no Cariri do Cear\u00e1. O ve\u00edculo atingiu um carro que passava pelo local, uma casa e quatro estabelecimentos. O motorista da carreta, a esposa dele e o motorista do outro ve\u00edculo ficaram feridos.<br \/>\nO acidente aconteceu na BR-526. A carreta saiu de Nova Olinda, tamb\u00e9m na regi\u00e3o do Cariri, com destino a Minas Gerais. O motorista relatou \u00e0 Pol\u00edcia Rodovi\u00e1ria Federal que perdeu o controle ao passar por uma curva.<br \/>\n\u2705 Clique aqui para seguir o canal do g1 Cear\u00e1 no WhatsApp<br \/>\n&#8220;Desespero. Perdi tudo. As coisas se acabaram dentro. Bateu na parede do banheiro, derrubou e quebrou tudo l\u00e1 dentro. Agora \u00e9 esperar para saber como recome\u00e7ar tudo de novo&#8221;, disse Josivan Gomes, dono de uma barbearia atingida pelo acidente. Ele n\u00e3o estava na barbearia no momento do acidente, pois tinha sa\u00eddo para o hor\u00e1rio de almo\u00e7o.<br \/>\nLEIA TAMB\u00c9M:<br \/>\nServidor p\u00fablico morre em acidente de moto ao voltar do trabalho ap\u00f3s Ano Novo em Fortaleza<br \/>\nV\u00eddeo: Inc\u00eandio atinge dep\u00f3sito de reciclagem e gera coluna de fuma\u00e7a em Fortaleza<br \/>\nAp\u00f3s a curva, a carga come\u00e7ou a vazar pela lateral da carreta, o que provocou o tombamento. N\u00e3o houve mortes e as v\u00edtimas tiveram ferimentos leves.<br \/>\nDevido ao acidente, a via ficou interditada. A Prefeitura de Jati enviou equipes para limpar o gesso espalhado na pista. H\u00e1 risco de desmoronamento dos im\u00f3veis atingidos durante a remo\u00e7\u00e3o da carreta.<br \/>\nEquipes do Departamento Municipal de Tr\u00e2nsito (Demutran) de Jati tamb\u00e9m foram ao local para auxiliar o fluxo de ve\u00edculos, j\u00e1 que a via \u00e9 bastante movimentada, especialmente no feriado de fim de ano. O trecho possui hist\u00f3rico de acidentes, principalmente na curva.<br \/>\nCarreta com gesso tomba, atinge carro, destr\u00f3i casa e com\u00e9rcios, e deixa feridos, no Cear\u00e1.<br \/>\nDarlene Barbosa\/TVM Cariri<br \/>\nCarreta com gesso tomba, atinge carro, destr\u00f3i casa e com\u00e9rcios, e deixa feridos, no Cear\u00e1.<br \/>\nDarlene Barbosa\/TVM Cariri<br \/>\nCarreta com gesso tomba, atinge carro, destr\u00f3i casa e com\u00e9rcios, e deixa feridos, no Cear\u00e1.<br \/>\nDarlene Barbosa\/TVM Cariri<br \/>\nCarreta com gesso tomba, atinge carro, destr\u00f3i casa e com\u00e9rcios, e deixa feridos, no Cear\u00e1.<br \/>\nDarlene Barbosa\/TVM Cariri<br \/>\nAssista aos v\u00eddeos mais vistos do Cear\u00e1<\/div>\n","protected":false},"excerpt":{"rendered":"<p>Carreta tombou, atingiu carro, destruiu im\u00f3veis e deixou tr\u00eas feridos no Cear\u00e1. Uma carreta que transportava gesso tombou nesta sexta-feira (2), em Jati, no Cariri do Cear\u00e1. O ve\u00edculo atingiu um carro que passava pelo local, uma casa e quatro estabelecimentos. O motorista da carreta, a esposa dele e o motorista do outro ve\u00edculo ficaram [&hellip;]<\/p>\n","protected":false},"author":264,"featured_media":63568,"comment_status":"closed","ping_status":"closed","sticky":false,"template":"","format":"standard","meta":{"_themeisle_gutenberg_block_has_review":false,"_jetpack_memberships_contains_paid_content":false,"footnotes":""},"categories":[4],"tags":[127,130],"class_list":{"0":"post-63567","1":"post","2":"type-post","3":"status-publish","4":"format-standard","5":"has-post-thumbnail","7":"category-regiao","8":"tag-cariri","9":"tag-ceara"},"jetpack_featured_media_url":"https:\/\/crajubaremacao.com.br\/wp-content\/uploads\/2026\/01\/whatsapp-image-2026-01-02-at-171617.jpeg","jetpack_sharing_enabled":true,"_links":{"self":[{"href":"https:\/\/crajubaremacao.com.br\/index.php?rest_route=\/wp\/v2\/posts\/63567","targetHints":{"allow":["GET"]}}],"collection":[{"href":"https:\/\/crajubaremacao.com.br\/index.php?rest_route=\/wp\/v2\/posts"}],"about":[{"href":"https:\/\/crajubaremacao.com.br\/index.php?rest_route=\/wp\/v2\/types\/post"}],"author":[{"embeddable":true,"href":"https:\/\/crajubaremacao.com.br\/index.php?rest_route=\/wp\/v2\/users\/264"}],"replies":[{"embeddable":true,"href":"https:\/\/crajubaremacao.com.br\/index.php?rest_route=%2Fwp%2Fv2%2Fcomments&post=63567"}],"version-history":[{"count":0,"href":"https:\/\/crajubaremacao.com.br\/index.php?rest_route=\/wp\/v2\/posts\/63567\/revisions"}],"wp:featuredmedia":[{"embeddable":true,"href":"https:\/\/crajubaremacao.com.br\/index.php?rest_route=\/wp\/v2\/media\/63568"}],"wp:attachment":[{"href":"https:\/\/crajubaremacao.com.br\/index.php?rest_route=%2Fwp%2Fv2%2Fmedia&parent=63567"}],"wp:term":[{"taxonomy":"category","embeddable":true,"href":"https:\/\/crajubaremacao.com.br\/index.php?rest_route=%2Fwp%2Fv2%2Fcategories&post=63567"},{"taxonomy":"post_tag","embeddable":true,"href":"https:\/\/crajubaremacao.com.br\/index.php?rest_route=%2Fwp%2Fv2%2Ftags&post=63567"}],"curies":[{"name":"wp","href":"https:\/\/api.w.org\/{rel}","templated":true}]}}