{"id":63569,"date":"2026-01-03T03:03:52","date_gmt":"2026-01-03T06:03:52","guid":{"rendered":"https:\/\/crajubaremacao.com.br\/?p=63569"},"modified":"2026-01-03T03:03:52","modified_gmt":"2026-01-03T06:03:52","slug":"planeje-o-feriadao-fortaleza-e-interior-somam-60-trechos-de-praia-proprios-para-banho","status":"publish","type":"post","link":"https:\/\/crajubaremacao.com.br\/?p=63569","title":{"rendered":"Planeje o feriad\u00e3o: Fortaleza e interior somam 60 trechos de praia pr\u00f3prios para banho"},"content":{"rendered":"<div>\n<p>\u00a0<\/p>\n<p style=\"background-color: white; border: 0px; box-sizing: border-box; font-family: OpenSans-Light, Helvetica, Arial, sans-serif; font-feature-settings: normal; font-kerning: auto; font-language-override: normal; font-optical-sizing: auto; font-size-adjust: none; font-size: 1.4em; font-stretch: normal; font-variant-alternates: normal; font-variant-east-asian: normal; font-variant-emoji: normal; font-variant-numeric: normal; font-variant-position: normal; font-variation-settings: normal; line-height: 1.8; margin: 0px 0px 20px; padding: 0px; vertical-align: baseline;\"><img alt=\"\" class=\"size-medium wp-image-42822 aligncenter\" decoding=\"async\" height=\"230\" sizes=\"(max-width: 600px) 100vw, 600px\" src=\"https:\/\/www.semace.ce.gov.br\/wp-content\/uploads\/sites\/46\/2025\/12\/WhatsApp-Image-2025-12-29-at-16.23.17-600x488.jpeg\" srcset=\"https:\/\/www.semace.ce.gov.br\/wp-content\/uploads\/sites\/46\/2025\/12\/WhatsApp-Image-2025-12-29-at-16.23.17-600x488.jpeg 600w, https:\/\/www.semace.ce.gov.br\/wp-content\/uploads\/sites\/46\/2025\/12\/WhatsApp-Image-2025-12-29-at-16.23.17-1200x976.jpeg 1200w, https:\/\/www.semace.ce.gov.br\/wp-content\/uploads\/sites\/46\/2025\/12\/WhatsApp-Image-2025-12-29-at-16.23.17-768x625.jpeg 768w, https:\/\/www.semace.ce.gov.br\/wp-content\/uploads\/sites\/46\/2025\/12\/WhatsApp-Image-2025-12-29-at-16.23.17.jpeg 1280w\" style=\"border: 0px; box-sizing: border-box; clear: both; display: block; font: inherit; height: auto; margin: 15px auto; max-width: 100%; padding: 0px; vertical-align: baseline;\"><\/p>\n<p style=\"background-color: white; border: 0px; box-sizing: border-box; font-family: OpenSans-Light, Helvetica, Arial, sans-serif; font-feature-settings: normal; font-kerning: auto; font-language-override: normal; font-optical-sizing: auto; font-size-adjust: none; font-size: 1.4em; font-stretch: normal; font-variant-alternates: normal; font-variant-east-asian: normal; font-variant-emoji: normal; font-variant-numeric: normal; font-variant-position: normal; font-variation-settings: normal; line-height: 1.8; margin: 0px 0px 20px; padding: 0px; vertical-align: baseline;\">O litoral cearense apresenta 60 trechos pr\u00f3prios para banho neste feriad\u00e3o de R\u00e9veillon, conforme o \u00faltimo boletim de balneabilidade de 2025, divulgado pela Superintend\u00eancia Estadual do Meio Ambiente (Semace). O levantamento, que serve como guia para a popula\u00e7\u00e3o e turistas, confirma que pontos de grande fluxo, como a Praia de Iracema, na Capital, e diversos destinos no interior, est\u00e3o liberados para o banho de mar. As condi\u00e7\u00f5es t\u00eam validade at\u00e9 o dia 4 de janeiro de 2026.<\/p>\n<p style=\"background-color: white; border: 0px; box-sizing: border-box; font-family: OpenSans-Light, Helvetica, Arial, sans-serif; font-feature-settings: normal; font-kerning: auto; font-language-override: normal; font-optical-sizing: auto; font-size-adjust: none; font-size: 1.4em; font-stretch: normal; font-variant-alternates: normal; font-variant-east-asian: normal; font-variant-emoji: normal; font-variant-numeric: normal; font-variant-position: normal; font-variation-settings: normal; line-height: 1.8; margin: 0px 0px 20px; padding: 0px; vertical-align: baseline;\">Na capital, 25 trechos est\u00e3o pr\u00f3prios para banho. A maior concentra\u00e7\u00e3o de pontos favor\u00e1veis est\u00e1 no Setor Leste, que compreende as praias do Futuro, Titanzinho e Abreul\u00e2ndia, onde todos os 13 trechos monitorados apresentam condi\u00e7\u00f5es adequadas.<\/p>\n<p style=\"background-color: white; border: 0px; box-sizing: border-box; font-family: OpenSans-Light, Helvetica, Arial, sans-serif; font-feature-settings: normal; font-kerning: auto; font-language-override: normal; font-optical-sizing: auto; font-size-adjust: none; font-size: 1.4em; font-stretch: normal; font-variant-alternates: normal; font-variant-east-asian: normal; font-variant-emoji: normal; font-variant-numeric: normal; font-variant-position: normal; font-variation-settings: normal; line-height: 1.8; margin: 0px 0px 20px; padding: 0px; vertical-align: baseline;\">No Setor Centro, que abrange as praias do Mucuripe, Meireles e Iracema, sete trechos est\u00e3o liberados. J\u00e1 no Setor Oeste, que engloba as praias da Leste, Col\u00f4nia, Pirambu e Barra do Cear\u00e1, cinco trechos apresentam condi\u00e7\u00f5es favor\u00e1veis.<\/p>\n<p style=\"background-color: white; border: 0px; box-sizing: border-box; font-family: OpenSans-Light, Helvetica, Arial, sans-serif; font-feature-settings: normal; font-kerning: auto; font-language-override: normal; font-optical-sizing: auto; font-size-adjust: none; font-size: 1.4em; font-stretch: normal; font-variant-alternates: normal; font-variant-east-asian: normal; font-variant-emoji: normal; font-variant-numeric: normal; font-variant-position: normal; font-variation-settings: normal; line-height: 1.8; margin: 0px 0px 20px; padding: 0px; vertical-align: baseline;\">Para conferir a situa\u00e7\u00e3o atualizada de cada trecho, a popula\u00e7\u00e3o pode acessar o site da autarquia ou baixar o aplicativo Semace Digital (Android), que oferece as informa\u00e7\u00f5es de balneabilidade em tempo real.<\/p>\n<h3 style=\"background-color: white; border: 0px; box-sizing: border-box; color: #00a84a; font-family: OpenSans-Light, Helvetica, Arial, sans-serif; font-feature-settings: inherit; font-kerning: inherit; font-language-override: inherit; font-optical-sizing: inherit; font-size-adjust: inherit; font-size: 2.3em; font-stretch: inherit; font-variant-alternates: inherit; font-variant-east-asian: inherit; font-variant-emoji: inherit; font-variant-numeric: inherit; font-variant-position: inherit; font-variation-settings: inherit; font-weight: inherit; letter-spacing: 1px; line-height: 1.2em; margin: 0px 0px 15px; padding: 0px; vertical-align: baseline;\"><span style=\"border: 0px; box-sizing: border-box; font-family: OpenSans-Semibold, Helvetica, Arial, sans-serif; font-feature-settings: inherit; font-kerning: inherit; font-language-override: inherit; font-optical-sizing: inherit; font-size-adjust: inherit; font-size: inherit; font-stretch: inherit; font-style: inherit; font-variant: inherit; font-variation-settings: inherit; font-weight: inherit; line-height: inherit; margin: 0px; padding: 0px; vertical-align: baseline;\">Confira os trechos pr\u00f3prios na capital<\/span><\/h3>\n<h4 style=\"background-color: white; border: 0px; box-sizing: border-box; color: #00a84a; font-family: OpenSans-Light, Helvetica, Arial, sans-serif; font-feature-settings: inherit; font-kerning: inherit; font-language-override: inherit; font-optical-sizing: inherit; font-size-adjust: inherit; font-size: 1.8em; font-stretch: inherit; font-variant-alternates: inherit; font-variant-east-asian: inherit; font-variant-emoji: inherit; font-variant-numeric: inherit; font-variant-position: inherit; font-variation-settings: inherit; font-weight: inherit; letter-spacing: 1px; line-height: 1.2em; margin: 0px 0px 4px; padding: 0px; vertical-align: baseline;\">Leste<\/h4>\n<p style=\"background-color: white; border: 0px; box-sizing: border-box; font-family: OpenSans-Light, Helvetica, Arial, sans-serif; font-feature-settings: normal; font-kerning: auto; font-language-override: normal; font-optical-sizing: auto; font-size-adjust: none; font-size: 1.4em; font-stretch: normal; font-variant-alternates: normal; font-variant-east-asian: normal; font-variant-emoji: normal; font-variant-numeric: normal; font-variant-position: normal; font-variation-settings: normal; line-height: 1.8; margin: 0px 0px 20px; padding: 0px; vertical-align: baseline;\">P. do Futuro \u2013 Praia do Ca\u00e7a e Pesca. Na altura da rua Germiniano Jurema.<br style=\"box-sizing: border-box;\">P. do Futuro \u2013 Na altura da Capela de Santa Terezinha. Pr\u00f3ximo ao Posto Guarda-vidas 09.<br style=\"box-sizing: border-box;\">P. do Futuro \u2013 Na altura da rua Embratel. Pr\u00f3ximo ao Posto Guarda-vidas 08.<br style=\"box-sizing: border-box;\">P. do Futuro \u2013 Na altura da rua Francisco Montenegro. Pr\u00f3ximo ao Posto Guarda-vidas 06.<br style=\"box-sizing: border-box;\">P. do Futuro \u2013 Na altura da rua Ant\u00f4nio Atualpa Rodrigues.<br style=\"box-sizing: border-box;\">P. do Futuro \u2013 Na altura da Av. Carlos Jereissati.<br style=\"box-sizing: border-box;\">P. do Futuro \u2013 Na altura da rua Ger\u00f4ncio Br\u00edgido Neto. Pr\u00f3ximo ao Posto Guarda-vidas 01.<br style=\"box-sizing: border-box;\">P. do Futuro \u2013 Na altura da rua Cl\u00f3vis Mota. Em frente ao Clube dos Oficiais da Pol\u00edcia e Bombeiro Militares.<br style=\"box-sizing: border-box;\">P. do Futuro \u2013 Na altura da Areninha Praia do Futuro I.<br style=\"box-sizing: border-box;\">P. do Futuro \u2013 Na altura da rua Ismael Pordeus.<br style=\"box-sizing: border-box;\">P. do Titanzinho \u2013 Praia do Titanzinho.<br style=\"box-sizing: border-box;\">P. da Abreul\u00e2ndia \u2013 Na altura da rua Te\u00f3filo Ramos.<br style=\"box-sizing: border-box;\">P. da Sabiaguaba \u2013 Na altura da rua Sabiaguaba.<\/p>\n<h4 style=\"background-color: white; border: 0px; box-sizing: border-box; color: #00a84a; font-family: OpenSans-Light, Helvetica, Arial, sans-serif; font-feature-settings: inherit; font-kerning: inherit; font-language-override: inherit; font-optical-sizing: inherit; font-size-adjust: inherit; font-size: 1.8em; font-stretch: inherit; font-variant-alternates: inherit; font-variant-east-asian: inherit; font-variant-emoji: inherit; font-variant-numeric: inherit; font-variant-position: inherit; font-variation-settings: inherit; font-weight: inherit; letter-spacing: 1px; line-height: 1.2em; margin: 0px 0px 4px; padding: 0px; vertical-align: baseline;\">Centro<\/h4>\n<p style=\"background-color: white; border: 0px; box-sizing: border-box; font-family: OpenSans-Light, Helvetica, Arial, sans-serif; font-feature-settings: normal; font-kerning: auto; font-language-override: normal; font-optical-sizing: auto; font-size-adjust: none; font-size: 1.4em; font-stretch: normal; font-variant-alternates: normal; font-variant-east-asian: normal; font-variant-emoji: normal; font-variant-numeric: normal; font-variant-position: normal; font-variation-settings: normal; line-height: 1.8; margin: 0px 0px 20px; padding: 0px; vertical-align: baseline;\">P. do Mucuripe \u2013 Na altura do Jardim Japon\u00eas e da Arena Beira Mar.<br style=\"box-sizing: border-box;\">P. do Meireles \u2013 Na altura da Av. Desembargador Moreira. Pr\u00f3ximo \u00e0 Feirinha da Beira Mar.<br style=\"box-sizing: border-box;\">P. do Meireles \u2013 Na altura da rua Jos\u00e9 Vilar. Pr\u00f3ximo ao Posto Guarda-vidas 06.<br style=\"box-sizing: border-box;\">P. do Meireles \u2013 Na altura da Av. Rui Barbosa. No Aterro.<br style=\"box-sizing: border-box;\">P. de Iracema \u2013 Na altura da Est\u00e1tua de Iracema Guardi\u00e3. No Aterrinho.<br style=\"box-sizing: border-box;\">P. de Iracema \u2013 Na altura da Av. Almirante Tamandar\u00e9. Pr\u00f3ximo \u00e0 Ponte Met\u00e1lica.<br style=\"box-sizing: border-box;\">P. de Iracema \u2013 Praia dos Crush. Na altura do Centro Cultural Belchior<\/p>\n<h4 style=\"background-color: white; border: 0px; box-sizing: border-box; color: #00a84a; font-family: OpenSans-Light, Helvetica, Arial, sans-serif; font-feature-settings: inherit; font-kerning: inherit; font-language-override: inherit; font-optical-sizing: inherit; font-size-adjust: inherit; font-size: 1.8em; font-stretch: inherit; font-variant-alternates: inherit; font-variant-east-asian: inherit; font-variant-emoji: inherit; font-variant-numeric: inherit; font-variant-position: inherit; font-variation-settings: inherit; font-weight: inherit; letter-spacing: 1px; line-height: 1.2em; margin: 0px 0px 4px; padding: 0px; vertical-align: baseline;\">Oeste<\/h4>\n<p style=\"background-color: white; border: 0px; box-sizing: border-box; font-family: OpenSans-Light, Helvetica, Arial, sans-serif; font-feature-settings: normal; font-kerning: auto; font-language-override: normal; font-optical-sizing: auto; font-size-adjust: none; font-size: 1.4em; font-stretch: normal; font-variant-alternates: normal; font-variant-east-asian: normal; font-variant-emoji: normal; font-variant-numeric: normal; font-variant-position: normal; font-variation-settings: normal; line-height: 1.8; margin: 0px 0px 20px; padding: 0px; vertical-align: baseline;\">P. do Pirambu \u2013 Praia da Leste. Na altura da Av. Filomeno Gomes.<br style=\"box-sizing: border-box;\">P. do Pirambu \u2013 Praia da Formosa. Na altura do Posto de Sa\u00fade Guiomar Arruda.<br style=\"box-sizing: border-box;\">P. da Col\u00f4nia \u2013 Praia do \u201cL\u201d. Na altura da rua Dr. Theberge.<br style=\"box-sizing: border-box;\">P. Barra do Cear\u00e1 \u2013 Na altura da rua Bom Jesus.<br style=\"box-sizing: border-box;\">P. Barra do Cear\u00e1 \u2013 Praia da Barra do Cear\u00e1. Na altura da rua Rita das Goiabeiras.<\/p>\n<h3 style=\"background-color: white; border: 0px; box-sizing: border-box; color: #00a84a; font-family: OpenSans-Light, Helvetica, Arial, sans-serif; font-feature-settings: inherit; font-kerning: inherit; font-language-override: inherit; font-optical-sizing: inherit; font-size-adjust: inherit; font-size: 2.3em; font-stretch: inherit; font-variant-alternates: inherit; font-variant-east-asian: inherit; font-variant-emoji: inherit; font-variant-numeric: inherit; font-variant-position: inherit; font-variation-settings: inherit; font-weight: inherit; letter-spacing: 1px; line-height: 1.2em; margin: 0px 0px 15px; padding: 0px; vertical-align: baseline;\">Praias do interior<\/h3>\n<p style=\"background-color: white; border: 0px; box-sizing: border-box; font-family: OpenSans-Light, Helvetica, Arial, sans-serif; font-feature-settings: normal; font-kerning: auto; font-language-override: normal; font-optical-sizing: auto; font-size-adjust: none; font-size: 1.4em; font-stretch: normal; font-variant-alternates: normal; font-variant-east-asian: normal; font-variant-emoji: normal; font-variant-numeric: normal; font-variant-position: normal; font-variation-settings: normal; line-height: 1.8; margin: 0px 0px 20px; padding: 0px; vertical-align: baseline;\">No litoral Leste do estado, 17 trechos foram classificados como pr\u00f3prios para banho, com destaque para as praias do Iguape e Canto Verde.<\/p>\n<p style=\"background-color: white; border: 0px; box-sizing: border-box; font-family: OpenSans-Light, Helvetica, Arial, sans-serif; font-feature-settings: normal; font-kerning: auto; font-language-override: normal; font-optical-sizing: auto; font-size-adjust: none; font-size: 1.4em; font-stretch: normal; font-variant-alternates: normal; font-variant-east-asian: normal; font-variant-emoji: normal; font-variant-numeric: normal; font-variant-position: normal; font-variation-settings: normal; line-height: 1.8; margin: 0px 0px 20px; padding: 0px; vertical-align: baseline;\">J\u00e1 no litoral Oeste, 18 trechos apresentam condi\u00e7\u00f5es adequadas para o banho, incluindo as praias de Pec\u00e9m, Paracuru e Icara\u00ed de Amontada.<\/p>\n<h3 style=\"background-color: white; border: 0px; box-sizing: border-box; color: #00a84a; font-family: OpenSans-Light, Helvetica, Arial, sans-serif; font-feature-settings: inherit; font-kerning: inherit; font-language-override: inherit; font-optical-sizing: inherit; font-size-adjust: inherit; font-size: 2.3em; font-stretch: inherit; font-variant-alternates: inherit; font-variant-east-asian: inherit; font-variant-emoji: inherit; font-variant-numeric: inherit; font-variant-position: inherit; font-variation-settings: inherit; font-weight: inherit; letter-spacing: 1px; line-height: 1.2em; margin: 0px 0px 15px; padding: 0px; vertical-align: baseline;\">Metodologia<\/h3>\n<p style=\"background-color: white; border: 0px; box-sizing: border-box; font-family: OpenSans-Light, Helvetica, Arial, sans-serif; font-feature-settings: normal; font-kerning: auto; font-language-override: normal; font-optical-sizing: auto; font-size-adjust: none; font-size: 1.4em; font-stretch: normal; font-variant-alternates: normal; font-variant-east-asian: normal; font-variant-emoji: normal; font-variant-numeric: normal; font-variant-position: normal; font-variation-settings: normal; line-height: 1.8; margin: 0px 0px 20px; padding: 0px; vertical-align: baseline;\">O boletim \u00e9 elaborado pela equipe da Ger\u00eancia de An\u00e1lise e Monitoramento da Superintend\u00eancia. Os t\u00e9cnicos da Geamo seguem os crit\u00e9rios de balneabilidade descritos na Resolu\u00e7\u00e3o Conama N\u00ba 274, de 29\/11\/2000. O documento est\u00e1 dispon\u00edvel no site e no aplicativo da autarquia.<\/p>\n<\/div>\n","protected":false},"excerpt":{"rendered":"<p>\u00a0 O litoral cearense apresenta 60 trechos pr\u00f3prios para banho neste feriad\u00e3o de R\u00e9veillon, conforme o \u00faltimo boletim de balneabilidade de 2025, divulgado pela Superintend\u00eancia Estadual do Meio Ambiente (Semace). O levantamento, que serve como guia para a popula\u00e7\u00e3o e turistas, confirma que pontos de grande fluxo, como a Praia de Iracema, na Capital, e [&hellip;]<\/p>\n","protected":false},"author":88,"featured_media":63570,"comment_status":"closed","ping_status":"closed","sticky":false,"template":"","format":"standard","meta":{"_themeisle_gutenberg_block_has_review":false,"_jetpack_memberships_contains_paid_content":false,"footnotes":""},"categories":[4],"tags":[127,130],"class_list":{"0":"post-63569","1":"post","2":"type-post","3":"status-publish","4":"format-standard","5":"has-post-thumbnail","7":"category-regiao","8":"tag-cariri","9":"tag-ceara"},"jetpack_featured_media_url":"https:\/\/crajubaremacao.com.br\/wp-content\/uploads\/2026\/01\/WhatsApp-Image-2025-12-29-at-162317-600x488-1.jpeg","jetpack_sharing_enabled":true,"_links":{"self":[{"href":"https:\/\/crajubaremacao.com.br\/index.php?rest_route=\/wp\/v2\/posts\/63569","targetHints":{"allow":["GET"]}}],"collection":[{"href":"https:\/\/crajubaremacao.com.br\/index.php?rest_route=\/wp\/v2\/posts"}],"about":[{"href":"https:\/\/crajubaremacao.com.br\/index.php?rest_route=\/wp\/v2\/types\/post"}],"author":[{"embeddable":true,"href":"https:\/\/crajubaremacao.com.br\/index.php?rest_route=\/wp\/v2\/users\/88"}],"replies":[{"embeddable":true,"href":"https:\/\/crajubaremacao.com.br\/index.php?rest_route=%2Fwp%2Fv2%2Fcomments&post=63569"}],"version-history":[{"count":0,"href":"https:\/\/crajubaremacao.com.br\/index.php?rest_route=\/wp\/v2\/posts\/63569\/revisions"}],"wp:featuredmedia":[{"embeddable":true,"href":"https:\/\/crajubaremacao.com.br\/index.php?rest_route=\/wp\/v2\/media\/63570"}],"wp:attachment":[{"href":"https:\/\/crajubaremacao.com.br\/index.php?rest_route=%2Fwp%2Fv2%2Fmedia&parent=63569"}],"wp:term":[{"taxonomy":"category","embeddable":true,"href":"https:\/\/crajubaremacao.com.br\/index.php?rest_route=%2Fwp%2Fv2%2Fcategories&post=63569"},{"taxonomy":"post_tag","embeddable":true,"href":"https:\/\/crajubaremacao.com.br\/index.php?rest_route=%2Fwp%2Fv2%2Ftags&post=63569"}],"curies":[{"name":"wp","href":"https:\/\/api.w.org\/{rel}","templated":true}]}}