{"id":63571,"date":"2026-01-03T05:05:45","date_gmt":"2026-01-03T08:05:45","guid":{"rendered":"https:\/\/crajubaremacao.com.br\/?p=63571"},"modified":"2026-01-03T05:05:45","modified_gmt":"2026-01-03T08:05:45","slug":"polones-procurado-pela-interpol-e-preso-pela-pmce-por-violencia-domestica-contra-a-noiva","status":"publish","type":"post","link":"https:\/\/crajubaremacao.com.br\/?p=63571","title":{"rendered":"Polon\u00eas procurado pela Interpol \u00e9 preso pela PMCE por viol\u00eancia dom\u00e9stica contra a noiva"},"content":{"rendered":"<div>\n<p><img fetchpriority=\"high\" fetchpriority=\"high\" decoding=\"async\" class=\"aligncenter wp-image-307095 size-full\" src=\"https:\/\/www.ceara.gov.br\/wp-content\/uploads\/2026\/01\/IM-SSPDS.jpg\" alt=\"\" width=\"600\" height=\"270\"><\/p>\n<p style=\"text-align: center\"><em>A captura foi realizada no Porto das Dunas, em Aquiraz. O suspeito tamb\u00e9m \u00e9 investigado pela PCCE por portar documento falso<\/em><\/p>\n<p>Uma a\u00e7\u00e3o da Pol\u00edcia Militar do Cear\u00e1 (PMCE) resultou na pris\u00e3o em flagrante de um polon\u00eas, de 45 anos, suspeito de cometer viol\u00eancia dom\u00e9stica contra a noiva, uma boliviana, de 45 anos. A captura ocorreu no dia 25 de dezembro de 2025, no munic\u00edpio de Aquiraz, na \u00c1rea Integrada de Seguran\u00e7a 13 (AIS 13) da Regi\u00e3o Metropolitana de Fortaleza.<\/p>\n<p>As agress\u00f5es ocorreram durante a madrugada daquele dia, quando o suspeito agrediu verbalmente e fisicamente a v\u00edtima. Uma equipe do Batalh\u00e3o de Policiamento Tur\u00edstico (BPTur) da Pol\u00edcia Militar do Cear\u00e1 (PMCE) foi acionada para atender \u00e0 ocorr\u00eancia em um estabelecimento comercial no bairro Porto das Dunas.<\/p>\n<h3><strong>Investiga\u00e7\u00e3o no Cear\u00e1<\/strong><\/h3>\n<p>Ap\u00f3s a captura, o homem passou a ser investigado pela Pol\u00edcia Civil do Estado do Cear\u00e1 (PCCE) e pela Pol\u00edcia Federal (PF). O suspeito, natural da Pol\u00f4nia, apresentou identidade falsa com nascimento no munic\u00edpio de Pacatuba, na Regi\u00e3o Metropolitana de Fortaleza. No momento da captura, os policiais militares ainda apreenderam quatro aparelhos celulares.<\/p>\n<p>Diante dos fatos, o indiv\u00edduo foi conduzido para a Delegacia de Pol\u00edcia Civil de Aquiraz, onde foi autuado em flagrante por les\u00e3o corporal no contexto de viol\u00eancia dom\u00e9stica.<\/p>\n<h3><strong>Alerta Vermelho da Interpol<\/strong><\/h3>\n<p>Durante a investiga\u00e7\u00e3o da PCCE, com apoio da Pol\u00edcia Federal, foi verificado que o homem preso no Cear\u00e1 \u00e9 procurado pela Interpol desde outubro de 2025, constando um Alerta Vermelho em seu nome.<\/p>\n<p>O Alerta Vermelho \u00e9 uma solicita\u00e7\u00e3o \u00e0s autoridades policiais de todo o mundo para localizar e prender provisoriamente um suspeito de crime grave. Baseia-se em um mandado de pris\u00e3o ou ordem judicial emitida pelas autoridades judiciais do pa\u00eds solicitante. Os pa\u00edses membros aplicam suas pr\u00f3prias leis para decidir se devem prender uma pessoa. Ela \u00e9 emitida a pedido de um pa\u00eds membro, ap\u00f3s avalia\u00e7\u00e3o rigorosa da Interpol.<\/p>\n<p>Os crimes ocorreram nos anos 2020, 2021, 2023 e 2024, na Pol\u00f4nia. O homem \u00e9 suspeito de ser o chefe de um grupo criminoso respons\u00e1vel por crimes contra a ordem financeira, facilitando a travessia ilegal das fronteiras da Pol\u00f4nia por outras pessoas, incluindo pessoas da \u00c1frica e do Oriente M\u00e9dio, auxiliando a entrada para a Alemanha.<\/p>\n<p>Assim, ap\u00f3s os procedimentos cab\u00edveis, o indiv\u00edduo aguarda extradi\u00e7\u00e3o para seu pa\u00eds de origem para responder pelos crimes aos quais \u00e9 investigado na Europa.<\/p>\n<h3><strong>Den\u00fancias<\/strong><\/h3>\n<p>A popula\u00e7\u00e3o pode contribuir com as investiga\u00e7\u00f5es repassando informa\u00e7\u00f5es que auxiliem os trabalhos policiais. As informa\u00e7\u00f5es podem ser direcionadas para o n\u00famero 181, o Disque-Den\u00fancia da Secretaria da Seguran\u00e7a P\u00fablica e Defesa Social (SSPDS), ou para o (85) 3101-0181, que \u00e9 o n\u00famero de WhatsApp, pelo qual podem ser feitas den\u00fancias via mensagem, \u00e1udio, v\u00eddeo e fotografia ou ainda via \u201ce-den\u00fancia\u201d, o site do <a href=\"https:\/\/disquedenuncia181.sspds.ce.gov.br\/\" target=\"_blank\" rel=\"noopener\">servi\u00e7o 181<\/a>, por meio do endere\u00e7o eletr\u00f4nico. O sigilo e o anonimato s\u00e3o garantidos.<\/p>\n<p>O post <a href=\"https:\/\/www.ceara.gov.br\/2026\/01\/02\/polones-procurado-pela-interpol-e-preso-pela-pmce-por-violencia-domestica-contra-a-noiva\/\">Polon\u00eas procurado pela Interpol \u00e9 preso pela PMCE por viol\u00eancia dom\u00e9stica contra a noiva<\/a> apareceu primeiro em <a href=\"https:\/\/www.ceara.gov.br\/\">Governo do Estado do Cear\u00e1<\/a>.<\/p>\n<\/div>\n","protected":false},"excerpt":{"rendered":"<p>A captura foi realizada no Porto das Dunas, em Aquiraz. O suspeito tamb\u00e9m \u00e9 investigado pela PCCE por portar documento falso Uma a\u00e7\u00e3o da Pol\u00edcia Militar do Cear\u00e1 (PMCE) resultou na pris\u00e3o em flagrante de um polon\u00eas, de 45 anos, suspeito de cometer viol\u00eancia dom\u00e9stica contra a noiva, uma boliviana, de 45 anos. A captura [&hellip;]<\/p>\n","protected":false},"author":265,"featured_media":63572,"comment_status":"closed","ping_status":"closed","sticky":false,"template":"","format":"standard","meta":{"_themeisle_gutenberg_block_has_review":false,"_jetpack_memberships_contains_paid_content":false,"footnotes":""},"categories":[4],"tags":[127,130],"class_list":{"0":"post-63571","1":"post","2":"type-post","3":"status-publish","4":"format-standard","5":"has-post-thumbnail","7":"category-regiao","8":"tag-cariri","9":"tag-ceara"},"jetpack_featured_media_url":"https:\/\/crajubaremacao.com.br\/wp-content\/uploads\/2026\/01\/IM-SSPDS.jpg","jetpack_sharing_enabled":true,"_links":{"self":[{"href":"https:\/\/crajubaremacao.com.br\/index.php?rest_route=\/wp\/v2\/posts\/63571","targetHints":{"allow":["GET"]}}],"collection":[{"href":"https:\/\/crajubaremacao.com.br\/index.php?rest_route=\/wp\/v2\/posts"}],"about":[{"href":"https:\/\/crajubaremacao.com.br\/index.php?rest_route=\/wp\/v2\/types\/post"}],"author":[{"embeddable":true,"href":"https:\/\/crajubaremacao.com.br\/index.php?rest_route=\/wp\/v2\/users\/265"}],"replies":[{"embeddable":true,"href":"https:\/\/crajubaremacao.com.br\/index.php?rest_route=%2Fwp%2Fv2%2Fcomments&post=63571"}],"version-history":[{"count":0,"href":"https:\/\/crajubaremacao.com.br\/index.php?rest_route=\/wp\/v2\/posts\/63571\/revisions"}],"wp:featuredmedia":[{"embeddable":true,"href":"https:\/\/crajubaremacao.com.br\/index.php?rest_route=\/wp\/v2\/media\/63572"}],"wp:attachment":[{"href":"https:\/\/crajubaremacao.com.br\/index.php?rest_route=%2Fwp%2Fv2%2Fmedia&parent=63571"}],"wp:term":[{"taxonomy":"category","embeddable":true,"href":"https:\/\/crajubaremacao.com.br\/index.php?rest_route=%2Fwp%2Fv2%2Fcategories&post=63571"},{"taxonomy":"post_tag","embeddable":true,"href":"https:\/\/crajubaremacao.com.br\/index.php?rest_route=%2Fwp%2Fv2%2Ftags&post=63571"}],"curies":[{"name":"wp","href":"https:\/\/api.w.org\/{rel}","templated":true}]}}