{"id":63579,"date":"2026-01-03T12:04:38","date_gmt":"2026-01-03T15:04:38","guid":{"rendered":"https:\/\/crajubaremacao.com.br\/?p=63579"},"modified":"2026-01-03T12:04:38","modified_gmt":"2026-01-03T15:04:38","slug":"lula-diz-que-ataque-a-venezuela-e-inaceitavel-flagrante-violacao-do-direito-internacional","status":"publish","type":"post","link":"https:\/\/crajubaremacao.com.br\/?p=63579","title":{"rendered":"Lula diz que ataque \u00e0 Venezuela \u00e9 inaceit\u00e1vel: \u2018Flagrante viola\u00e7\u00e3o do direito internacional\u2019"},"content":{"rendered":"<div>\n<div style=\"margin-bottom: 15px;\"><img decoding=\"async\" class=\"type:primaryImage\" src=\"https:\/\/crajubaremacao.com.br\/wp-content\/uploads\/2026\/01\/54961189926_16f23cb067_k-750x435-1.jpg\"><\/div>\n<p><?xml encoding=\"UTF-8\"><\/p>\n<p>O <strong><a href=\"http:\/\/jovempan.com.br\/tag\/lula\">presidente Luiz In\u00e1cio Lula da Silva (PT)<\/a> <\/strong>repudiou, neste s\u00e1bado (3),<strong><a href=\"https:\/\/jovempan.com.br\/noticias\/mundo\/trump-confirma-ataque-contra-venezuela-e-afirma-que-capturou-maduro.html\"> os ataques dos Estados Unidos \u00e0 Venezuela<\/a><\/strong>, que culminaram na pris\u00e3o do presidente Nicol\u00e1s Maduro. \u201cOs bombardeios em territ\u00f3rio venezuelano e a captura do seu presidente ultrapassam uma linha inaceit\u00e1vel. Esses atos representam uma afronta grav\u00edssima \u00e0 soberania da Venezuela e mais um precedente extremamente perigoso para toda a comunidade internacional\u201d, escreveu o petista em seus perfis nas redes sociais. Ele n\u00e3o citou diretamente o presidente dos Estados Unidos, Donald Trump, que convocou o ataque.<\/p>\n<p>\u201cAtacar pa\u00edses, em flagrante viola\u00e7\u00e3o do direito internacional, \u00e9 o primeiro passo para um mundo de viol\u00eancia, caos e instabilidade, onde a lei do mais forte prevalece sobre o multilateralismo\u201d, continuou o presidente, que ainda clamou por uma resposta \u201cveemente\u201d da Organiza\u00e7\u00e3o das Na\u00e7\u00f5es Unidas (ONU). \u201cO Brasil condena essas a\u00e7\u00f5es e segue \u00e0 disposi\u00e7\u00e3o para promover a via do di\u00e1logo e da coopera\u00e7\u00e3o\u201d, finalizou<\/p>\n<p>Aliado de longa data de Maduro, Lula se afastou do l\u00edder venezuelano ap\u00f3s o \u00faltimo ciclo eleitoral no pa\u00eds. O Brasil n\u00e3o reconheceu a vit\u00f3ria do chavista em pleito marcado por acusa\u00e7\u00f5es de manipula\u00e7\u00e3o. Nos \u00faltimos meses, o petista tamb\u00e9m passou a se aproximar de Trump para negociar as tarifas impostas pelos EUA ao Brasil e as san\u00e7\u00f5es contra autoridades. As negocia\u00e7\u00f5es eram consideradas exitosas pela diplomacia brasileira, ap\u00f3s a queda de v\u00e1rios produtos do tarifa\u00e7o e a revoga\u00e7\u00e3o da Lei Magnitsky contra o ministro Alexandre de Moraes, do STF.<\/p>\n<p>O presidente convocou uma reuni\u00e3o ministerial, que acontece nesta manh\u00e3 para tratar sobre o assunto.<\/p>\n<h3><strong>Ataque e pris\u00e3o de Maduro<\/strong><\/h3>\n<p>Trump confirmou neste s\u00e1bado que for\u00e7as do pa\u00eds realizaram \u201ccom sucesso um ataque em grande escala contra a Venezuela e Maduro, que foi, junto com a primeira-dama, Cilia Flores, capturado e retirado do pa\u00eds\u201d.<\/p>\n<p>\u201cOs Estados Unidos da Am\u00e9rica realizaram com sucesso um ataque de grande escala contra a Venezuela e seu l\u00edder, o presidente Nicol\u00e1s Maduro, que foi capturado, juntamente com sua esposa, e retirado do pa\u00eds por via a\u00e9rea\u201d, disse Trump em sua rede Truth Social.<\/p>\n<p>O an\u00fancio foi feito ap\u00f3s uma madrugada de explos\u00f5es em Caracas e em estados como Miranda, Aragua e La Guaira. Relatos locais indicam ataques contra infraestruturas estrat\u00e9gicas, incluindo o Forte Tiuna (complexo militar onde fica a sede do Minist\u00e9rio da Defesa) e a base a\u00e9rea de La Carlota.<\/p>\n<p>A <strong><a href=\"http:\/\/jovempan.com.br\/tag\/venezuela\">Venezuela<\/a> <\/strong>disse que os bombardeios dos <strong><a href=\"http:\/\/jovempan.com.br\/tag\/eua\">Estados Unidos<\/a><\/strong> ocorridos em v\u00e1rias regi\u00f5es do pa\u00eds, incluindo a capital, atingiram civis.<\/p>\n<p>\u201cFor\u00e7as invasoras (\u2026) profanaram nosso solo sagrado nas localidades de Fuerte Tiuna, Caracas, nos estados Miranda, Aragua e La Guaira, chegando a atingir, com seus m\u00edsseis e foguetes disparados de helic\u00f3pteros de combate, \u00e1reas urbanas de popula\u00e7\u00e3o civil\u201d, disse o ministro da Defesa da Venezuela, Vladimir Padrino L\u00f3pez.<\/p>\n<p>O general afirmou que est\u00e3o reunindo \u201cas informa\u00e7\u00f5es referentes a feridos e mortos diante do ataque vil e covarde\u201d dos Estados Unidos.<\/p>\n<div class=\"cta-model cta-model2\" name=\"model2\">\n<div class=\"cta-container-general\">\n<div class=\"cta-container-model2\">\n<div class=\"container-image-text\">\n<div class=\"container-img\">\n                    <img decoding=\"async\" id=\"cta-image\" editable=\"true\" name=\"Imagem:\" src=\"https:\/\/crajubaremacao.com.br\/wp-content\/uploads\/2026\/01\/640_4anos-JPNews-7.jpg\" alt=\"cta_logo_jp\">\n                <\/div>\n<div class=\"container-title\">\n                    <span id=\"cta-text\" editable=\"true\" name=\"Conte\u00fado:\">Siga o canal da Jovem Pan News e receba as principais not\u00edcias no seu WhatsApp!<\/span>\n                <\/div>\n<\/p><\/div>\n<div class=\"cta-container-link\">\n<div class=\"cta-container-space\"><\/div>\n<p>                <a id=\"cta-link\" editable=\"true\" name=\"Link%20do%20bot%C3%A3o:\" target=\"_blank\" href=\"https:\/\/www.whatsapp.com\/channel\/0029VaAxUvrGJP8Fz9QZH93S\"><\/p>\n<div class=\"container-button\">\n                        <span id=\"cta-text2\" editable=\"true\" name=\"Texto do bot\u00e3o:\">WhatsApp<\/span>\n                    <\/div>\n<div class=\"container-icon\">\n                        <i id=\"cta-icon\" name=\"\u00cdcone do bot\u00e3o:\" editable=\"true\" class=\"fa-brands fa-whatsapp\"><\/i>\n                    <\/div>\n<p>                <\/a>\n            <\/div>\n<\/div>\n<\/div>\n<\/div>\n<p>O secret\u00e1rio de Estado dos Estados Unidos, Marco Rubio, afirmou neste s\u00e1bado que Nicol\u00e1s Maduro foi preso pelos Estados Unidos e enfrentar\u00e1 um julgamento criminal no pa\u00eds norte-americano.<\/p>\n<p>Rubio tamb\u00e9m disse que, agora que o l\u00edder venezuelano foi capturado, n\u00e3o s\u00e3o esperadas novas a\u00e7\u00f5es militares dos EUA no pa\u00eds sul-americano.<\/p>\n<div class=\"list-related-posts\">\n<h3>Leia tamb\u00e9m<\/h3>\n<div class=\"related-posts-container\">\n<div class=\"related-post-item-container\">\n<div class=\"related-post\">\n<div class=\"img-related-box\">\n                                            <strong><a href=\"https:\/\/jovempan.com.br\/noticias\/mundo\/bancada-do-pt-condena-ataques-dos-eua-a-venezuela-e-pede-solucao-pacifica-via-organismos-internacionais.html\" title=\"Bancada do PT condena ataques dos EUA \u00e0 Venezuela e pede solu\u00e7\u00e3o pac\u00edfica via organismos internacionais\"><img decoding=\"async\" src=\"https:\/\/crajubaremacao.com.br\/wp-content\/uploads\/2026\/01\/imagem-jvp-2026-01-03t101315034.png\"><\/a><\/strong>\n                                        <\/div>\n<p>                                        <span class=\"box-the-title\"><br \/>\n                                            <strong><a href=\"https:\/\/jovempan.com.br\/noticias\/mundo\/bancada-do-pt-condena-ataques-dos-eua-a-venezuela-e-pede-solucao-pacifica-via-organismos-internacionais.html\" title=\"Bancada do PT condena ataques dos EUA \u00e0 Venezuela e pede solu\u00e7\u00e3o pac\u00edfica via organismos internacionais\">Bancada do PT condena ataques dos EUA \u00e0 Venezuela e pede solu\u00e7\u00e3o pac\u00edfica via organismos internacionais<\/a><\/strong><br \/>\n                                        <\/span>\n                                    <\/div>\n<div class=\"related-post\">\n<div class=\"img-related-box\">\n                                            <strong><a href=\"https:\/\/jovempan.com.br\/noticias\/mundo\/maduro-respondera-por-narcotrafico-e-terrorismo-diz-procuradora-geral-dos-eua.html\" title=\"Maduro responder\u00e1 por narcotr\u00e1fico e terrorismo, diz procuradora-geral dos EUA\"><img decoding=\"async\" src=\"https:\/\/crajubaremacao.com.br\/wp-content\/uploads\/2026\/01\/039dd17eb1c896381d47295463ff25051ec4ac6a.jpg\"><\/a><\/strong>\n                                        <\/div>\n<p>                                        <span class=\"box-the-title\"><br \/>\n                                            <strong><a href=\"https:\/\/jovempan.com.br\/noticias\/mundo\/maduro-respondera-por-narcotrafico-e-terrorismo-diz-procuradora-geral-dos-eua.html\" title=\"Maduro responder\u00e1 por narcotr\u00e1fico e terrorismo, diz procuradora-geral dos EUA\">Maduro responder\u00e1 por narcotr\u00e1fico e terrorismo, diz procuradora-geral dos EUA<\/a><\/strong><br \/>\n                                        <\/span>\n                                    <\/div>\n<\/p><\/div>\n<\/p><\/div>\n<\/p><\/div>\n<\/div>\n","protected":false},"excerpt":{"rendered":"<p>O presidente Luiz In\u00e1cio Lula da Silva (PT) repudiou, neste s\u00e1bado (3), os ataques dos Estados Unidos \u00e0 Venezuela, que culminaram na pris\u00e3o do presidente Nicol\u00e1s Maduro. \u201cOs bombardeios em territ\u00f3rio venezuelano e a captura do seu presidente ultrapassam uma linha inaceit\u00e1vel. Esses atos representam uma afronta grav\u00edssima \u00e0 soberania da Venezuela e mais um [&hellip;]<\/p>\n","protected":false},"author":117,"featured_media":63580,"comment_status":"closed","ping_status":"closed","sticky":false,"template":"","format":"standard","meta":{"_themeisle_gutenberg_block_has_review":false,"_jetpack_memberships_contains_paid_content":false,"footnotes":""},"categories":[2],"tags":[150],"class_list":{"0":"post-63579","1":"post","2":"type-post","3":"status-publish","4":"format-standard","5":"has-post-thumbnail","7":"category-brasil","8":"tag-brasil"},"jetpack_featured_media_url":"https:\/\/crajubaremacao.com.br\/wp-content\/uploads\/2026\/01\/54961189926_16f23cb067_k-750x435-1.jpg","jetpack_sharing_enabled":true,"_links":{"self":[{"href":"https:\/\/crajubaremacao.com.br\/index.php?rest_route=\/wp\/v2\/posts\/63579","targetHints":{"allow":["GET"]}}],"collection":[{"href":"https:\/\/crajubaremacao.com.br\/index.php?rest_route=\/wp\/v2\/posts"}],"about":[{"href":"https:\/\/crajubaremacao.com.br\/index.php?rest_route=\/wp\/v2\/types\/post"}],"author":[{"embeddable":true,"href":"https:\/\/crajubaremacao.com.br\/index.php?rest_route=\/wp\/v2\/users\/117"}],"replies":[{"embeddable":true,"href":"https:\/\/crajubaremacao.com.br\/index.php?rest_route=%2Fwp%2Fv2%2Fcomments&post=63579"}],"version-history":[{"count":0,"href":"https:\/\/crajubaremacao.com.br\/index.php?rest_route=\/wp\/v2\/posts\/63579\/revisions"}],"wp:featuredmedia":[{"embeddable":true,"href":"https:\/\/crajubaremacao.com.br\/index.php?rest_route=\/wp\/v2\/media\/63580"}],"wp:attachment":[{"href":"https:\/\/crajubaremacao.com.br\/index.php?rest_route=%2Fwp%2Fv2%2Fmedia&parent=63579"}],"wp:term":[{"taxonomy":"category","embeddable":true,"href":"https:\/\/crajubaremacao.com.br\/index.php?rest_route=%2Fwp%2Fv2%2Fcategories&post=63579"},{"taxonomy":"post_tag","embeddable":true,"href":"https:\/\/crajubaremacao.com.br\/index.php?rest_route=%2Fwp%2Fv2%2Ftags&post=63579"}],"curies":[{"name":"wp","href":"https:\/\/api.w.org\/{rel}","templated":true}]}}