{"id":63584,"date":"2026-01-03T15:03:54","date_gmt":"2026-01-03T18:03:54","guid":{"rendered":"https:\/\/crajubaremacao.com.br\/?p=63584"},"modified":"2026-01-03T15:03:54","modified_gmt":"2026-01-03T18:03:54","slug":"corinthians-reverte-punicoes-e-inicia-paulistao-com-forca-total","status":"publish","type":"post","link":"https:\/\/crajubaremacao.com.br\/?p=63584","title":{"rendered":"Corinthians reverte puni\u00e7\u00f5es e inicia Paulist\u00e3o com for\u00e7a total"},"content":{"rendered":"<div>\n<div style=\"margin-bottom: 15px;\"><img decoding=\"async\" class=\"type:primaryImage\" src=\"https:\/\/jpimg.com.br\/uploads\/2025\/08\/agenciacorinthians-foto-233913-750x500.jpg\"><\/div>\n<p><?xml encoding=\"UTF-8\"><\/p>\n<p>O <a href=\"http:\/\/jovempan.com.br\/tag\/corinthians\"><strong>Corinthians<\/strong><\/a> conseguiu reverter, no Superior Tribunal de Justi\u00e7a Desportiva (STJD), as puni\u00e7\u00f5es em decorr\u00eancia da confus\u00e3o generalizada na final do Campeonato Paulista do ano passado, quando empatou com o <a href=\"http:\/\/jovempan.com.br\/tag\/palmeiras\"><strong>Palmeiras<\/strong><\/a>, na Neo Qu\u00edmica Arena, e saiu com a ta\u00e7a. Assim, o clube alvinegro contar\u00e1 com for\u00e7a m\u00e1xima para a estreia no Estadual e com o apoio da torcida em seu est\u00e1dio, de acordo com o portal UOL. Denunciada por arremessos de objetos no gramado e desordem, a equipe do Parque S\u00e3o Jorge havia sido punida com a perda de um mando de jogo, na estreia na competi\u00e7\u00e3o, no pr\u00f3ximo dia 11, contra a Ponte Preta, e com interdi\u00e7\u00e3o do setor Norte, no qual ficam as torcidas organizadas, no cl\u00e1ssico com o S\u00e3o Paulo, no dia 18, pela 3\u00aa rodada.<\/p>\n<div class=\"cta-model cta-model3\" name=\"model3\">\n<div class=\"cta-container-general\">\n<div class=\"cta-container-model3\">\n<div class=\"container-image-text\">\n<div class=\"container-img\">\n                    <img decoding=\"async\" id=\"cta-image\" editable=\"true\" name=\"Imagem:\" src=\"https:\/\/s.jpimg.com.br\/wp-content\/plugins\/CTA-posts-selector\/assets\/images\/640_JPEsportes.jpg\" alt=\"cta_logo_jp\">\n                <\/div>\n<div class=\"container-title\">\n                    <span id=\"cta-text\" editable=\"true\" name=\"Conte\u00fado:\">Siga o canal da Jovem Pan Esportes e receba as principais not\u00edcias no seu WhatsApp!<\/span>\n                <\/div>\n<\/p><\/div>\n<div class=\"cta-container-link\">\n<div class=\"cta-container-space\"><\/div>\n<p>                <a id=\"cta-link_3\" editable=\"true\" name=\"Link%20do%20bot%C3%A3o:\" target=\"_blank\" href=\"https:\/\/www.whatsapp.com\/channel\/0029Va9wMgZD8SE3UbBwem2u\"><\/p>\n<div class=\"container-button\">\n                        <span id=\"cta-text2\" editable=\"true\" name=\"Texto do bot\u00e3o:\">WhatsApp<\/span>\n                    <\/div>\n<div class=\"container-icon\">\n                        <i id=\"cta-icon\" name=\"\u00cdcone do bot\u00e3o:\" editable=\"true\" class=\"fa-brands fa-whatsapp\"><\/i>\n                    <\/div>\n<p>                <\/a>\n            <\/div>\n<\/div>\n<\/div>\n<\/div>\n<p>Segundo o UOL, o Corinthians reverteu a puni\u00e7\u00e3o imposta \u00e0 Neo Qu\u00edmica Arena pelo STJD com medidas alternativas, como doa\u00e7\u00e3o de cestas b\u00e1sicas, liberando, assim, a presen\u00e7a dos torcedores nos confrontos iniciais como mandante. O volante Jos\u00e9 Mart\u00ednez, suspenso por quatro jogos ap\u00f3s dar um tapa no rosto do goleiro palmeirense Marcelo Lomba, e o meia Rodrigo Garro, que havia pego dois jogos de gancho por participa\u00e7\u00e3o da briga, tamb\u00e9m tiveram suas penas alteradas. O tribunal aceitou a revers\u00e3o da puni\u00e7\u00e3o por medidas alternativas e os jogadores corintianos est\u00e3o liberados para a estreia.<\/p>\n<p>A defesa do clube alegou que a redu\u00e7\u00e3o do Campeonato Paulista para apenas 11 datas no novo calend\u00e1rio divulgado pela CBF provocaria preju\u00edzos e a aus\u00eancia dos atletas comprometeria o desempenho da equipe na competi\u00e7\u00e3o. Ap\u00f3s encerrar 2025 com a conquista da Copa do Brasil, a equipe se reapresenta no CT Joaquim Grava, neste s\u00e1bado, \u00e0s 12h, a fim de iniciar os preparativos para a estreia no Campeonato Paulista.<\/p>\n<p><em>*Com informa\u00e7\u00f5es do Estad\u00e3o Conte\u00fado<\/em><\/p>\n<div class=\"list-related-posts\">\n<h3>Leia tamb\u00e9m<\/h3>\n<div class=\"related-posts-container\">\n<div class=\"related-post-item-container\">\n<div class=\"related-post\">\n<div class=\"img-related-box\">\n                                            <strong><a href=\"https:\/\/jovempan.com.br\/esportes\/futebol\/santos\/santos-anuncia-o-retorno-de-gabigol-apos-oito-anos.html\" title=\"Santos anuncia o retorno de Gabigol ap\u00f3s oito anos\"><img decoding=\"async\" src=\"https:\/\/jpimg.com.br\/uploads\/2026\/01\/g9vriekwuaazjk6.jpg\"><\/a><\/strong>\n                                        <\/div>\n<p>                                        <span class=\"box-the-title\"><br \/>\n                                            <strong><a href=\"https:\/\/jovempan.com.br\/esportes\/futebol\/santos\/santos-anuncia-o-retorno-de-gabigol-apos-oito-anos.html\" title=\"Santos anuncia o retorno de Gabigol ap\u00f3s oito anos\">Santos anuncia o retorno de Gabigol ap\u00f3s oito anos<\/a><\/strong><br \/>\n                                        <\/span>\n                                    <\/div>\n<div class=\"related-post\">\n<div class=\"img-related-box\">\n                                            <strong><a href=\"https:\/\/jovempan.com.br\/opiniao-jovem-pan\/comentaristas\/wanderley-nogueira-comentaristas\/endrick-no-lyon-uma-etapa-estrategica-para-ressurgir.html\" title=\"Endrick no Lyon: uma etapa estrat\u00e9gica para ressurgir\"><img decoding=\"async\" src=\"https:\/\/jpimg.com.br\/uploads\/2024\/01\/53482138542_bd4acb90bb_k.jpg\"><\/a><\/strong>\n                                        <\/div>\n<p>                                        <span class=\"box-the-title\"><br \/>\n                                            <strong><a href=\"https:\/\/jovempan.com.br\/opiniao-jovem-pan\/comentaristas\/wanderley-nogueira-comentaristas\/endrick-no-lyon-uma-etapa-estrategica-para-ressurgir.html\" title=\"Endrick no Lyon: uma etapa estrat\u00e9gica para ressurgir\">Endrick no Lyon: uma etapa estrat\u00e9gica para ressurgir<\/a><\/strong><br \/>\n                                        <\/span>\n                                    <\/div>\n<div class=\"related-post\">\n<div class=\"img-related-box\">\n                                            <strong><a href=\"https:\/\/jovempan.com.br\/esportes\/futebol\/sao-paulo-futebol\/sao-paulo-se-reapresenta-e-inicia-preparacao-para-temporada-de-2026.html\" title=\"S\u00e3o Paulo se reapresenta e inicia prepara\u00e7\u00e3o para temporada de 2026\"><img decoding=\"async\" src=\"https:\/\/jpimg.com.br\/uploads\/2026\/01\/reapresentacao-sao-paulo-fc.jpg\"><\/a><\/strong>\n                                        <\/div>\n<p>                                        <span class=\"box-the-title\"><br \/>\n                                            <strong><a href=\"https:\/\/jovempan.com.br\/esportes\/futebol\/sao-paulo-futebol\/sao-paulo-se-reapresenta-e-inicia-preparacao-para-temporada-de-2026.html\" title=\"S\u00e3o Paulo se reapresenta e inicia prepara\u00e7\u00e3o para temporada de 2026\">S\u00e3o Paulo se reapresenta e inicia prepara\u00e7\u00e3o para temporada de 2026<\/a><\/strong><br \/>\n                                        <\/span>\n                                    <\/div>\n<\/p><\/div>\n<\/p><\/div>\n<\/p><\/div>\n<\/div>\n","protected":false},"excerpt":{"rendered":"<p>O Corinthians conseguiu reverter, no Superior Tribunal de Justi\u00e7a Desportiva (STJD), as puni\u00e7\u00f5es em decorr\u00eancia da confus\u00e3o generalizada na final do Campeonato Paulista do ano passado, quando empatou com o Palmeiras, na Neo Qu\u00edmica Arena, e saiu com a ta\u00e7a. Assim, o clube alvinegro contar\u00e1 com for\u00e7a m\u00e1xima para a estreia no Estadual e com [&hellip;]<\/p>\n","protected":false},"author":260,"featured_media":63585,"comment_status":"closed","ping_status":"closed","sticky":false,"template":"","format":"standard","meta":{"_themeisle_gutenberg_block_has_review":false,"_jetpack_memberships_contains_paid_content":false,"footnotes":""},"categories":[12],"tags":[153],"class_list":{"0":"post-63584","1":"post","2":"type-post","3":"status-publish","4":"format-standard","5":"has-post-thumbnail","7":"category-esportes","8":"tag-esportes"},"jetpack_featured_media_url":"https:\/\/crajubaremacao.com.br\/wp-content\/uploads\/2026\/01\/agenciacorinthians-foto-233913-750x500-1.jpg","jetpack_sharing_enabled":true,"_links":{"self":[{"href":"https:\/\/crajubaremacao.com.br\/index.php?rest_route=\/wp\/v2\/posts\/63584","targetHints":{"allow":["GET"]}}],"collection":[{"href":"https:\/\/crajubaremacao.com.br\/index.php?rest_route=\/wp\/v2\/posts"}],"about":[{"href":"https:\/\/crajubaremacao.com.br\/index.php?rest_route=\/wp\/v2\/types\/post"}],"author":[{"embeddable":true,"href":"https:\/\/crajubaremacao.com.br\/index.php?rest_route=\/wp\/v2\/users\/260"}],"replies":[{"embeddable":true,"href":"https:\/\/crajubaremacao.com.br\/index.php?rest_route=%2Fwp%2Fv2%2Fcomments&post=63584"}],"version-history":[{"count":0,"href":"https:\/\/crajubaremacao.com.br\/index.php?rest_route=\/wp\/v2\/posts\/63584\/revisions"}],"wp:featuredmedia":[{"embeddable":true,"href":"https:\/\/crajubaremacao.com.br\/index.php?rest_route=\/wp\/v2\/media\/63585"}],"wp:attachment":[{"href":"https:\/\/crajubaremacao.com.br\/index.php?rest_route=%2Fwp%2Fv2%2Fmedia&parent=63584"}],"wp:term":[{"taxonomy":"category","embeddable":true,"href":"https:\/\/crajubaremacao.com.br\/index.php?rest_route=%2Fwp%2Fv2%2Fcategories&post=63584"},{"taxonomy":"post_tag","embeddable":true,"href":"https:\/\/crajubaremacao.com.br\/index.php?rest_route=%2Fwp%2Fv2%2Ftags&post=63584"}],"curies":[{"name":"wp","href":"https:\/\/api.w.org\/{rel}","templated":true}]}}