{"id":63612,"date":"2026-01-04T12:00:40","date_gmt":"2026-01-04T15:00:40","guid":{"rendered":"https:\/\/crajubaremacao.com.br\/?p=63612"},"modified":"2026-01-04T12:00:40","modified_gmt":"2026-01-04T15:00:40","slug":"joao-fonseca-desiste-do-atp-de-brisbane-por-lesao-e-corre-risco-de-deixar-o-top-30","status":"publish","type":"post","link":"https:\/\/crajubaremacao.com.br\/?p=63612","title":{"rendered":"Jo\u00e3o Fonseca desiste do ATP de Brisbane por les\u00e3o e corre risco de deixar o Top 30"},"content":{"rendered":"<div>\n<div style=\"margin-bottom: 15px;\"><img decoding=\"async\" class=\"type:primaryImage\" src=\"https:\/\/jpimg.com.br\/uploads\/2025\/11\/whatsapp-image-2025-11-07-at-20.10.53-750x500.jpeg\"><\/div>\n<p><?xml encoding=\"UTF-8\"><\/p>\n<p>A estreia de Jo\u00e3o Fonseca na temporada n\u00e3o ser\u00e1 neste domingo. O brasileiro sentiu uma les\u00e3o na regi\u00e3o lombar e desistiu de participar do ATP de Brisbane, na Austr\u00e1lia, no qual era o sexto cabe\u00e7a de chave.<\/p>\n<p>O jovem de 19 anos ser\u00e1 substitu\u00eddo por um \u201clucky loser\u201d na partida que estava agendada para a noite deste domingo, diante do americano Reilly Opelka, pela primeira rodada do ATP 250.<\/p>\n<p>Com a sa\u00edda precoce, Fonseca poder\u00e1 deixar o Top 30 do ranking da Associa\u00e7\u00e3o dos Tenistas Profissionais (ATP). O ex-campe\u00e3o do Next Gen ATP Finals iniciou o ano em sua melhor posi\u00e7\u00e3o da carreira, em 24\u00ba lugar, mas como n\u00e3o defender\u00e1 os 125 pontos da conquista do ATP Challenger de Camberra, nesta mesma \u00e9poca no ano passado, e j\u00e1 aparece em 29\u00ba na lista.<\/p>\n<p>O tenista brasileiro agora ter\u00e1 uma semana para se recuperar da les\u00e3o a tempo de participar do ATP 250 de Adelaide, tamb\u00e9m na Austr\u00e1lia. O torneio ser\u00e1 realizado a partir de domingo (11), uma semana antes do in\u00edcio do Aberto da Austr\u00e1lia, o primeiro Grand Slam da temporada, em Melbourne.<\/p>\n<p>Depois do Aberto da Austr\u00e1lia, Fonseca participar\u00e1 da Copa Davis, atuando pelo Brasil contra o Canad\u00e1, e defender\u00e1 seu t\u00edtulo no ATP 250 de Buenos Aires, na Argentina. Na sequ\u00eancia, disputar\u00e1 o Rio Open e os Masters 1000 de Indian Wells e Miami, ambos nos Estados Unidos.<\/p>\n<p>*Estad\u00e3o Conte\u00fado<\/p>\n<\/div>\n","protected":false},"excerpt":{"rendered":"<p>A estreia de Jo\u00e3o Fonseca na temporada n\u00e3o ser\u00e1 neste domingo. O brasileiro sentiu uma les\u00e3o na regi\u00e3o lombar e desistiu de participar do ATP de Brisbane, na Austr\u00e1lia, no qual era o sexto cabe\u00e7a de chave. O jovem de 19 anos ser\u00e1 substitu\u00eddo por um \u201clucky loser\u201d na partida que estava agendada para a [&hellip;]<\/p>\n","protected":false},"author":260,"featured_media":63613,"comment_status":"closed","ping_status":"closed","sticky":false,"template":"","format":"standard","meta":{"_themeisle_gutenberg_block_has_review":false,"_jetpack_memberships_contains_paid_content":false,"footnotes":""},"categories":[12],"tags":[153],"class_list":{"0":"post-63612","1":"post","2":"type-post","3":"status-publish","4":"format-standard","5":"has-post-thumbnail","7":"category-esportes","8":"tag-esportes"},"jetpack_featured_media_url":"https:\/\/crajubaremacao.com.br\/wp-content\/uploads\/2026\/01\/whatsapp-image-2025-11-07-at-201053-750x500-1.jpeg","jetpack_sharing_enabled":true,"_links":{"self":[{"href":"https:\/\/crajubaremacao.com.br\/index.php?rest_route=\/wp\/v2\/posts\/63612","targetHints":{"allow":["GET"]}}],"collection":[{"href":"https:\/\/crajubaremacao.com.br\/index.php?rest_route=\/wp\/v2\/posts"}],"about":[{"href":"https:\/\/crajubaremacao.com.br\/index.php?rest_route=\/wp\/v2\/types\/post"}],"author":[{"embeddable":true,"href":"https:\/\/crajubaremacao.com.br\/index.php?rest_route=\/wp\/v2\/users\/260"}],"replies":[{"embeddable":true,"href":"https:\/\/crajubaremacao.com.br\/index.php?rest_route=%2Fwp%2Fv2%2Fcomments&post=63612"}],"version-history":[{"count":0,"href":"https:\/\/crajubaremacao.com.br\/index.php?rest_route=\/wp\/v2\/posts\/63612\/revisions"}],"wp:featuredmedia":[{"embeddable":true,"href":"https:\/\/crajubaremacao.com.br\/index.php?rest_route=\/wp\/v2\/media\/63613"}],"wp:attachment":[{"href":"https:\/\/crajubaremacao.com.br\/index.php?rest_route=%2Fwp%2Fv2%2Fmedia&parent=63612"}],"wp:term":[{"taxonomy":"category","embeddable":true,"href":"https:\/\/crajubaremacao.com.br\/index.php?rest_route=%2Fwp%2Fv2%2Fcategories&post=63612"},{"taxonomy":"post_tag","embeddable":true,"href":"https:\/\/crajubaremacao.com.br\/index.php?rest_route=%2Fwp%2Fv2%2Ftags&post=63612"}],"curies":[{"name":"wp","href":"https:\/\/api.w.org\/{rel}","templated":true}]}}