{"id":63654,"date":"2026-01-05T18:00:20","date_gmt":"2026-01-05T21:00:20","guid":{"rendered":"https:\/\/crajubaremacao.com.br\/?p=63654"},"modified":"2026-01-05T18:00:20","modified_gmt":"2026-01-05T21:00:20","slug":"endrick-diz-que-seu-objetivo-e-voltar-a-selecao-no-lyon","status":"publish","type":"post","link":"https:\/\/crajubaremacao.com.br\/?p=63654","title":{"rendered":"Endrick diz que seu objetivo \u00e9 \u2018voltar \u00e0 Sele\u00e7\u00e3o\u2019 no Lyon"},"content":{"rendered":"<div>\n<div style=\"margin-bottom: 15px;\"><img decoding=\"async\" class=\"type:primaryImage\" src=\"https:\/\/jpimg.com.br\/uploads\/2026\/01\/afp__20260105__89nd34h__v1__highres__fblfraligue1lyonpresser-700x500.jpg\"><\/div>\n<p><?xml encoding=\"UTF-8\"><\/p>\n<p>\u201cVou fazer de tudo para voltar \u00e0 Sele\u00e7\u00e3o\u201d, declarou <a href=\"http:\/\/jovempan.com.br\/tag\/endrick\"><strong>Endrick<\/strong><\/a> nesta segunda-feira (5), ao ser apresentado como novo jogador do <a href=\"http:\/\/jovempan.com.br\/tag\/lyon\"><strong>Lyon<\/strong><\/a>, <a href=\"https:\/\/jovempan.com.br\/esportes\/futebol\/futebol-internacional\/real-madrid-acerta-emprestimo-de-endrick-ao-lyon-ate-o-meio-de-2026.html\"><strong>clube ao qual chega cedido por empr\u00e9stimo<\/strong><\/a> pelo <a href=\"http:\/\/jovempan.com.br\/tag\/real-madrid\"><strong>Real Madrid<\/strong><\/a>. O atacante de 19 anos teve pouco espa\u00e7o com o t\u00e9cnico <a href=\"http:\/\/jovempan.com.br\/tag\/xabi-alonso\"><strong>Xabi Alonso<\/strong><\/a> no time merengue nesta temporada (apenas 99 minutos em campo entre todas as competi\u00e7\u00f5es) e procura novos ares na Fran\u00e7a para poder jogar mais e ter chances de ser convocado para a Copa do Mundo pelo t\u00e9cnico <a href=\"http:\/\/jovempan.com.br\/tag\/carlo-ancelotti\"><strong>Carlo Ancelotti<\/strong><\/a>.<\/p>\n<p>\u201cTodo jogador brasileiro sonha com a Sele\u00e7\u00e3o. Gra\u00e7as a Deus j\u00e1 pude jogar pela Sele\u00e7\u00e3o e fazer gols. Agora eu n\u00e3o estou sendo convocado, n\u00e3o estou jogando frequentemente pela Sele\u00e7\u00e3o porque foi o que Deus preparou para a minha vida. Agora vou fazer de tudo para poder voltar \u00e0 Sele\u00e7\u00e3o, que \u00e9 o meu sonho desde crian\u00e7a\u201d, declarou Endrick na entrevista coletiva de sua apresenta\u00e7\u00e3o.<\/p>\n<div class=\"cta-model cta-model3\" name=\"model3\">\n<div class=\"cta-container-general\">\n<div class=\"cta-container-model3\">\n<div class=\"container-image-text\">\n<div class=\"container-img\">\n                    <img decoding=\"async\" id=\"cta-image\" editable=\"true\" name=\"Imagem:\" src=\"https:\/\/s.jpimg.com.br\/wp-content\/plugins\/CTA-posts-selector\/assets\/images\/640_JPEsportes.jpg\" alt=\"cta_logo_jp\">\n                <\/div>\n<div class=\"container-title\">\n                    <span id=\"cta-text\" editable=\"true\" name=\"Conte\u00fado:\">Siga o canal da Jovem Pan Esportes e receba as principais not\u00edcias no seu WhatsApp!<\/span>\n                <\/div>\n<\/p><\/div>\n<div class=\"cta-container-link\">\n<div class=\"cta-container-space\"><\/div>\n<p>                <a id=\"cta-link_3\" editable=\"true\" name=\"Link%20do%20bot%C3%A3o:\" target=\"_blank\" href=\"https:\/\/www.whatsapp.com\/channel\/0029Va9wMgZD8SE3UbBwem2u\"><\/p>\n<div class=\"container-button\">\n                        <span id=\"cta-text2\" editable=\"true\" name=\"Texto do bot\u00e3o:\">WhatsApp<\/span>\n                    <\/div>\n<div class=\"container-icon\">\n                        <i id=\"cta-icon\" name=\"\u00cdcone do bot\u00e3o:\" editable=\"true\" class=\"fa-brands fa-whatsapp\"><\/i>\n                    <\/div>\n<p>                <\/a>\n            <\/div>\n<\/div>\n<\/div>\n<\/div>\n<p>O jogador revelou que conversou com Ancelotti, que foi seu t\u00e9cnico no Real Madrid, antes de tomar a decis\u00e3o de se transferir para o Lyon. \u201cEu falei com o Carlo. Ele me deu algumas instru\u00e7\u00f5es do que poder fazer e do que fazer para melhorar. O conselho dele foi: \u2018Saia, jogue, desenvolva o seu futebol onde voc\u00ea pode jogar e pode ser feliz\u201d, contou. Endrick tamb\u00e9m falou sobre sua chegada e adapta\u00e7\u00e3o ao novo clube.<\/p>\n<p>\u201cDesde quando\u00a0eu soube que seria o meu caminho ir ao Lyon, comecei a ver os jogos do Lyon, comecei a ver como o time jogava e pude falar com o Paulo [Fonseca, treinador]. Agora que estou com eles \u00e9 melhor ainda, porque eu posso treinar e j\u00e1 estou junto com o pessoal, consigo me comunicar e brincar com todos. Estou muito feliz de estar aqui\u201d<\/p>\n<p>Sete vezes campe\u00e3o da Ligue 1 entre 2002 e 2008, o Lyon perdeu protagonismo no futebol franc\u00eas e europeu nos \u00faltimos anos, tamb\u00e9m arrastado por problemas econ\u00f4micos. Ap\u00f3s 17 rodadas disputadas no campeonato franc\u00eas, o time \u00e9 o quinto colocado com 30 pontos, a dez do l\u00edder Lens. \u201cEle tem um talento e um potencial imensos. \u00c9 r\u00e1pido e capaz de atacar os espa\u00e7os, de finalizar as jogadas gra\u00e7as ao seu faro de gol. \u00c9 exatamente o que precis\u00e1vamos\u201d, disse o diretor esportivo do Lyon, Matthieu Louis-Jean.<\/p>\n<p>\u201cTemos certeza de que Endrick \u00e9 a pe\u00e7a que faltava e que dar\u00e1 for\u00e7a ao time para a segunda parte da temporada\u201d, destacou o diretor-geral do clube, o alem\u00e3o Michael Gerlinger. A previs\u00e3o \u00e9 que Endrick fa\u00e7a sua estreia com a camisa do Lyon no pr\u00f3ximo domingo, contra o Lille, pela Copa da Fran\u00e7a.<\/p>\n<p><i>*Com informa\u00e7\u00f5es do Estad\u00e3o Conte\u00fado<\/i><\/p>\n<div class=\"list-related-posts\">\n<h3>Leia tamb\u00e9m<\/h3>\n<div class=\"related-posts-container\">\n<div class=\"related-post-item-container\">\n<div class=\"related-post\">\n<div class=\"img-related-box\">\n                                            <strong><a href=\"https:\/\/jovempan.com.br\/esportes\/futebol\/corinthians\/fagner-rescinde-com-corinthians-e-acerta-transferencia-definitiva-para-o-cruzeiro.html\" title=\"Fagner rescinde com Corinthians e acerta transfer\u00eancia definitiva para o Cruzeiro\"><img decoding=\"async\" src=\"https:\/\/jpimg.com.br\/uploads\/2025\/07\/agf20250730227.jpg\"><\/a><\/strong>\n                                        <\/div>\n<p>                                        <span class=\"box-the-title\"><br \/>\n                                            <strong><a href=\"https:\/\/jovempan.com.br\/esportes\/futebol\/corinthians\/fagner-rescinde-com-corinthians-e-acerta-transferencia-definitiva-para-o-cruzeiro.html\" title=\"Fagner rescinde com Corinthians e acerta transfer\u00eancia definitiva para o Cruzeiro\">Fagner rescinde com Corinthians e acerta transfer\u00eancia definitiva para o Cruzeiro<\/a><\/strong><br \/>\n                                        <\/span>\n                                    <\/div>\n<div class=\"related-post\">\n<div class=\"img-related-box\">\n                                            <strong><a href=\"https:\/\/jovempan.com.br\/esportes\/futebol\/vinicius-jr-nao-marca-ha-93-dias-e-foi-substituido-em-52-dos-jogos-com-xabi-alonso.html\" title=\"Vinicius Jr. n\u00e3o marca h\u00e1 93 dias e foi substitu\u00eddo em 52% dos jogos com Xabi Alonso\"><img decoding=\"async\" src=\"https:\/\/jpimg.com.br\/uploads\/2025\/02\/350c473fdab52ba4028742c83562dc2af3ccd584.jpg\"><\/a><\/strong>\n                                        <\/div>\n<p>                                        <span class=\"box-the-title\"><br \/>\n                                            <strong><a href=\"https:\/\/jovempan.com.br\/esportes\/futebol\/vinicius-jr-nao-marca-ha-93-dias-e-foi-substituido-em-52-dos-jogos-com-xabi-alonso.html\" title=\"Vinicius Jr. n\u00e3o marca h\u00e1 93 dias e foi substitu\u00eddo em 52% dos jogos com Xabi Alonso\">Vinicius Jr. n\u00e3o marca h\u00e1 93 dias e foi substitu\u00eddo em 52% dos jogos com Xabi Alonso<\/a><\/strong><br \/>\n                                        <\/span>\n                                    <\/div>\n<div class=\"related-post\">\n<div class=\"img-related-box\">\n                                            <strong><a href=\"https:\/\/jovempan.com.br\/opiniao-jovem-pan\/comentaristas\/thiago-uberreich-comentaristas\/a-suecia-e-a-selecao-que-o-brasil-mais-enfrentou-na-historia-das-copas.html\" title=\"A Su\u00e9cia \u00e9 a sele\u00e7\u00e3o que o Brasil mais enfrentou na hist\u00f3ria das Copas\"><img decoding=\"async\" src=\"https:\/\/jpimg.com.br\/uploads\/2025\/12\/su8ecia13do07.113302.jpg\"><\/a><\/strong>\n                                        <\/div>\n<p>                                        <span class=\"box-the-title\"><br \/>\n                                            <strong><a href=\"https:\/\/jovempan.com.br\/opiniao-jovem-pan\/comentaristas\/thiago-uberreich-comentaristas\/a-suecia-e-a-selecao-que-o-brasil-mais-enfrentou-na-historia-das-copas.html\" title=\"A Su\u00e9cia \u00e9 a sele\u00e7\u00e3o que o Brasil mais enfrentou na hist\u00f3ria das Copas\">A Su\u00e9cia \u00e9 a sele\u00e7\u00e3o que o Brasil mais enfrentou na hist\u00f3ria das Copas<\/a><\/strong><br \/>\n                                        <\/span>\n                                    <\/div>\n<\/p><\/div>\n<\/p><\/div>\n<\/p><\/div>\n<\/div>\n","protected":false},"excerpt":{"rendered":"<p>\u201cVou fazer de tudo para voltar \u00e0 Sele\u00e7\u00e3o\u201d, declarou Endrick nesta segunda-feira (5), ao ser apresentado como novo jogador do Lyon, clube ao qual chega cedido por empr\u00e9stimo pelo Real Madrid. O atacante de 19 anos teve pouco espa\u00e7o com o t\u00e9cnico Xabi Alonso no time merengue nesta temporada (apenas 99 minutos em campo entre [&hellip;]<\/p>\n","protected":false},"author":260,"featured_media":63655,"comment_status":"closed","ping_status":"closed","sticky":false,"template":"","format":"standard","meta":{"_themeisle_gutenberg_block_has_review":false,"_jetpack_memberships_contains_paid_content":false,"footnotes":""},"categories":[12],"tags":[153],"class_list":{"0":"post-63654","1":"post","2":"type-post","3":"status-publish","4":"format-standard","5":"has-post-thumbnail","7":"category-esportes","8":"tag-esportes"},"jetpack_featured_media_url":"https:\/\/crajubaremacao.com.br\/wp-content\/uploads\/2026\/01\/afp__20260105__89nd34h__v1__highres__fblfraligue1lyonpresser-700x500-1.jpg","jetpack_sharing_enabled":true,"_links":{"self":[{"href":"https:\/\/crajubaremacao.com.br\/index.php?rest_route=\/wp\/v2\/posts\/63654","targetHints":{"allow":["GET"]}}],"collection":[{"href":"https:\/\/crajubaremacao.com.br\/index.php?rest_route=\/wp\/v2\/posts"}],"about":[{"href":"https:\/\/crajubaremacao.com.br\/index.php?rest_route=\/wp\/v2\/types\/post"}],"author":[{"embeddable":true,"href":"https:\/\/crajubaremacao.com.br\/index.php?rest_route=\/wp\/v2\/users\/260"}],"replies":[{"embeddable":true,"href":"https:\/\/crajubaremacao.com.br\/index.php?rest_route=%2Fwp%2Fv2%2Fcomments&post=63654"}],"version-history":[{"count":0,"href":"https:\/\/crajubaremacao.com.br\/index.php?rest_route=\/wp\/v2\/posts\/63654\/revisions"}],"wp:featuredmedia":[{"embeddable":true,"href":"https:\/\/crajubaremacao.com.br\/index.php?rest_route=\/wp\/v2\/media\/63655"}],"wp:attachment":[{"href":"https:\/\/crajubaremacao.com.br\/index.php?rest_route=%2Fwp%2Fv2%2Fmedia&parent=63654"}],"wp:term":[{"taxonomy":"category","embeddable":true,"href":"https:\/\/crajubaremacao.com.br\/index.php?rest_route=%2Fwp%2Fv2%2Fcategories&post=63654"},{"taxonomy":"post_tag","embeddable":true,"href":"https:\/\/crajubaremacao.com.br\/index.php?rest_route=%2Fwp%2Fv2%2Ftags&post=63654"}],"curies":[{"name":"wp","href":"https:\/\/api.w.org\/{rel}","templated":true}]}}