{"id":63666,"date":"2026-01-05T21:00:41","date_gmt":"2026-01-06T00:00:41","guid":{"rendered":"https:\/\/crajubaremacao.com.br\/?p=63666"},"modified":"2026-01-05T21:00:41","modified_gmt":"2026-01-06T00:00:41","slug":"gabigol-afirma-que-esta-pronto-para-ajudar-o-neymar-em-apresentacao-no-santos","status":"publish","type":"post","link":"https:\/\/crajubaremacao.com.br\/?p=63666","title":{"rendered":"Gabigol\u00a0afirma que est\u00e1 pronto para ajudar o Neymar em apresenta\u00e7\u00e3o no Santos"},"content":{"rendered":"<div>\n<div style=\"margin-bottom: 15px;\"><img decoding=\"async\" class=\"type:primaryImage\" src=\"https:\/\/jpimg.com.br\/uploads\/2026\/01\/fta20260105016-750x500.jpg\"><\/div>\n<p><?xml encoding=\"UTF-8\"><\/p>\n<p>A segunda-feira (5) foi agitada na <a href=\"http:\/\/jovempan.com.br\/tag\/vila-belmiro\"><strong>Vila Belmiro<\/strong><\/a> com a apresenta\u00e7\u00e3o oficial do atacante <a href=\"http:\/\/jovempan.com.br\/tag\/gabigol\"><strong>Gabigol<\/strong><\/a>. O jogador, que vai usar a camisa 9, fez juras de amor ao clube que o revelou e prometeu dedica\u00e7\u00e3o para reescrever sua hist\u00f3ria. \u201cEm algum momento isso iria acontecer, sempre esteve na minha cabe\u00e7a voltar para o Santos, para minha casa. Fui criado aqui dentro, ent\u00e3o, desde os meus oito anos. Tudo come\u00e7ou em casa. Rafaella (namorada e irm\u00e3 do Neymar) come\u00e7ou a falar para voltar para Santos, os meus pais tamb\u00e9m. Sempre tive uma vontade de voltar. N\u00e3o esperava que seria assim. E tamb\u00e9m com o presidente Marcelo (Teixeira), que me conhece desde pequenininho, as coisas come\u00e7aram a acontecer\u201d, afirmou.<\/p>\n<div class=\"cta-model cta-model3\" name=\"model3\">\n<div class=\"cta-container-general\">\n<div class=\"cta-container-model3\">\n<div class=\"container-image-text\">\n<div class=\"container-img\">\n                    <img decoding=\"async\" id=\"cta-image\" editable=\"true\" name=\"Imagem:\" src=\"https:\/\/s.jpimg.com.br\/wp-content\/plugins\/CTA-posts-selector\/assets\/images\/640_JPEsportes.jpg\" alt=\"cta_logo_jp\">\n                <\/div>\n<div class=\"container-title\">\n                    <span id=\"cta-text\" editable=\"true\" name=\"Conte\u00fado:\">Siga o canal da Jovem Pan Esportes e receba as principais not\u00edcias no seu WhatsApp!<\/span>\n                <\/div>\n<\/p><\/div>\n<div class=\"cta-container-link\">\n<div class=\"cta-container-space\"><\/div>\n<p>                <a id=\"cta-link_3\" editable=\"true\" name=\"Link%20do%20bot%C3%A3o:\" target=\"_blank\" href=\"https:\/\/www.whatsapp.com\/channel\/0029Va9wMgZD8SE3UbBwem2u\"><\/p>\n<div class=\"container-button\">\n                        <span id=\"cta-text2\" editable=\"true\" name=\"Texto do bot\u00e3o:\">WhatsApp<\/span>\n                    <\/div>\n<div class=\"container-icon\">\n                        <i id=\"cta-icon\" name=\"\u00cdcone do bot\u00e3o:\" editable=\"true\" class=\"fa-brands fa-whatsapp\"><\/i>\n                    <\/div>\n<p>                <\/a>\n            <\/div>\n<\/div>\n<\/div>\n<\/div>\n<p>Bastante receptivo, Gabigol comentou sobre a possibilidade de estrear j\u00e1 no s\u00e1bado, no Campeonato Paulista. Na conversa com os jornalistas, no entanto, ele colocou a responsabilidade da escala\u00e7\u00e3o no comando t\u00e9cnico de Juan Pablo Vojvoda. \u201cDepende do Mister\u201d, declarou o atacante. Sobre Neymar e a parceria na Vila Belmiro, o pol\u00eamico centroavante usou um tom bastante solid\u00e1rio. \u201cEstou pronto para poder ajudar o Neymar a estar muito bem dentro e fora de campo. A gente conversou quando ficou tudo certo. Estamos muito felizes por compartilhar vesti\u00e1rio e campo. Na sele\u00e7\u00e3o foi muito r\u00e1pido e agora a gente vai poder viver perto\u201d, comentou.<\/p>\n<p>Com poucos minutos no Cruzeiro em sua passagem pela equipe de Belo Horizonte em 2025, e relegado \u00e0 reserva do centroavante Kaio Jorge,\u00a0Gabigol\u00a0foi questionado se a vinda para o Santos seria um passo atr\u00e1s na sua carreira. A resposta veio com um tom de nostalgia.<\/p>\n<p>\u201cSe o passo atr\u00e1s for voltar para o maior time da Terra\u2026 N\u00e3o tem passo para atr\u00e1s melhor do que este. O tanto de \u00eddolo que o Santos tem, a torcida que o Santos tem, este est\u00e1dio aqui, onde o Rei jogou. Praticamente o \u00fanico time que joga com a coroa aqui em cima, n\u00e3o vejo como isso. Eu vejo como uma hist\u00f3ria. A hist\u00f3ria do Santos \u00e9 esta. Praticamente sempre foi assim, a m\u00eddia contra o Santos, e a gente sempre deu a voltar por cima. Eu preciso mais do Santos do que o Santos de mim\u201d, comentou.<\/p>\n<p>Por fim, ele disse estar pronto para as cobran\u00e7as e afirmou que vai comemorar os gols da mesma forma que fazia nos tempos de Flamengo. \u201cEu sou um jogador que respeito todos os clubes. Eu n\u00e3o sou o tipo que leva para desaforo para casa, \u00e0s vezes erro com isso. Comemorar gol \u00e9 especial. Se me xingarem, se me tratarem da maneira que eu n\u00e3o acho correta, vou comemorar, sim \u201d<\/p>\n<p>Aos 29 anos, o artilheiro afirmou que vai emprestar sua experi\u00eancia para o elenco. \u201cEstou aqui para ajudar n\u00e3o s\u00f3 os meninos, mas os outros, e tamb\u00e9m ser ajudado. Sempre passa um filme na cabe\u00e7a em Santos. Eu sento aqui e vejo os \u00eddolos, chego no CT, vejo o Robinho Jr., o Bontempo. O que eles precisaram de mim, sabem que podem contar comigo\u201d, disse.<\/p>\n<p>O Santos faz a sua estreia no Campeonato Paulista neste s\u00e1bado, \u00e0s 16h, na Vila Belmiro. O time comandando pelo t\u00e9cnico argentino Juan Pablo Vojvoda vai receber o Novorizontino em seu primeiro desafio no estadual.<\/p>\n<p><em>*Com informa\u00e7\u00f5es do Estad\u00e3o Conte\u00fado<\/em><\/p>\n<div class=\"list-related-posts\">\n<h3>Leia tamb\u00e9m<\/h3>\n<div class=\"related-posts-container\">\n<div class=\"related-post-item-container\">\n<div class=\"related-post\">\n<div class=\"img-related-box\">\n                                            <strong><a href=\"https:\/\/jovempan.com.br\/esportes\/futebol\/endrick-diz-que-seu-objetivo-e-voltar-a-selecao-no-lyon.html\" title=\"Endrick diz que seu objetivo \u00e9 'voltar \u00e0 Sele\u00e7\u00e3o' no Lyon\"><img decoding=\"async\" src=\"https:\/\/jpimg.com.br\/uploads\/2026\/01\/afp__20260105__89nd34h__v1__highres__fblfraligue1lyonpresser.jpg\"><\/a><\/strong>\n                                        <\/div>\n<p>                                        <span class=\"box-the-title\"><br \/>\n                                            <strong><a href=\"https:\/\/jovempan.com.br\/esportes\/futebol\/endrick-diz-que-seu-objetivo-e-voltar-a-selecao-no-lyon.html\" title=\"Endrick diz que seu objetivo \u00e9 'voltar \u00e0 Sele\u00e7\u00e3o' no Lyon\">Endrick diz que seu objetivo \u00e9 &#8216;voltar \u00e0 Sele\u00e7\u00e3o&#8217; no Lyon<\/a><\/strong><br \/>\n                                        <\/span>\n                                    <\/div>\n<div class=\"related-post\">\n<div class=\"img-related-box\">\n                                            <strong><a href=\"https:\/\/jovempan.com.br\/esportes\/outros-esportes\/flamengo-anuncia-dispensa-do-campeao-olimpico-isaquias-queiroz.html\" title=\"Flamengo anuncia dispensa do campe\u00e3o ol\u00edmpico Isaquias Queiroz\"><img decoding=\"async\" src=\"https:\/\/jpimg.com.br\/uploads\/2024\/08\/isa.jpg\"><\/a><\/strong>\n                                        <\/div>\n<p>                                        <span class=\"box-the-title\"><br \/>\n                                            <strong><a href=\"https:\/\/jovempan.com.br\/esportes\/outros-esportes\/flamengo-anuncia-dispensa-do-campeao-olimpico-isaquias-queiroz.html\" title=\"Flamengo anuncia dispensa do campe\u00e3o ol\u00edmpico Isaquias Queiroz\">Flamengo anuncia dispensa do campe\u00e3o ol\u00edmpico Isaquias Queiroz<\/a><\/strong><br \/>\n                                        <\/span>\n                                    <\/div>\n<div class=\"related-post\">\n<div class=\"img-related-box\">\n                                            <strong><a href=\"https:\/\/jovempan.com.br\/esportes\/outros-esportes\/joao-fonseca-cai-para-29o-no-ranking-da-atp-apos-lesao-tirar-brasileiro-de-brisbane.html\" title=\"Jo\u00e3o Fonseca cai para 29\u00ba no ranking da ATP ap\u00f3s les\u00e3o tirar brasileiro de Brisbane\"><img decoding=\"async\" src=\"https:\/\/jpimg.com.br\/uploads\/2025\/10\/design-sem-nome-7-4.png\"><\/a><\/strong>\n                                        <\/div>\n<p>                                        <span class=\"box-the-title\"><br \/>\n                                            <strong><a href=\"https:\/\/jovempan.com.br\/esportes\/outros-esportes\/joao-fonseca-cai-para-29o-no-ranking-da-atp-apos-lesao-tirar-brasileiro-de-brisbane.html\" title=\"Jo\u00e3o Fonseca cai para 29\u00ba no ranking da ATP ap\u00f3s les\u00e3o tirar brasileiro de Brisbane\">Jo\u00e3o Fonseca cai para 29\u00ba no ranking da ATP ap\u00f3s les\u00e3o tirar brasileiro de Brisbane<\/a><\/strong><br \/>\n                                        <\/span>\n                                    <\/div>\n<\/p><\/div>\n<\/p><\/div>\n<\/p><\/div>\n<\/div>\n","protected":false},"excerpt":{"rendered":"<p>A segunda-feira (5) foi agitada na Vila Belmiro com a apresenta\u00e7\u00e3o oficial do atacante Gabigol. O jogador, que vai usar a camisa 9, fez juras de amor ao clube que o revelou e prometeu dedica\u00e7\u00e3o para reescrever sua hist\u00f3ria. \u201cEm algum momento isso iria acontecer, sempre esteve na minha cabe\u00e7a voltar para o Santos, para [&hellip;]<\/p>\n","protected":false},"author":260,"featured_media":63667,"comment_status":"closed","ping_status":"closed","sticky":false,"template":"","format":"standard","meta":{"_themeisle_gutenberg_block_has_review":false,"_jetpack_memberships_contains_paid_content":false,"footnotes":""},"categories":[12],"tags":[153],"class_list":{"0":"post-63666","1":"post","2":"type-post","3":"status-publish","4":"format-standard","5":"has-post-thumbnail","7":"category-esportes","8":"tag-esportes"},"jetpack_featured_media_url":"https:\/\/crajubaremacao.com.br\/wp-content\/uploads\/2026\/01\/fta20260105016-750x500-1.jpg","jetpack_sharing_enabled":true,"_links":{"self":[{"href":"https:\/\/crajubaremacao.com.br\/index.php?rest_route=\/wp\/v2\/posts\/63666","targetHints":{"allow":["GET"]}}],"collection":[{"href":"https:\/\/crajubaremacao.com.br\/index.php?rest_route=\/wp\/v2\/posts"}],"about":[{"href":"https:\/\/crajubaremacao.com.br\/index.php?rest_route=\/wp\/v2\/types\/post"}],"author":[{"embeddable":true,"href":"https:\/\/crajubaremacao.com.br\/index.php?rest_route=\/wp\/v2\/users\/260"}],"replies":[{"embeddable":true,"href":"https:\/\/crajubaremacao.com.br\/index.php?rest_route=%2Fwp%2Fv2%2Fcomments&post=63666"}],"version-history":[{"count":0,"href":"https:\/\/crajubaremacao.com.br\/index.php?rest_route=\/wp\/v2\/posts\/63666\/revisions"}],"wp:featuredmedia":[{"embeddable":true,"href":"https:\/\/crajubaremacao.com.br\/index.php?rest_route=\/wp\/v2\/media\/63667"}],"wp:attachment":[{"href":"https:\/\/crajubaremacao.com.br\/index.php?rest_route=%2Fwp%2Fv2%2Fmedia&parent=63666"}],"wp:term":[{"taxonomy":"category","embeddable":true,"href":"https:\/\/crajubaremacao.com.br\/index.php?rest_route=%2Fwp%2Fv2%2Fcategories&post=63666"},{"taxonomy":"post_tag","embeddable":true,"href":"https:\/\/crajubaremacao.com.br\/index.php?rest_route=%2Fwp%2Fv2%2Ftags&post=63666"}],"curies":[{"name":"wp","href":"https:\/\/api.w.org\/{rel}","templated":true}]}}