{"id":63668,"date":"2026-01-06T00:01:00","date_gmt":"2026-01-06T03:01:00","guid":{"rendered":"https:\/\/crajubaremacao.com.br\/?p=63668"},"modified":"2026-01-06T00:01:00","modified_gmt":"2026-01-06T03:01:00","slug":"passaporte-de-eliza-samudio-teria-sido-encontrado-em-portugal","status":"publish","type":"post","link":"https:\/\/crajubaremacao.com.br\/?p=63668","title":{"rendered":"Passaporte de Eliza Samudio teria sido encontrado em Portugal"},"content":{"rendered":"<div>\n<div style=\"margin-bottom: 15px;\"><img decoding=\"async\" class=\"type:primaryImage\" src=\"https:\/\/crajubaremacao.com.br\/wp-content\/uploads\/2026\/01\/sem-titulo-750x416-1.jpg\"><\/div>\n<p><?xml encoding=\"UTF-8\"><\/p>\n<p>O passaporte da modelo <a href=\"http:\/\/jovempan.com.br\/tag\/eliza-samudio\"><strong>Eliza Samudio<\/strong><\/a>, assassinada h\u00e1 mais de 15 anos, a mando do goleiro Bruno Fernandes, do Flamengo na \u00e9poca, teria sido encontrado em Portugal. Um homem, que preferiu n\u00e3o se identificar, teria achado o documento em uma estante no fim de 2025. As informa\u00e7\u00f5es s\u00e3o do portal LeoDias. O im\u00f3vel onde o documento foi encontrado \u00e9 alugado por esse homem, sua esposa e filha. Outras duas pessoas que n\u00e3o s\u00e3o da fam\u00edlia tamb\u00e9m moram em outro espa\u00e7o do apartamento.<\/p>\n<div class=\"cta-model cta-model2\" name=\"model2\">\n<div class=\"cta-container-general\">\n<div class=\"cta-container-model2\">\n<div class=\"container-image-text\">\n<div class=\"container-img\">\n                    <img decoding=\"async\" id=\"cta-image\" editable=\"true\" name=\"Imagem:\" src=\"https:\/\/crajubaremacao.com.br\/wp-content\/uploads\/2026\/01\/640_4anos-JPNews-12.jpg\" alt=\"cta_logo_jp\">\n                <\/div>\n<div class=\"container-title\">\n                    <span id=\"cta-text\" editable=\"true\" name=\"Conte\u00fado:\">Siga o canal da Jovem Pan News e receba as principais not\u00edcias no seu WhatsApp!<\/span>\n                <\/div>\n<\/p><\/div>\n<div class=\"cta-container-link\">\n<div class=\"cta-container-space\"><\/div>\n<p>                <a id=\"cta-link\" editable=\"true\" name=\"Link%20do%20bot%C3%A3o:\" target=\"_blank\" href=\"https:\/\/www.whatsapp.com\/channel\/0029VaAxUvrGJP8Fz9QZH93S\"><\/p>\n<div class=\"container-button\">\n                        <span id=\"cta-text2\" editable=\"true\" name=\"Texto do bot\u00e3o:\">WhatsApp<\/span>\n                    <\/div>\n<div class=\"container-icon\">\n                        <i id=\"cta-icon\" name=\"\u00cdcone do bot\u00e3o:\" editable=\"true\" class=\"fa-brands fa-whatsapp\"><\/i>\n                    <\/div>\n<p>                <\/a>\n            <\/div>\n<\/div>\n<\/div>\n<\/div>\n<p>Segundo o homem, ele descobriu o documento ap\u00f3s ficar curioso com os livros que estavam na sala compartilhada. \u201cQuando encontrei o documento e vi de quem era, por se tratar de uma pessoa que foi um caso que teve grande repercuss\u00e3o no Brasil e no mundo inteiro, fiquei em choque; pela foto eu j\u00e1 sabia de quem era, quem era a dona. (\u2026) L\u00e1 estava, em cima de um livro, vis\u00edvel, esse documento\u201d.<\/p>\n<div id=\"attachment_2092783\" style=\"width: 666px\" class=\"wp-caption aligncenter\"><img loading=\"lazy\" loading=\"lazy\" decoding=\"async\" aria-describedby=\"caption-attachment-2092783\" class=\"wp-image-2092783 \" src=\"https:\/\/crajubaremacao.com.br\/wp-content\/uploads\/2026\/01\/sem-titulo-1-750x485-1.jpg\" alt=\"\" width=\"656\" height=\"424\" srcset=\"\/\/jpimg.com.br\/uploads\/2026\/01\/sem-titulo-1-750x485.jpg 750w, \/\/jpimg.com.br\/uploads\/2026\/01\/sem-titulo-1-696x450.jpg 696w, \/\/jpimg.com.br\/uploads\/2026\/01\/sem-titulo-1-320x207.jpg 320w, \/\/jpimg.com.br\/uploads\/2026\/01\/sem-titulo-1-668x432.jpg 668w, \/\/jpimg.com.br\/uploads\/2026\/01\/sem-titulo-1-521x337.jpg 521w, \/\/jpimg.com.br\/uploads\/2026\/01\/sem-titulo-1-108x70.jpg 108w, \/\/jpimg.com.br\/uploads\/2026\/01\/sem-titulo-1-600x388.jpg 600w, \/\/jpimg.com.br\/uploads\/2026\/01\/sem-titulo-1.jpg 755w\" sizes=\"auto, (max-width: 656px) 100vw, 656px\"><\/p>\n<p id=\"caption-attachment-2092783\" class=\"wp-caption-text\">Reprodu\u00e7\u00e3o\/LEO DIAS TV<\/p>\n<\/div>\n<p>No documento, consta data de entrada de Eliza em Portugal, em 2007, por\u00e9m n\u00e3o h\u00e1 data de sa\u00edda. Ela foi assassinada em 2010. Segundo autoridades consultadas pelo portal Leo Dias, o passaporte \u00e9 verdadeiro.<\/p>\n<p>O Consulado do Brasil em Portugal se manifestou sobre o suposto documento: \u201cO Consulado-Geral do Brasil em Lisboa j\u00e1 fez uma comunica\u00e7\u00e3o oficial ao Itamaraty em Bras\u00edlia informando que o passaporte foi encontrado e entregue ao consulado. Neste momento estamos aguardando instru\u00e7\u00f5es sobre quais s\u00e3o os pr\u00f3ximos passos com rela\u00e7\u00e3o ao documento\u201d, explica.<\/p>\n<p>\u201cDe nossa parte, como n\u00e3o se trata de mat\u00e9ria de compet\u00eancia do Consulado, n\u00e3o sei lhe informar sobre o que vai ocorrer a partir de agora. O consulado vai apenas receber instru\u00e7\u00f5es de Bras\u00edlia e cumprir o que for determinado. Aproveito para tamb\u00e9m esclarecer que o consulado e a embaixada s\u00e3o dois postos independentes aqui em Lisboa, o consulado n\u00e3o \u00e9 parte da embaixada\u201d, termina.<\/p>\n<div class=\"list-related-posts\">\n<h3>Leia tamb\u00e9m<\/h3>\n<div class=\"related-posts-container\">\n<div class=\"related-post-item-container\">\n<div class=\"related-post\">\n<div class=\"img-related-box\">\n                                            <strong><a href=\"https:\/\/jovempan.com.br\/noticias\/economia\/prefeitura-de-sp-divulga-calendario-de-pagamento-do-iptu-2026.html\" title=\"Prefeitura de SP divulga calend\u00e1rio de pagamento do IPTU 2026\"><img decoding=\"async\" src=\"https:\/\/crajubaremacao.com.br\/wp-content\/uploads\/2026\/01\/ato20250131034.jpg\"><\/a><\/strong>\n                                        <\/div>\n<p>                                        <span class=\"box-the-title\"><br \/>\n                                            <strong><a href=\"https:\/\/jovempan.com.br\/noticias\/economia\/prefeitura-de-sp-divulga-calendario-de-pagamento-do-iptu-2026.html\" title=\"Prefeitura de SP divulga calend\u00e1rio de pagamento do IPTU 2026\">Prefeitura de SP divulga calend\u00e1rio de pagamento do IPTU 2026<\/a><\/strong><br \/>\n                                        <\/span>\n                                    <\/div>\n<div class=\"related-post\">\n<div class=\"img-related-box\">\n                                            <strong><a href=\"https:\/\/jovempan.com.br\/noticias\/politica\/stf-enfatizara-punicoes-a-golpistas-em-evento-de-aniversario-do-8-1.html\" title=\"STF enfatizar\u00e1 puni\u00e7\u00f5es a golpistas em evento de anivers\u00e1rio do 8\/1\"><img decoding=\"async\" src=\"https:\/\/crajubaremacao.com.br\/wp-content\/uploads\/2026\/01\/8janeiro.png\"><\/a><\/strong>\n                                        <\/div>\n<p>                                        <span class=\"box-the-title\"><br \/>\n                                            <strong><a href=\"https:\/\/jovempan.com.br\/noticias\/politica\/stf-enfatizara-punicoes-a-golpistas-em-evento-de-aniversario-do-8-1.html\" title=\"STF enfatizar\u00e1 puni\u00e7\u00f5es a golpistas em evento de anivers\u00e1rio do 8\/1\">STF enfatizar\u00e1 puni\u00e7\u00f5es a golpistas em evento de anivers\u00e1rio do 8\/1<\/a><\/strong><br \/>\n                                        <\/span>\n                                    <\/div>\n<div class=\"related-post\">\n<div class=\"img-related-box\">\n                                            <strong><a href=\"https:\/\/jovempan.com.br\/saude\/anvisa-aprova-inicio-dos-testes-com-polilaminina-em-pacientes-com-lesao-medular.html\" title=\"Anvisa aprova in\u00edcio dos testes com polilaminina em pacientes com les\u00e3o medular\"><img decoding=\"async\" src=\"https:\/\/crajubaremacao.com.br\/wp-content\/uploads\/2026\/01\/11-11-2020_sede_anvisa_0.jpg\"><\/a><\/strong>\n                                        <\/div>\n<p>                                        <span class=\"box-the-title\"><br \/>\n                                            <strong><a href=\"https:\/\/jovempan.com.br\/saude\/anvisa-aprova-inicio-dos-testes-com-polilaminina-em-pacientes-com-lesao-medular.html\" title=\"Anvisa aprova in\u00edcio dos testes com polilaminina em pacientes com les\u00e3o medular\">Anvisa aprova in\u00edcio dos testes com polilaminina em pacientes com les\u00e3o medular<\/a><\/strong><br \/>\n                                        <\/span>\n                                    <\/div>\n<\/p><\/div>\n<\/p><\/div>\n<\/p><\/div>\n<\/div>\n","protected":false},"excerpt":{"rendered":"<p>O passaporte da modelo Eliza Samudio, assassinada h\u00e1 mais de 15 anos, a mando do goleiro Bruno Fernandes, do Flamengo na \u00e9poca, teria sido encontrado em Portugal. Um homem, que preferiu n\u00e3o se identificar, teria achado o documento em uma estante no fim de 2025. As informa\u00e7\u00f5es s\u00e3o do portal LeoDias. O im\u00f3vel onde o [&hellip;]<\/p>\n","protected":false},"author":117,"featured_media":63669,"comment_status":"closed","ping_status":"closed","sticky":false,"template":"","format":"standard","meta":{"_themeisle_gutenberg_block_has_review":false,"_jetpack_memberships_contains_paid_content":false,"footnotes":""},"categories":[2],"tags":[150],"class_list":{"0":"post-63668","1":"post","2":"type-post","3":"status-publish","4":"format-standard","5":"has-post-thumbnail","7":"category-brasil","8":"tag-brasil"},"jetpack_featured_media_url":"https:\/\/crajubaremacao.com.br\/wp-content\/uploads\/2026\/01\/sem-titulo-750x416-1.jpg","jetpack_sharing_enabled":true,"_links":{"self":[{"href":"https:\/\/crajubaremacao.com.br\/index.php?rest_route=\/wp\/v2\/posts\/63668","targetHints":{"allow":["GET"]}}],"collection":[{"href":"https:\/\/crajubaremacao.com.br\/index.php?rest_route=\/wp\/v2\/posts"}],"about":[{"href":"https:\/\/crajubaremacao.com.br\/index.php?rest_route=\/wp\/v2\/types\/post"}],"author":[{"embeddable":true,"href":"https:\/\/crajubaremacao.com.br\/index.php?rest_route=\/wp\/v2\/users\/117"}],"replies":[{"embeddable":true,"href":"https:\/\/crajubaremacao.com.br\/index.php?rest_route=%2Fwp%2Fv2%2Fcomments&post=63668"}],"version-history":[{"count":0,"href":"https:\/\/crajubaremacao.com.br\/index.php?rest_route=\/wp\/v2\/posts\/63668\/revisions"}],"wp:featuredmedia":[{"embeddable":true,"href":"https:\/\/crajubaremacao.com.br\/index.php?rest_route=\/wp\/v2\/media\/63669"}],"wp:attachment":[{"href":"https:\/\/crajubaremacao.com.br\/index.php?rest_route=%2Fwp%2Fv2%2Fmedia&parent=63668"}],"wp:term":[{"taxonomy":"category","embeddable":true,"href":"https:\/\/crajubaremacao.com.br\/index.php?rest_route=%2Fwp%2Fv2%2Fcategories&post=63668"},{"taxonomy":"post_tag","embeddable":true,"href":"https:\/\/crajubaremacao.com.br\/index.php?rest_route=%2Fwp%2Fv2%2Ftags&post=63668"}],"curies":[{"name":"wp","href":"https:\/\/api.w.org\/{rel}","templated":true}]}}