{"id":63736,"date":"2026-01-07T12:07:13","date_gmt":"2026-01-07T15:07:13","guid":{"rendered":"https:\/\/crajubaremacao.com.br\/?p=63736"},"modified":"2026-01-07T12:07:13","modified_gmt":"2026-01-07T15:07:13","slug":"mae-de-eliza-samudio-cobra-esclarecimentos-sobre-passaporte-da-filha-localizado-em-portugal","status":"publish","type":"post","link":"https:\/\/crajubaremacao.com.br\/?p=63736","title":{"rendered":"M\u00e3e de Eliza Samudio cobra esclarecimentos sobre passaporte da filha localizado em Portugal"},"content":{"rendered":"<div>\n<div style=\"margin-bottom: 15px;\"><img decoding=\"async\" class=\"type:primaryImage\" src=\"https:\/\/crajubaremacao.com.br\/wp-content\/uploads\/2026\/01\/imagem-jvp-2026-01-07t113831818-750x450-1.png\"><\/div>\n<p><?xml encoding=\"UTF-8\"><\/p>\n<p>Sonia Moura, m\u00e3e de<strong><a href=\"http:\/\/jovempan.com.br\/tag\/eliza-samudio\"> Eliza Samudio<\/a><\/strong>, se manifestou nas redes sociais ap\u00f3s um passaporte da filha ser localizado em <strong><a href=\"http:\/\/jovempan.com.br\/tag\/portugal\">Portugal<\/a> <\/strong>na \u00faltima semana. Ela questionou a descoberta, afirmando que os fatos n\u00e3o parecem ter ocorrido por acaso e apontou quest\u00f5es pendentes a serem esclarecidas.<\/p>\n<p>\u201cH\u00e1 fatos mal explicados, perguntas sem respostas e uma condu\u00e7\u00e3o que apenas amplia a ang\u00fastia de quem j\u00e1 vive um luto permanente. Essas lacunas n\u00e3o s\u00e3o detalhes \u2013 elas pesam, machucam e gritam por esclarecimento\u201d, disse na publica\u00e7\u00e3o que acompanha uma foto de Eliza.<\/p>\n<p>\u201cMinha filha est\u00e1 morta. E essa \u00e9 uma frase que nenhuma m\u00e3e deveria repetir todos os dias para si mesma. Ela carrega uma saudade que aperta o peito, que sufoca, que nunca descansa\u201d, declarou.<\/p>\n<p>Segundo o Itamaraty, o passaporte, que est\u00e1 expirado e cancelado, ser\u00e1 enviado pelo Consulado-Geral do Brasil em Lisboa \u00e0 sede do Minist\u00e9rio das Rela\u00e7\u00f5es Exteriores, em Bras\u00edlia. At\u00e9 o momento, n\u00e3o foram detalhadas as circunst\u00e2ncias em que o documento foi encontrado.<\/p>\n<p>Sonia Moura afirma que permanecer\u00e1 em sil\u00eancio mas que ir\u00e1 exigir das autoridades respostas sobre o caso. \u201cMinha filha merece respeito, verdade e justi\u00e7a\u201d.<\/p>\n<p>Eliza foi assassinada aos 25 anos, em 2010. Oito pessoas foram condenadas pelo crime, mas, at\u00e9 hoje, o corpo da modelo n\u00e3o foi encontrado. A suspeita principal, com base em relatos de testemunhas, \u00e9 que o corpo tenha sido esquartejado e enterrado sob uma camada de concreto.<\/p>\n<p>O ex-goleiro Bruno, com quem a modelo manteve um relacionamento, foi condenado em 2013 a 22 anos e tr\u00eas meses de pris\u00e3o pelos crimes de homic\u00eddio, oculta\u00e7\u00e3o de cad\u00e1ver, sequestro e c\u00e1rcere privado. O casal teve um filho que, \u00e0 \u00e9poca, n\u00e3o tinha a paternidade reconhecida pelo ex-atleta.<\/p>\n<div class=\"cta-model cta-model2\" name=\"model2\">\n<div class=\"cta-container-general\">\n<div class=\"cta-container-model2\">\n<div class=\"container-image-text\">\n<div class=\"container-img\">\n                    <img decoding=\"async\" id=\"cta-image\" editable=\"true\" name=\"Imagem:\" src=\"https:\/\/crajubaremacao.com.br\/wp-content\/uploads\/2026\/01\/640_4anos-JPNews-16.jpg\" alt=\"cta_logo_jp\">\n                <\/div>\n<div class=\"container-title\">\n                    <span id=\"cta-text\" editable=\"true\" name=\"Conte\u00fado:\">Siga o canal da Jovem Pan News e receba as principais not\u00edcias no seu WhatsApp!<\/span>\n                <\/div>\n<\/p><\/div>\n<div class=\"cta-container-link\">\n<div class=\"cta-container-space\"><\/div>\n<p>                <a id=\"cta-link\" editable=\"true\" name=\"Link%20do%20bot%C3%A3o:\" target=\"_blank\" href=\"https:\/\/www.whatsapp.com\/channel\/0029VaAxUvrGJP8Fz9QZH93S\"><\/p>\n<div class=\"container-button\">\n                        <span id=\"cta-text2\" editable=\"true\" name=\"Texto do bot\u00e3o:\">WhatsApp<\/span>\n                    <\/div>\n<div class=\"container-icon\">\n                        <i id=\"cta-icon\" name=\"\u00cdcone do bot\u00e3o:\" editable=\"true\" class=\"fa-brands fa-whatsapp\"><\/i>\n                    <\/div>\n<p>                <\/a>\n            <\/div>\n<\/div>\n<\/div>\n<\/div>\n<p>Em janeiro de 2023, Bruno obteve liberdade condicional, ap\u00f3s a pena ter sido progredida para o regime semiaberto em 2018.<\/p>\n<p><em>*Com informa\u00e7\u00f5es do Estad\u00e3o Conte\u00fado\u00a0<\/em><\/p>\n<div class=\"list-related-posts\">\n<h3>Leia tamb\u00e9m<\/h3>\n<div class=\"related-posts-container\">\n<div class=\"related-post-item-container\">\n<div class=\"related-post\">\n<div class=\"img-related-box\">\n                                            <strong><a href=\"https:\/\/jovempan.com.br\/noticias\/brasil\/consulado-do-brasil-em-lisboa-diz-que-recebeu-um-passaporte-de-eliza-samudio.html\" title=\"Consulado do Brasil em Lisboa diz que recebeu um passaporte de Eliza Samudio\"><img decoding=\"async\" src=\"https:\/\/crajubaremacao.com.br\/wp-content\/uploads\/2026\/01\/sem-titulo-1.jpg\"><\/a><\/strong>\n                                        <\/div>\n<p>                                        <span class=\"box-the-title\"><br \/>\n                                            <strong><a href=\"https:\/\/jovempan.com.br\/noticias\/brasil\/consulado-do-brasil-em-lisboa-diz-que-recebeu-um-passaporte-de-eliza-samudio.html\" title=\"Consulado do Brasil em Lisboa diz que recebeu um passaporte de Eliza Samudio\">Consulado do Brasil em Lisboa diz que recebeu um passaporte de Eliza Samudio<\/a><\/strong><br \/>\n                                        <\/span>\n                                    <\/div>\n<div class=\"related-post\">\n<div class=\"img-related-box\">\n                                            <strong><a href=\"https:\/\/jovempan.com.br\/noticias\/brasil\/passaporte-de-eliza-samudio-teria-sido-encontrado-em-portugal.html\" title=\"Passaporte de Eliza Samudio teria sido encontrado em Portugal\"><img decoding=\"async\" src=\"https:\/\/crajubaremacao.com.br\/wp-content\/uploads\/2026\/01\/sem-titulo-1.jpg\"><\/a><\/strong>\n                                        <\/div>\n<p>                                        <span class=\"box-the-title\"><br \/>\n                                            <strong><a href=\"https:\/\/jovempan.com.br\/noticias\/brasil\/passaporte-de-eliza-samudio-teria-sido-encontrado-em-portugal.html\" title=\"Passaporte de Eliza Samudio teria sido encontrado em Portugal\">Passaporte de Eliza Samudio teria sido encontrado em Portugal<\/a><\/strong><br \/>\n                                        <\/span>\n                                    <\/div>\n<\/p><\/div>\n<\/p><\/div>\n<\/p><\/div>\n<\/div>\n","protected":false},"excerpt":{"rendered":"<p>Sonia Moura, m\u00e3e de Eliza Samudio, se manifestou nas redes sociais ap\u00f3s um passaporte da filha ser localizado em Portugal na \u00faltima semana. Ela questionou a descoberta, afirmando que os fatos n\u00e3o parecem ter ocorrido por acaso e apontou quest\u00f5es pendentes a serem esclarecidas. \u201cH\u00e1 fatos mal explicados, perguntas sem respostas e uma condu\u00e7\u00e3o que [&hellip;]<\/p>\n","protected":false},"author":117,"featured_media":63737,"comment_status":"closed","ping_status":"closed","sticky":false,"template":"","format":"standard","meta":{"_themeisle_gutenberg_block_has_review":false,"_jetpack_memberships_contains_paid_content":false,"footnotes":""},"categories":[2],"tags":[150],"class_list":{"0":"post-63736","1":"post","2":"type-post","3":"status-publish","4":"format-standard","5":"has-post-thumbnail","7":"category-brasil","8":"tag-brasil"},"jetpack_featured_media_url":"https:\/\/crajubaremacao.com.br\/wp-content\/uploads\/2026\/01\/imagem-jvp-2026-01-07t113831818-750x450-1.png","jetpack_sharing_enabled":true,"_links":{"self":[{"href":"https:\/\/crajubaremacao.com.br\/index.php?rest_route=\/wp\/v2\/posts\/63736","targetHints":{"allow":["GET"]}}],"collection":[{"href":"https:\/\/crajubaremacao.com.br\/index.php?rest_route=\/wp\/v2\/posts"}],"about":[{"href":"https:\/\/crajubaremacao.com.br\/index.php?rest_route=\/wp\/v2\/types\/post"}],"author":[{"embeddable":true,"href":"https:\/\/crajubaremacao.com.br\/index.php?rest_route=\/wp\/v2\/users\/117"}],"replies":[{"embeddable":true,"href":"https:\/\/crajubaremacao.com.br\/index.php?rest_route=%2Fwp%2Fv2%2Fcomments&post=63736"}],"version-history":[{"count":0,"href":"https:\/\/crajubaremacao.com.br\/index.php?rest_route=\/wp\/v2\/posts\/63736\/revisions"}],"wp:featuredmedia":[{"embeddable":true,"href":"https:\/\/crajubaremacao.com.br\/index.php?rest_route=\/wp\/v2\/media\/63737"}],"wp:attachment":[{"href":"https:\/\/crajubaremacao.com.br\/index.php?rest_route=%2Fwp%2Fv2%2Fmedia&parent=63736"}],"wp:term":[{"taxonomy":"category","embeddable":true,"href":"https:\/\/crajubaremacao.com.br\/index.php?rest_route=%2Fwp%2Fv2%2Fcategories&post=63736"},{"taxonomy":"post_tag","embeddable":true,"href":"https:\/\/crajubaremacao.com.br\/index.php?rest_route=%2Fwp%2Fv2%2Ftags&post=63736"}],"curies":[{"name":"wp","href":"https:\/\/api.w.org\/{rel}","templated":true}]}}