{"id":63738,"date":"2026-01-07T12:07:40","date_gmt":"2026-01-07T15:07:40","guid":{"rendered":"https:\/\/crajubaremacao.com.br\/?p=63738"},"modified":"2026-01-07T12:07:40","modified_gmt":"2026-01-07T15:07:40","slug":"lula-sanciona-lei-que-proibe-descontos-associativos-em-beneficios-do-inss","status":"publish","type":"post","link":"https:\/\/crajubaremacao.com.br\/?p=63738","title":{"rendered":"Lula sanciona lei que pro\u00edbe descontos associativos em benef\u00edcios do INSS"},"content":{"rendered":"<div>\n<div style=\"margin-bottom: 15px;\"><img decoding=\"async\" class=\"type:primaryImage\" src=\"https:\/\/jpimg.com.br\/uploads\/2026\/01\/55002131505_8f4b74eac1_k-750x500.jpg\"><\/div>\n<p><?xml encoding=\"UTF-8\"><\/p>\n<p>O <strong><a href=\"http:\/\/jovempan.com.br\/tag\/lula\">presidente Luiz In\u00e1cio Lula da Silva<\/a><\/strong> sancionou a lei que pro\u00edbe descontos de mensalidades de associa\u00e7\u00f5es nos benef\u00edcios administrados pelo<strong><a href=\"http:\/\/jovempan.com.br\/tag\/inss\"> Instituto Nacional do Seguro Social (INSS)<\/a><\/strong>. A nova legisla\u00e7\u00e3o determina ainda busca ativa a benefici\u00e1rios lesados em decorr\u00eancia de descontos indevidos e prev\u00ea o seu ressarcimento.<\/p>\n<p>A mudan\u00e7a, promovida na Lei dos Planos de Benef\u00edcios da Previd\u00eancia Social (Lei 8.213\/1991), veda o desconto mesmo com a autoriza\u00e7\u00e3o expressa do benefici\u00e1rio, atribuindo a obriga\u00e7\u00e3o de ressarcimento de desconto indevido a associa\u00e7\u00e3o ou a institui\u00e7\u00e3o financeira em at\u00e9 30 dias. A exce\u00e7\u00e3o \u00e9 para autoriza\u00e7\u00e3o pr\u00e9via, pessoal e espec\u00edfica, com autentica\u00e7\u00e3o por biometria, com reconhecimento facial ou impress\u00e3o digital e assinatura eletr\u00f4nica.<\/p>\n<p>A nova lei foi publicada no Di\u00e1rio Oficial da Uni\u00e3o desta quarta-feira (7) e tamb\u00e9m disciplina o sequestro de bens de pessoas investigadas ou acusadas pelos crimes relativos ao descontos indevidos nos benef\u00edcios do INSS.<\/p>\n<p>O debate que resultou com a mudan\u00e7a na legisla\u00e7\u00e3o teve in\u00edcio ap\u00f3s a Pol\u00edcia Federal (PF) e a Controladoria-Geral da Uni\u00e3o (CGU) deflagrarem a Opera\u00e7\u00e3o Sem Desconto, em abril de 2025.<\/p>\n<p>A investiga\u00e7\u00e3o tornou p\u00fablica a exist\u00eancia de um esquema que lesou milh\u00f5es de benefici\u00e1rios do INSS em todo o Brasil. Desde ent\u00e3o, todos os acordos de coopera\u00e7\u00e3o t\u00e9cnica que permitiam mensalidades associativas diretamente nos benef\u00edcios foram suspensos. Uma for\u00e7a-tarefa foi iniciada para a devolu\u00e7\u00e3o dos valores aos pensionistas lesados.<\/p>\n<p>De acordo com o \u00faltimo balan\u00e7o do INSS, at\u00e9 o dia 5 de janeiro j\u00e1 foram ressarcidos R$ 2.835.784.151,87 \u00e0s v\u00edtimas de descontos irregulares de mensalidades cobradas por associa\u00e7\u00f5es, sindicatos, entidades de classe e organiza\u00e7\u00f5es em benef\u00edcios previdenci\u00e1rios. O valor corresponde a 4.160.369 solicita\u00e7\u00f5es de contesta\u00e7\u00e3o apresentadas por aposentados e pensionistas que questionaram os descontos irregulares.<\/p>\n<div class=\"cta-model cta-model2\" name=\"model2\">\n<div class=\"cta-container-general\">\n<div class=\"cta-container-model2\">\n<div class=\"container-image-text\">\n<div class=\"container-img\">\n                    <img decoding=\"async\" id=\"cta-image\" editable=\"true\" name=\"Imagem:\" src=\"https:\/\/s.jpimg.com.br\/wp-content\/plugins\/CTA-posts-selector\/assets\/images\/640_4anos-JPNews.jpg\" alt=\"cta_logo_jp\">\n                <\/div>\n<div class=\"container-title\">\n                    <span id=\"cta-text\" editable=\"true\" name=\"Conte\u00fado:\">Siga o canal da Jovem Pan News e receba as principais not\u00edcias no seu WhatsApp!<\/span>\n                <\/div>\n<\/p><\/div>\n<div class=\"cta-container-link\">\n<div class=\"cta-container-space\"><\/div>\n<p>                <a id=\"cta-link\" editable=\"true\" name=\"Link%20do%20bot%C3%A3o:\" target=\"_blank\" href=\"https:\/\/www.whatsapp.com\/channel\/0029VaAxUvrGJP8Fz9QZH93S\"><\/p>\n<div class=\"container-button\">\n                        <span id=\"cta-text2\" editable=\"true\" name=\"Texto do bot\u00e3o:\">WhatsApp<\/span>\n                    <\/div>\n<div class=\"container-icon\">\n                        <i id=\"cta-icon\" name=\"\u00cdcone do bot\u00e3o:\" editable=\"true\" class=\"fa-brands fa-whatsapp\"><\/i>\n                    <\/div>\n<p>                <\/a>\n            <\/div>\n<\/div>\n<\/div>\n<\/div>\n<p>Mais de 72,5 milh\u00f5es de consultas sobre descontos indevidos foram registradas no aplicativo Meu INSS, das quais 38,7 milh\u00f5es constataram a inexist\u00eancia do desconto. Ainda h\u00e1 mais de 6,3 milh\u00f5es de pedidos de contesta\u00e7\u00f5es em aberto. J\u00e1 foram reconhecidos 131.715 casos de descontos indevidos.<\/p>\n<p><em>*Com Ag\u00eancia Brasil<\/em><\/p>\n<div class=\"list-related-posts\">\n<h3>Leia tamb\u00e9m<\/h3>\n<div class=\"related-posts-container\">\n<div class=\"related-post-item-container\">\n<div class=\"related-post\">\n<div class=\"img-related-box\">\n                                            <strong><a href=\"https:\/\/jovempan.com.br\/noticias\/economia\/inss-prazo-para-contestar-descontos-indevidos-termina-em-14-de-fevereiro.html\" title=\"INSS: Prazo para contestar descontos indevidos termina em 14 de fevereiro\"><img decoding=\"async\" src=\"https:\/\/jpimg.com.br\/uploads\/2026\/01\/design-sem-nome-4-1.png\"><\/a><\/strong>\n                                        <\/div>\n<p>                                        <span class=\"box-the-title\"><br \/>\n                                            <strong><a href=\"https:\/\/jovempan.com.br\/noticias\/economia\/inss-prazo-para-contestar-descontos-indevidos-termina-em-14-de-fevereiro.html\" title=\"INSS: Prazo para contestar descontos indevidos termina em 14 de fevereiro\">INSS: Prazo para contestar descontos indevidos termina em 14 de fevereiro<\/a><\/strong><br \/>\n                                        <\/span>\n                                    <\/div>\n<div class=\"related-post\">\n<div class=\"img-related-box\">\n                                            <strong><a href=\"https:\/\/jovempan.com.br\/noticias\/economia\/entenda-mudancas-na-aposentadoria-em-2026.html\" title=\"Entenda mudan\u00e7as na aposentadoria em 2026\"><img decoding=\"async\" src=\"https:\/\/jpimg.com.br\/uploads\/2025\/10\/imagem-jvp-8-2.png\"><\/a><\/strong>\n                                        <\/div>\n<p>                                        <span class=\"box-the-title\"><br \/>\n                                            <strong><a href=\"https:\/\/jovempan.com.br\/noticias\/economia\/entenda-mudancas-na-aposentadoria-em-2026.html\" title=\"Entenda mudan\u00e7as na aposentadoria em 2026\">Entenda mudan\u00e7as na aposentadoria em 2026<\/a><\/strong><br \/>\n                                        <\/span>\n                                    <\/div>\n<\/p><\/div>\n<\/p><\/div>\n<\/p><\/div>\n<p>\u00a0<\/p>\n<\/div>\n","protected":false},"excerpt":{"rendered":"<p>O presidente Luiz In\u00e1cio Lula da Silva sancionou a lei que pro\u00edbe descontos de mensalidades de associa\u00e7\u00f5es nos benef\u00edcios administrados pelo Instituto Nacional do Seguro Social (INSS). A nova legisla\u00e7\u00e3o determina ainda busca ativa a benefici\u00e1rios lesados em decorr\u00eancia de descontos indevidos e prev\u00ea o seu ressarcimento. A mudan\u00e7a, promovida na Lei dos Planos de [&hellip;]<\/p>\n","protected":false},"author":117,"featured_media":63739,"comment_status":"closed","ping_status":"closed","sticky":false,"template":"","format":"standard","meta":{"_themeisle_gutenberg_block_has_review":false,"_jetpack_memberships_contains_paid_content":false,"footnotes":""},"categories":[9],"tags":[129],"class_list":{"0":"post-63738","1":"post","2":"type-post","3":"status-publish","4":"format-standard","5":"has-post-thumbnail","7":"category-politica","8":"tag-politica"},"jetpack_featured_media_url":"https:\/\/crajubaremacao.com.br\/wp-content\/uploads\/2026\/01\/55002131505_8f4b74eac1_k-750x500-1.jpg","jetpack_sharing_enabled":true,"_links":{"self":[{"href":"https:\/\/crajubaremacao.com.br\/index.php?rest_route=\/wp\/v2\/posts\/63738","targetHints":{"allow":["GET"]}}],"collection":[{"href":"https:\/\/crajubaremacao.com.br\/index.php?rest_route=\/wp\/v2\/posts"}],"about":[{"href":"https:\/\/crajubaremacao.com.br\/index.php?rest_route=\/wp\/v2\/types\/post"}],"author":[{"embeddable":true,"href":"https:\/\/crajubaremacao.com.br\/index.php?rest_route=\/wp\/v2\/users\/117"}],"replies":[{"embeddable":true,"href":"https:\/\/crajubaremacao.com.br\/index.php?rest_route=%2Fwp%2Fv2%2Fcomments&post=63738"}],"version-history":[{"count":0,"href":"https:\/\/crajubaremacao.com.br\/index.php?rest_route=\/wp\/v2\/posts\/63738\/revisions"}],"wp:featuredmedia":[{"embeddable":true,"href":"https:\/\/crajubaremacao.com.br\/index.php?rest_route=\/wp\/v2\/media\/63739"}],"wp:attachment":[{"href":"https:\/\/crajubaremacao.com.br\/index.php?rest_route=%2Fwp%2Fv2%2Fmedia&parent=63738"}],"wp:term":[{"taxonomy":"category","embeddable":true,"href":"https:\/\/crajubaremacao.com.br\/index.php?rest_route=%2Fwp%2Fv2%2Fcategories&post=63738"},{"taxonomy":"post_tag","embeddable":true,"href":"https:\/\/crajubaremacao.com.br\/index.php?rest_route=%2Fwp%2Fv2%2Ftags&post=63738"}],"curies":[{"name":"wp","href":"https:\/\/api.w.org\/{rel}","templated":true}]}}