{"id":63815,"date":"2026-01-09T03:02:57","date_gmt":"2026-01-09T06:02:57","guid":{"rendered":"https:\/\/crajubaremacao.com.br\/?p=63815"},"modified":"2026-01-09T03:02:57","modified_gmt":"2026-01-09T06:02:57","slug":"justica-determina-que-sus-forneca-remedio-para-tratar-cancer-raro-milotano-e-indicado-para-pacientes-com-carcinoma-adrenocortical","status":"publish","type":"post","link":"https:\/\/crajubaremacao.com.br\/?p=63815","title":{"rendered":"Justi\u00e7a determina que SUS forne\u00e7a rem\u00e9dio para tratar c\u00e2ncer raro Milotano \u00e9 indicado para pacientes com carcinoma adrenocortical"},"content":{"rendered":"<div>\n<p>\u00a0<strong style='box-sizing: border-box; color: #0c1a3d; font-family: \"Tipo Brasil Rounded\", Inter, sans-serif; margin: 0px; padding: 0px;'>Tribunal Regional Federal da 2\u00aa Regi\u00e3o (TRF2) determinou o\u00a0fornecimento do medicamento Mitotano a pacientes do Sistema \u00danico de Sa\u00fade (SUS) diagnosticados com carcinoma adrenocortical (CAC) \u2013 c\u00e2ncer raro, agressivo e sem alternativa terap\u00eautica eficaz.<\/strong><img decoding=\"async\" src=\"https:\/\/agenciabrasil.ebc.com.br\/ebc.png?id=1674606&amp;o=node\" style='border: 0px; box-sizing: border-box; color: #0c1a3d; display: inline; font-family: \"Tipo Brasil Rounded\", Inter, sans-serif; height: 1px; margin: 0px; padding: 0px; width: 1px;'><img decoding=\"async\" src=\"https:\/\/agenciabrasil.ebc.com.br\/ebc.gif?id=1674606&amp;o=node\" style='border: 0px; box-sizing: border-box; color: #0c1a3d; display: inline; font-family: \"Tipo Brasil Rounded\", Inter, sans-serif; height: 1px; margin: 0px; padding: 0px; width: 1px;'><\/p>\n<p style='background-color: white; box-sizing: border-box; color: #0c1a3d; font-family: \"Tipo Brasil Rounded\", Inter, sans-serif; line-height: 1.5; margin: 1.3rem 0px 0px; padding: 0px;'>O tribunal acolheu parcialmente a tutela provis\u00f3ria de urg\u00eancia (liminar) pedida pelo Minist\u00e9rio P\u00fablico Federal\u00a0em recurso, ap\u00f3s a negativa do pedido em primeira inst\u00e2ncia. A decis\u00e3o\u00a0reconhece\u00a0a urg\u00eancia da situa\u00e7\u00e3o e o risco concreto \u00e0 vida dos pacientes que estavam sem acesso ao medicamento.<\/p>\n<p style='background-color: white; box-sizing: border-box; color: #0c1a3d; font-family: \"Tipo Brasil Rounded\", Inter, sans-serif; line-height: 1.5; margin: 1.3rem 0px 0px; padding: 0px;'>De acordo com o pedido do MPF. o\u00a0Mitotano, que j\u00e1 foi comercializado no Brasil com o nome comercial Lisodren, \u00e9 utilizado no tratamento do carcinoma adrenocortical desde a d\u00e9cada de 1960 e \u00e9 reconhecido como a primeira e mais eficaz op\u00e7\u00e3o terap\u00eautica para a doen\u00e7a. O medicamento \u00e9 indicado tanto para casos de tumores inoper\u00e1veis, metast\u00e1ticos ou recorrentes quanto como terapia adjuvante, para reduzir o risco de recidiva ap\u00f3s cirurgia.<\/p>\n<p style='background-color: white; box-sizing: border-box; color: #0c1a3d; font-family: \"Tipo Brasil Rounded\", Inter, sans-serif; line-height: 1.5; margin: 1.3rem 0px 0px; padding: 0px;'>Segundo o MPF, n\u00e3o h\u00e1 no mercado alternativa terap\u00eautica com a mesma efic\u00e1cia e seguran\u00e7a, o que torna o fornecimento cont\u00ednuo do f\u00e1rmaco indispens\u00e1vel no \u00e2mbito do SUS.<\/p>\n<p style='background-color: white; box-sizing: border-box; color: #0c1a3d; font-family: \"Tipo Brasil Rounded\", Inter, sans-serif; line-height: 1.5; margin: 1.3rem 0px 0px; padding: 0px;'><strong style=\"box-sizing: border-box; margin: 0px; padding: 0px;\">Com a decis\u00e3o liminar, a Uni\u00e3o dever\u00e1 apresentar plano de a\u00e7\u00f5es e cronograma detalhado para garantir que todos os pacientes do SUS com indica\u00e7\u00e3o m\u00e9dica recebam o Mitotano de forma cont\u00ednua, evitando a interrup\u00e7\u00e3o do tratamento.<\/strong><\/p>\n<h2 style='background-color: white; box-sizing: border-box; color: #0c1a3d; font-family: \"Tipo Brasil Rounded\", Inter, sans-serif; margin: 1.25em 0px 0px; padding: 0px;'>Hist\u00f3rico<\/h2>\n<p style='background-color: white; box-sizing: border-box; color: #0c1a3d; font-family: \"Tipo Brasil Rounded\", Inter, sans-serif; line-height: 1.5; margin: 1.3rem 0px 0px; padding: 0px;'>O MPF ressalta que a\u00a0crise no fornecimento do Mitotano se agravou em mar\u00e7o de 2022, quando a empresa detentora do registro no Brasil comunicou \u00e0 Ag\u00eancia Nacional de Vigil\u00e2ncia Sanit\u00e1ria (Anvisa) a descontinua\u00e7\u00e3o definitiva da fabrica\u00e7\u00e3o e da importa\u00e7\u00e3o do medicamento por motivos comerciais.<\/p>\n<p style='background-color: white; box-sizing: border-box; color: #0c1a3d; font-family: \"Tipo Brasil Rounded\", Inter, sans-serif; line-height: 1.5; margin: 1.3rem 0px 0px; padding: 0px;'>Desde ent\u00e3o, hospitais de refer\u00eancia do SUS, como o Instituto Nacional de C\u00e2ncer (Inca), passaram a enfrentar estoques zerados, obrigando pacientes a comprarem o rem\u00e9dio diretamente com recursos pr\u00f3prios ou a dependerem de empr\u00e9stimos pontuais entre unidades de sa\u00fade.\u00a0<\/p>\n<\/div>\n","protected":false},"excerpt":{"rendered":"<p>\u00a0Tribunal Regional Federal da 2\u00aa Regi\u00e3o (TRF2) determinou o\u00a0fornecimento do medicamento Mitotano a pacientes do Sistema \u00danico de Sa\u00fade (SUS) diagnosticados com carcinoma adrenocortical (CAC) \u2013 c\u00e2ncer raro, agressivo e sem alternativa terap\u00eautica eficaz. O tribunal acolheu parcialmente a tutela provis\u00f3ria de urg\u00eancia (liminar) pedida pelo Minist\u00e9rio P\u00fablico Federal\u00a0em recurso, ap\u00f3s a negativa do pedido [&hellip;]<\/p>\n","protected":false},"author":88,"featured_media":0,"comment_status":"closed","ping_status":"closed","sticky":false,"template":"","format":"standard","meta":{"_themeisle_gutenberg_block_has_review":false,"_jetpack_memberships_contains_paid_content":false,"footnotes":""},"categories":[4],"tags":[127,130],"class_list":{"0":"post-63815","1":"post","2":"type-post","3":"status-publish","4":"format-standard","6":"category-regiao","7":"tag-cariri","8":"tag-ceara"},"jetpack_featured_media_url":"","jetpack_sharing_enabled":true,"_links":{"self":[{"href":"https:\/\/crajubaremacao.com.br\/index.php?rest_route=\/wp\/v2\/posts\/63815","targetHints":{"allow":["GET"]}}],"collection":[{"href":"https:\/\/crajubaremacao.com.br\/index.php?rest_route=\/wp\/v2\/posts"}],"about":[{"href":"https:\/\/crajubaremacao.com.br\/index.php?rest_route=\/wp\/v2\/types\/post"}],"author":[{"embeddable":true,"href":"https:\/\/crajubaremacao.com.br\/index.php?rest_route=\/wp\/v2\/users\/88"}],"replies":[{"embeddable":true,"href":"https:\/\/crajubaremacao.com.br\/index.php?rest_route=%2Fwp%2Fv2%2Fcomments&post=63815"}],"version-history":[{"count":0,"href":"https:\/\/crajubaremacao.com.br\/index.php?rest_route=\/wp\/v2\/posts\/63815\/revisions"}],"wp:attachment":[{"href":"https:\/\/crajubaremacao.com.br\/index.php?rest_route=%2Fwp%2Fv2%2Fmedia&parent=63815"}],"wp:term":[{"taxonomy":"category","embeddable":true,"href":"https:\/\/crajubaremacao.com.br\/index.php?rest_route=%2Fwp%2Fv2%2Fcategories&post=63815"},{"taxonomy":"post_tag","embeddable":true,"href":"https:\/\/crajubaremacao.com.br\/index.php?rest_route=%2Fwp%2Fv2%2Ftags&post=63815"}],"curies":[{"name":"wp","href":"https:\/\/api.w.org\/{rel}","templated":true}]}}