{"id":63831,"date":"2026-01-09T12:06:13","date_gmt":"2026-01-09T15:06:13","guid":{"rendered":"https:\/\/crajubaremacao.com.br\/?p=63831"},"modified":"2026-01-09T12:06:13","modified_gmt":"2026-01-09T15:06:13","slug":"coproprietario-de-bar-suico-e-detido-por-possivel-risco-de-fuga-segundo-a-imprensa-local","status":"publish","type":"post","link":"https:\/\/crajubaremacao.com.br\/?p=63831","title":{"rendered":"Copropriet\u00e1rio de bar su\u00ed\u00e7o \u00e9 detido por poss\u00edvel risco de fuga, segundo a imprensa local"},"content":{"rendered":"<div>Jacques Moretti, copropriet\u00e1rio do bar su\u00ed\u00e7o Le Constellation, foi detido em Sion devido a um potencial risco de fuga, informou o jornal local 24 Heures na sexta-feira.<br \/>\nA pol\u00edcia de Valais recusou-se a comentar, remetendo o caso ao Minist\u00e9rio P\u00fablico, que n\u00e3o respondeu imediatamente a um pedido de coment\u00e1rio.<br \/>\nOs procuradores est\u00e3o investigando os propriet\u00e1rios franceses do bar sob suspeita de crimes que incluem homic\u00eddio culposo, enquanto as fam\u00edlias das v\u00edtimas apresentaram queixas judiciais sobre o inc\u00eandio no bar &#8220;Le Constellation&#8221; em Crans-Montana, no cant\u00e3o de Valais.<\/div>\n","protected":false},"excerpt":{"rendered":"<p>Jacques Moretti, copropriet\u00e1rio do bar su\u00ed\u00e7o Le Constellation, foi detido em Sion devido a um potencial risco de fuga, informou o jornal local 24 Heures na sexta-feira. A pol\u00edcia de Valais recusou-se a comentar, remetendo o caso ao Minist\u00e9rio P\u00fablico, que n\u00e3o respondeu imediatamente a um pedido de coment\u00e1rio. Os procuradores est\u00e3o investigando os propriet\u00e1rios [&hellip;]<\/p>\n","protected":false},"author":261,"featured_media":0,"comment_status":"closed","ping_status":"closed","sticky":false,"template":"","format":"standard","meta":{"_themeisle_gutenberg_block_has_review":false,"_jetpack_memberships_contains_paid_content":false,"footnotes":""},"categories":[5],"tags":[155],"class_list":{"0":"post-63831","1":"post","2":"type-post","3":"status-publish","4":"format-standard","6":"category-internacionais","7":"tag-mundo"},"jetpack_featured_media_url":"","jetpack_sharing_enabled":true,"_links":{"self":[{"href":"https:\/\/crajubaremacao.com.br\/index.php?rest_route=\/wp\/v2\/posts\/63831","targetHints":{"allow":["GET"]}}],"collection":[{"href":"https:\/\/crajubaremacao.com.br\/index.php?rest_route=\/wp\/v2\/posts"}],"about":[{"href":"https:\/\/crajubaremacao.com.br\/index.php?rest_route=\/wp\/v2\/types\/post"}],"author":[{"embeddable":true,"href":"https:\/\/crajubaremacao.com.br\/index.php?rest_route=\/wp\/v2\/users\/261"}],"replies":[{"embeddable":true,"href":"https:\/\/crajubaremacao.com.br\/index.php?rest_route=%2Fwp%2Fv2%2Fcomments&post=63831"}],"version-history":[{"count":0,"href":"https:\/\/crajubaremacao.com.br\/index.php?rest_route=\/wp\/v2\/posts\/63831\/revisions"}],"wp:attachment":[{"href":"https:\/\/crajubaremacao.com.br\/index.php?rest_route=%2Fwp%2Fv2%2Fmedia&parent=63831"}],"wp:term":[{"taxonomy":"category","embeddable":true,"href":"https:\/\/crajubaremacao.com.br\/index.php?rest_route=%2Fwp%2Fv2%2Fcategories&post=63831"},{"taxonomy":"post_tag","embeddable":true,"href":"https:\/\/crajubaremacao.com.br\/index.php?rest_route=%2Fwp%2Fv2%2Ftags&post=63831"}],"curies":[{"name":"wp","href":"https:\/\/api.w.org\/{rel}","templated":true}]}}