{"id":63872,"date":"2026-01-10T12:16:36","date_gmt":"2026-01-10T15:16:36","guid":{"rendered":"https:\/\/crajubaremacao.com.br\/?p=63872"},"modified":"2026-01-10T12:16:36","modified_gmt":"2026-01-10T15:16:36","slug":"lula-nomeia-manoel-carlos-de-almeida-como-ministro-interino-da-justica-apos-saida-de-lewandowski","status":"publish","type":"post","link":"https:\/\/crajubaremacao.com.br\/?p=63872","title":{"rendered":"Lula nomeia Manoel Carlos de Almeida como ministro interino da Justi\u00e7a ap\u00f3s sa\u00edda de Lewandowski"},"content":{"rendered":"<div>\n<div style=\"margin-bottom: 15px;\"><img decoding=\"async\" class=\"type:primaryImage\" src=\"https:\/\/jpimg.com.br\/uploads\/2025\/09\/54930140354_c48be8d058_b-750x500.jpg\"><\/div>\n<p><?xml encoding=\"UTF-8\"><\/p>\n<p>O presidente <a href=\"https:\/\/jovempan.com.br\/tag\/lula\" target=\"_blank\" rel=\"noopener noreferrer\"><strong>Luiz In\u00e1cio Lula da Silva<\/strong><\/a> (PT) nomeou nesta sexta-feira (9) o secret\u00e1rio executivo do Minist\u00e9rio da Justi\u00e7a e Seguran\u00e7a P\u00fablica, Manoel Carlos de Almeida Neto, como ministro interino da pasta. O despacho com a exonera\u00e7\u00e3o a pedido de <strong><a href=\"https:\/\/jovempan.com.br\/tag\/Ricardo-Lewandowski\" target=\"_blank\" rel=\"noopener noreferrer\">Ricardo Lewandowski<\/a><\/strong> e a nomea\u00e7\u00e3o de Manoel Carlos em car\u00e1ter tempor\u00e1rio saiu em edi\u00e7\u00e3o extra do Di\u00e1rio Oficial da Uni\u00e3o.<\/p>\n<p><strong><a href=\"https:\/\/jovempan.com.br\/noticias\/politica\/confira-a-lista-de-todas-as-trocas-no-governo-lula-apos-saida-de-lewandowski.html\" target=\"_blank\" rel=\"noopener noreferrer\">Com a decis\u00e3o, o presidente sinaliza que pode demorar a escolher o sucessor definitivo de Lewandowski<\/a><\/strong>. Lula quer dividir o minist\u00e9rio, criando uma pasta exclusiva para a seguran\u00e7a, mas ainda avalia as condi\u00e7\u00f5es para isso.<\/p>\n<div class=\"cta-model cta-model2\" name=\"model2\">\n<div class=\"cta-container-general\">\n<div class=\"cta-container-model2\">\n<div class=\"container-image-text\">\n<div class=\"container-img\">\n                    <img decoding=\"async\" id=\"cta-image\" editable=\"true\" name=\"Imagem:\" src=\"https:\/\/s.jpimg.com.br\/wp-content\/plugins\/CTA-posts-selector\/assets\/images\/640_4anos-JPNews.jpg\" alt=\"cta_logo_jp\">\n                <\/div>\n<div class=\"container-title\">\n                    <span id=\"cta-text\" editable=\"true\" name=\"Conte\u00fado:\">Siga o canal da Jovem Pan News e receba as principais not\u00edcias no seu WhatsApp!<\/span>\n                <\/div>\n<\/p><\/div>\n<div class=\"cta-container-link\">\n<div class=\"cta-container-space\"><\/div>\n<p>                <a id=\"cta-link\" editable=\"true\" name=\"Link%20do%20bot%C3%A3o:\" target=\"_blank\" href=\"https:\/\/www.whatsapp.com\/channel\/0029VaAxUvrGJP8Fz9QZH93S\"><\/p>\n<div class=\"container-button\">\n                        <span id=\"cta-text2\" editable=\"true\" name=\"Texto do bot\u00e3o:\">WhatsApp<\/span>\n                    <\/div>\n<div class=\"container-icon\">\n                        <i id=\"cta-icon\" name=\"\u00cdcone do bot\u00e3o:\" editable=\"true\" class=\"fa-brands fa-whatsapp\"><\/i>\n                    <\/div>\n<p>                <\/a>\n            <\/div>\n<\/div>\n<\/div>\n<\/div>\n<p>O diretor-geral da Pol\u00edcia Federal, Andrei Rodrigues, e o ministro da Controladoria-Geral da Uni\u00e3o (CGU), Vin\u00edcius Carvalho, disputam a cadeira da Seguran\u00e7a, ainda n\u00e3o criada. Uma ala do PT tamb\u00e9m defende o nome da deputada Delegada Adriana Accorsi e outra aposta no secret\u00e1rio de Seguran\u00e7a do Piau\u00ed, Francisco Lucas Veloso.<\/p>\n<p>O secret\u00e1rio \u00e9 o nome preferido do governador Rafael Fonteles e do ministro do Desenvolvimento Social e Combate \u00e0 Fome, Wellington Dias. Corre por fora o coordenador do grupo Prerrogativas, Marco Aur\u00e9lio de Carvalho.<\/p>\n<p>O interino, Manoel Carlos, tem a confian\u00e7a e o apoio de Lewandowski para ficar no comando da Justi\u00e7a, mas tamb\u00e9m est\u00e1 no p\u00e1reo o advogado-geral da Petrobras, Wellington Cesar Lima e Silva.<\/p>\n<p>O cargo pode servir, ainda, para que Lula fa\u00e7a uma composi\u00e7\u00e3o pol\u00edtica, uma vez que aproximadamente 20 dos 38 ministros v\u00e3o sair do governo at\u00e9 o in\u00edcio de abril para disputar as elei\u00e7\u00f5es de outubro. Nesse xadrez, um dos partidos que tendem a ser contemplados \u00e9 o PSB do vice-presidente Geraldo Alckmin.<\/p>\n<p>O senador Rodrigo Pacheco, que deve deixar o PSD, voltou a ser citado para a Justi\u00e7a, mas tem dito que n\u00e3o quer um pr\u00eamio de consola\u00e7\u00e3o. Ex-presidente do Senado, Pacheco queria ter sido indicado para a vaga no Supremo Tribunal Federal (STF), mas Lula preferiu o advogado-geral da Uni\u00e3o, Jorge Messias.<\/p>\n<p>A escolha irritou o presidente do Senado, Davi Alcolumbre (Uni\u00e3o Brasil-AP), que defendia o nome de Pacheco para a Corte. Lula ainda n\u00e3o desistiu de lan\u00e7ar Pacheco como candidato ao governo de Minas Gerais, mas at\u00e9 agora n\u00e3o houve acordo sobre isso. De qualquer forma, o senador deixar\u00e1 as fileiras do PSD de Gilberto Kassab e pode migrar para o PSB ou para o MDB.<\/p>\n<p>Messias, por sua vez, ainda ter\u00e1 de passar por sabatina no Senado, na volta do recesso parlamentar. O Pal\u00e1cio do Planalto avalia que as resist\u00eancias a Messias diminu\u00edram ap\u00f3s uma conversa entre Lula e Alcolumbre, antes do Natal.<\/p>\n<div class=\"list-related-posts\">\n<h3>Leia tamb\u00e9m<\/h3>\n<div class=\"related-posts-container\">\n<div class=\"related-post-item-container\">\n<div class=\"related-post\">\n<div class=\"img-related-box\">\n                                            <strong><a href=\"https:\/\/jovempan.com.br\/noticias\/politica\/confira-a-lista-de-todas-as-trocas-no-governo-lula-apos-saida-de-lewandowski.html\" title=\"Confira a lista de todas as trocas no governo Lula ap\u00f3s sa\u00edda de Lewandowski\"><img decoding=\"async\" src=\"https:\/\/jpimg.com.br\/uploads\/2025\/08\/age20250828064.jpg\"><\/a><\/strong>\n                                        <\/div>\n<p>                                        <span class=\"box-the-title\"><br \/>\n                                            <strong><a href=\"https:\/\/jovempan.com.br\/noticias\/politica\/confira-a-lista-de-todas-as-trocas-no-governo-lula-apos-saida-de-lewandowski.html\" title=\"Confira a lista de todas as trocas no governo Lula ap\u00f3s sa\u00edda de Lewandowski\">Confira a lista de todas as trocas no governo Lula ap\u00f3s sa\u00edda de Lewandowski<\/a><\/strong><br \/>\n                                        <\/span>\n                                    <\/div>\n<div class=\"related-post\">\n<div class=\"img-related-box\">\n                                            <strong><a href=\"https:\/\/jovempan.com.br\/noticias\/politica\/ao-pedir-exoneracao-lewandowski-exalta-legado-na-pasta-e-aponta-bases-solidas-na-seguranca-publica.html\" title=\"Ao pedir exonera\u00e7\u00e3o, Lewandowski exalta legado na pasta e aponta 'bases s\u00f3lidas' na seguran\u00e7a p\u00fablica\"><img decoding=\"async\" src=\"https:\/\/jpimg.com.br\/uploads\/2024\/04\/fta20240404095.jpg\"><\/a><\/strong>\n                                        <\/div>\n<p>                                        <span class=\"box-the-title\"><br \/>\n                                            <strong><a href=\"https:\/\/jovempan.com.br\/noticias\/politica\/ao-pedir-exoneracao-lewandowski-exalta-legado-na-pasta-e-aponta-bases-solidas-na-seguranca-publica.html\" title=\"Ao pedir exonera\u00e7\u00e3o, Lewandowski exalta legado na pasta e aponta 'bases s\u00f3lidas' na seguran\u00e7a p\u00fablica\">Ao pedir exonera\u00e7\u00e3o, Lewandowski exalta legado na pasta e aponta &#8216;bases s\u00f3lidas&#8217; na seguran\u00e7a p\u00fablica<\/a><\/strong><br \/>\n                                        <\/span>\n                                    <\/div>\n<\/p><\/div>\n<\/p><\/div>\n<\/p><\/div>\n<p>*Com informa\u00e7\u00f5es do Estad\u00e3o Conte\u00fado<\/p>\n<\/div>\n","protected":false},"excerpt":{"rendered":"<p>O presidente Luiz In\u00e1cio Lula da Silva (PT) nomeou nesta sexta-feira (9) o secret\u00e1rio executivo do Minist\u00e9rio da Justi\u00e7a e Seguran\u00e7a P\u00fablica, Manoel Carlos de Almeida Neto, como ministro interino da pasta. O despacho com a exonera\u00e7\u00e3o a pedido de Ricardo Lewandowski e a nomea\u00e7\u00e3o de Manoel Carlos em car\u00e1ter tempor\u00e1rio saiu em edi\u00e7\u00e3o extra [&hellip;]<\/p>\n","protected":false},"author":117,"featured_media":63873,"comment_status":"closed","ping_status":"closed","sticky":false,"template":"","format":"standard","meta":{"_themeisle_gutenberg_block_has_review":false,"_jetpack_memberships_contains_paid_content":false,"footnotes":""},"categories":[9],"tags":[129],"class_list":{"0":"post-63872","1":"post","2":"type-post","3":"status-publish","4":"format-standard","5":"has-post-thumbnail","7":"category-politica","8":"tag-politica"},"jetpack_featured_media_url":"https:\/\/crajubaremacao.com.br\/wp-content\/uploads\/2026\/01\/54930140354_c48be8d058_b-750x500-1.jpg","jetpack_sharing_enabled":true,"_links":{"self":[{"href":"https:\/\/crajubaremacao.com.br\/index.php?rest_route=\/wp\/v2\/posts\/63872","targetHints":{"allow":["GET"]}}],"collection":[{"href":"https:\/\/crajubaremacao.com.br\/index.php?rest_route=\/wp\/v2\/posts"}],"about":[{"href":"https:\/\/crajubaremacao.com.br\/index.php?rest_route=\/wp\/v2\/types\/post"}],"author":[{"embeddable":true,"href":"https:\/\/crajubaremacao.com.br\/index.php?rest_route=\/wp\/v2\/users\/117"}],"replies":[{"embeddable":true,"href":"https:\/\/crajubaremacao.com.br\/index.php?rest_route=%2Fwp%2Fv2%2Fcomments&post=63872"}],"version-history":[{"count":0,"href":"https:\/\/crajubaremacao.com.br\/index.php?rest_route=\/wp\/v2\/posts\/63872\/revisions"}],"wp:featuredmedia":[{"embeddable":true,"href":"https:\/\/crajubaremacao.com.br\/index.php?rest_route=\/wp\/v2\/media\/63873"}],"wp:attachment":[{"href":"https:\/\/crajubaremacao.com.br\/index.php?rest_route=%2Fwp%2Fv2%2Fmedia&parent=63872"}],"wp:term":[{"taxonomy":"category","embeddable":true,"href":"https:\/\/crajubaremacao.com.br\/index.php?rest_route=%2Fwp%2Fv2%2Fcategories&post=63872"},{"taxonomy":"post_tag","embeddable":true,"href":"https:\/\/crajubaremacao.com.br\/index.php?rest_route=%2Fwp%2Fv2%2Ftags&post=63872"}],"curies":[{"name":"wp","href":"https:\/\/api.w.org\/{rel}","templated":true}]}}