{"id":63886,"date":"2026-01-10T21:00:53","date_gmt":"2026-01-11T00:00:53","guid":{"rendered":"https:\/\/crajubaremacao.com.br\/?p=63886"},"modified":"2026-01-10T21:00:53","modified_gmt":"2026-01-11T00:00:53","slug":"gerson-supera-vitor-roque-e-se-torna-a-transferencia-mais-cara-do-futebol-brasileiro","status":"publish","type":"post","link":"https:\/\/crajubaremacao.com.br\/?p=63886","title":{"rendered":"Gerson supera Vitor Roque e se torna a transfer\u00eancia mais cara do futebol brasileiro"},"content":{"rendered":"<div>\n<div style=\"margin-bottom: 15px;\"><img decoding=\"async\" class=\"type:primaryImage\" src=\"https:\/\/jpimg.com.br\/uploads\/2026\/01\/tn220260109025-648x500.jpg\"><\/div>\n<p><?xml encoding=\"UTF-8\"><\/p>\n<p>O <a href=\"http:\/\/jovempan.com.br\/tag\/cruzeiro\"><strong>Cruzeiro<\/strong><\/a> anunciou neste s\u00e1bado a contrata\u00e7\u00e3o do meio-campista <a href=\"http:\/\/jovempan.com.br\/tag\/gerson\"><strong>Gerson<\/strong><\/a>, que defendia o Zenit, da R\u00fassia, e tornou a transfer\u00eancia mais cara j\u00e1 realizada por um clube do futebol brasileiro. O jogador de 28 anos assinou contrato at\u00e9 2030 com a equipe mineira. O meia chegou a Belo Horizonte na sexta-feira (9), quando realizou os exames m\u00e9dicos, e foi recebido com grande festa pela torcida. O atleta aguarda a publica\u00e7\u00e3o no Boletim Informativo Di\u00e1rio (BID) da CBF para ficar \u00e0 disposi\u00e7\u00e3o do t\u00e9cnico Tite.<\/p>\n<div class=\"cta-model cta-model3\" name=\"model3\">\n<div class=\"cta-container-general\">\n<div class=\"cta-container-model3\">\n<div class=\"container-image-text\">\n<div class=\"container-img\">\n                    <img decoding=\"async\" id=\"cta-image\" editable=\"true\" name=\"Imagem:\" src=\"https:\/\/s.jpimg.com.br\/wp-content\/plugins\/CTA-posts-selector\/assets\/images\/640_JPEsportes.jpg\" alt=\"cta_logo_jp\">\n                <\/div>\n<div class=\"container-title\">\n                    <span id=\"cta-text\" editable=\"true\" name=\"Conte\u00fado:\">Siga o canal da Jovem Pan Esportes e receba as principais not\u00edcias no seu WhatsApp!<\/span>\n                <\/div>\n<\/p><\/div>\n<div class=\"cta-container-link\">\n<div class=\"cta-container-space\"><\/div>\n<p>                <a id=\"cta-link_3\" editable=\"true\" name=\"Link%20do%20bot%C3%A3o:\" target=\"_blank\" href=\"https:\/\/www.whatsapp.com\/channel\/0029Va9wMgZD8SE3UbBwem2u\"><\/p>\n<div class=\"container-button\">\n                        <span id=\"cta-text2\" editable=\"true\" name=\"Texto do bot\u00e3o:\">WhatsApp<\/span>\n                    <\/div>\n<div class=\"container-icon\">\n                        <i id=\"cta-icon\" name=\"\u00cdcone do bot\u00e3o:\" editable=\"true\" class=\"fa-brands fa-whatsapp\"><\/i>\n                    <\/div>\n<p>                <\/a>\n            <\/div>\n<\/div>\n<\/div>\n<\/div>\n<p>Para contar com o jogador, o Cruzeiro desembolsou cerca de 27 milh\u00f5es de euros (R$ 168,7 milh\u00f5es) ao Zenit, valor superior ao pago recentemente pelo Palmeiras na contrata\u00e7\u00e3o de Vitor Roque.<\/p>\n<p>At\u00e9 ent\u00e3o, o posto de maior contrata\u00e7\u00e3o era ocupado por Vitor Roque, contratado em fevereiro por 25,5 milh\u00f5es de euros (R$ 154 milh\u00f5es na cota\u00e7\u00e3o da \u00e9poca), em acordo com dura\u00e7\u00e3o de cinco anos. Com a nova transa\u00e7\u00e3o, o volante do Cruzeiro estabeleceu um novo recorde no mercado brasileiro.<\/p>\n<h3><strong>Veja abaixo as cinco contrata\u00e7\u00f5es mais caras:<\/strong><\/h3>\n<p>1 \u2013 Gerson (Zenit para o Cruzeiro)<\/p>\n<p>27 milh\u00f5es de euros (R$ 187 milh\u00f5es na cota\u00e7\u00e3o atual).<\/p>\n<p>2 \u2013 Vitor Roque (Betis para o Palmeiras)<\/p>\n<p>25,5 milh\u00f5es de euros (R$ 154 milh\u00f5es na cota\u00e7\u00e3o da \u00e9poca).<\/p>\n<p>3 \u2013 Samuel Lino (Atl\u00e9tico de Madrid para o Flamengo)<\/p>\n<p>22 milh\u00f5es de euros (R$ 143 milh\u00f5es na cota\u00e7\u00e3o da \u00e9poca).<\/p>\n<p>4 \u2013 Danilo (Nottingham Forest para o Botafogo)<\/p>\n<p>22 milh\u00f5es de euros (R$ 143 milh\u00f5es na cota\u00e7\u00e3o da \u00e9poca).<\/p>\n<p>5 \u2013 Thiago Almada (Atlanta United para o Botafogo)<\/p>\n<p>US$ 25 milh\u00f5es (R$ 140 milh\u00f5es na cota\u00e7\u00e3o da \u00e9poca)<\/p>\n<p>*valores fixos das transa\u00e7\u00f5es<\/p>\n<p><em>*Com informa\u00e7\u00f5es do Estad\u00e3o Conte\u00fado<\/em><\/p>\n<div class=\"list-related-posts\">\n<h3>Leia tamb\u00e9m<\/h3>\n<div class=\"related-posts-container\">\n<div class=\"related-post-item-container\">\n<div class=\"related-post\">\n<div class=\"img-related-box\">\n                                            <strong><a href=\"https:\/\/jovempan.com.br\/esportes\/futebol\/santos\/santos-x-novorizontino-confira-a-transmissao-da-jovem-pan-ao-vivo-2.html\" title=\"Santos x Novorizontino: confira a transmiss\u00e3o da Jovem Pan ao vivo\"><img decoding=\"async\" src=\"https:\/\/jpimg.com.br\/uploads\/2026\/01\/whatsapp-image-2026-01-10-at-12.45.23.jpg\"><\/a><\/strong>\n                                        <\/div>\n<p>                                        <span class=\"box-the-title\"><br \/>\n                                            <strong><a href=\"https:\/\/jovempan.com.br\/esportes\/futebol\/santos\/santos-x-novorizontino-confira-a-transmissao-da-jovem-pan-ao-vivo-2.html\" title=\"Santos x Novorizontino: confira a transmiss\u00e3o da Jovem Pan ao vivo\">Santos x Novorizontino: confira a transmiss\u00e3o da Jovem Pan ao vivo<\/a><\/strong><br \/>\n                                        <\/span>\n                                    <\/div>\n<div class=\"related-post\">\n<div class=\"img-related-box\">\n                                            <strong><a href=\"https:\/\/jovempan.com.br\/esportes\/futebol\/sao-paulo-futebol\/olten-nega-favor-a-casares-sirvo-ao-interesse-do-sao-paulo.html\" title=\"Olten nega favor a Casares: 'Sirvo ao interesse do S\u00e3o Paulo'\"><img decoding=\"async\" src=\"https:\/\/jpimg.com.br\/uploads\/2026\/01\/odr20260109065.jpg\"><\/a><\/strong>\n                                        <\/div>\n<p>                                        <span class=\"box-the-title\"><br \/>\n                                            <strong><a href=\"https:\/\/jovempan.com.br\/esportes\/futebol\/sao-paulo-futebol\/olten-nega-favor-a-casares-sirvo-ao-interesse-do-sao-paulo.html\" title=\"Olten nega favor a Casares: 'Sirvo ao interesse do S\u00e3o Paulo'\">Olten nega favor a Casares: &#8216;Sirvo ao interesse do S\u00e3o Paulo&#8217;<\/a><\/strong><br \/>\n                                        <\/span>\n                                    <\/div>\n<div class=\"related-post\">\n<div class=\"img-related-box\">\n                                            <strong><a href=\"https:\/\/jovempan.com.br\/esportes\/futebol\/futebol-internacional\/ex-zagueiro-da-selecao-argentina-demichelis-e-resgatado-de-afogamento-no-uruguai.html\" title=\"Ex-zagueiro da sele\u00e7\u00e3o argentina Demichelis \u00e9 resgatado de afogamento no Uruguai\"><img decoding=\"async\" src=\"https:\/\/jpimg.com.br\/uploads\/2026\/01\/design-sem-nome-2-4.png\"><\/a><\/strong>\n                                        <\/div>\n<p>                                        <span class=\"box-the-title\"><br \/>\n                                            <strong><a href=\"https:\/\/jovempan.com.br\/esportes\/futebol\/futebol-internacional\/ex-zagueiro-da-selecao-argentina-demichelis-e-resgatado-de-afogamento-no-uruguai.html\" title=\"Ex-zagueiro da sele\u00e7\u00e3o argentina Demichelis \u00e9 resgatado de afogamento no Uruguai\">Ex-zagueiro da sele\u00e7\u00e3o argentina Demichelis \u00e9 resgatado de afogamento no Uruguai<\/a><\/strong><br \/>\n                                        <\/span>\n                                    <\/div>\n<\/p><\/div>\n<\/p><\/div>\n<\/p><\/div>\n<\/div>\n","protected":false},"excerpt":{"rendered":"<p>O Cruzeiro anunciou neste s\u00e1bado a contrata\u00e7\u00e3o do meio-campista Gerson, que defendia o Zenit, da R\u00fassia, e tornou a transfer\u00eancia mais cara j\u00e1 realizada por um clube do futebol brasileiro. O jogador de 28 anos assinou contrato at\u00e9 2030 com a equipe mineira. O meia chegou a Belo Horizonte na sexta-feira (9), quando realizou os [&hellip;]<\/p>\n","protected":false},"author":260,"featured_media":63887,"comment_status":"closed","ping_status":"closed","sticky":false,"template":"","format":"standard","meta":{"_themeisle_gutenberg_block_has_review":false,"_jetpack_memberships_contains_paid_content":false,"footnotes":""},"categories":[12],"tags":[153],"class_list":{"0":"post-63886","1":"post","2":"type-post","3":"status-publish","4":"format-standard","5":"has-post-thumbnail","7":"category-esportes","8":"tag-esportes"},"jetpack_featured_media_url":"https:\/\/crajubaremacao.com.br\/wp-content\/uploads\/2026\/01\/tn220260109025-648x500-1.jpg","jetpack_sharing_enabled":true,"_links":{"self":[{"href":"https:\/\/crajubaremacao.com.br\/index.php?rest_route=\/wp\/v2\/posts\/63886","targetHints":{"allow":["GET"]}}],"collection":[{"href":"https:\/\/crajubaremacao.com.br\/index.php?rest_route=\/wp\/v2\/posts"}],"about":[{"href":"https:\/\/crajubaremacao.com.br\/index.php?rest_route=\/wp\/v2\/types\/post"}],"author":[{"embeddable":true,"href":"https:\/\/crajubaremacao.com.br\/index.php?rest_route=\/wp\/v2\/users\/260"}],"replies":[{"embeddable":true,"href":"https:\/\/crajubaremacao.com.br\/index.php?rest_route=%2Fwp%2Fv2%2Fcomments&post=63886"}],"version-history":[{"count":0,"href":"https:\/\/crajubaremacao.com.br\/index.php?rest_route=\/wp\/v2\/posts\/63886\/revisions"}],"wp:featuredmedia":[{"embeddable":true,"href":"https:\/\/crajubaremacao.com.br\/index.php?rest_route=\/wp\/v2\/media\/63887"}],"wp:attachment":[{"href":"https:\/\/crajubaremacao.com.br\/index.php?rest_route=%2Fwp%2Fv2%2Fmedia&parent=63886"}],"wp:term":[{"taxonomy":"category","embeddable":true,"href":"https:\/\/crajubaremacao.com.br\/index.php?rest_route=%2Fwp%2Fv2%2Fcategories&post=63886"},{"taxonomy":"post_tag","embeddable":true,"href":"https:\/\/crajubaremacao.com.br\/index.php?rest_route=%2Fwp%2Fv2%2Ftags&post=63886"}],"curies":[{"name":"wp","href":"https:\/\/api.w.org\/{rel}","templated":true}]}}