{"id":63890,"date":"2026-01-11T00:04:59","date_gmt":"2026-01-11T03:04:59","guid":{"rendered":"https:\/\/crajubaremacao.com.br\/?p=63890"},"modified":"2026-01-11T00:04:59","modified_gmt":"2026-01-11T03:04:59","slug":"comissao-de-etica-da-presidencia-instaura-processo-contra-augusto-heleno","status":"publish","type":"post","link":"https:\/\/crajubaremacao.com.br\/?p=63890","title":{"rendered":"Comiss\u00e3o de \u00c9tica da Presid\u00eancia instaura processo contra Augusto Heleno"},"content":{"rendered":"<div>\n<div style=\"margin-bottom: 15px;\"><img decoding=\"async\" class=\"type:primaryImage\" src=\"https:\/\/jpimg.com.br\/uploads\/2025\/11\/design-sem-nome-4-15-750x450.png\"><\/div>\n<p><?xml encoding=\"UTF-8\"><\/p>\n<p>A Comiss\u00e3o de \u00c9tica P\u00fablica da Presid\u00eancia da Rep\u00fablica abriu um processo contra o general <a href=\"http:\/\/jovempan.com.br\/tag\/augusto-heleno\"><strong>Augusto Heleno<\/strong><\/a>, de forma preliminar. O procedimento antecede a poss\u00edvel instaura\u00e7\u00e3o de um Processo de Apura\u00e7\u00e3o \u00c9tica (PAE). Segundo informa\u00e7\u00f5es do Minist\u00e9rio da Casa Civil, o processo ocorrer\u00e1 de acordo com o decreto que institui o Sistema de Gest\u00e3o \u00c9tica do Poder Executivo Federal. O decreto prev\u00ea dez dias para o investigado se manifestar.<\/p>\n<div class=\"cta-model cta-model2\" name=\"model2\">\n<div class=\"cta-container-general\">\n<div class=\"cta-container-model2\">\n<div class=\"container-image-text\">\n<div class=\"container-img\">\n                    <img decoding=\"async\" id=\"cta-image\" editable=\"true\" name=\"Imagem:\" src=\"https:\/\/s.jpimg.com.br\/wp-content\/plugins\/CTA-posts-selector\/assets\/images\/640_4anos-JPNews.jpg\" alt=\"cta_logo_jp\">\n                <\/div>\n<div class=\"container-title\">\n                    <span id=\"cta-text\" editable=\"true\" name=\"Conte\u00fado:\">Siga o canal da Jovem Pan News e receba as principais not\u00edcias no seu WhatsApp!<\/span>\n                <\/div>\n<\/p><\/div>\n<div class=\"cta-container-link\">\n<div class=\"cta-container-space\"><\/div>\n<p>                <a id=\"cta-link\" editable=\"true\" name=\"Link%20do%20bot%C3%A3o:\" target=\"_blank\" href=\"https:\/\/www.whatsapp.com\/channel\/0029VaAxUvrGJP8Fz9QZH93S\"><\/p>\n<div class=\"container-button\">\n                        <span id=\"cta-text2\" editable=\"true\" name=\"Texto do bot\u00e3o:\">WhatsApp<\/span>\n                    <\/div>\n<div class=\"container-icon\">\n                        <i id=\"cta-icon\" name=\"\u00cdcone do bot\u00e3o:\" editable=\"true\" class=\"fa-brands fa-whatsapp\"><\/i>\n                    <\/div>\n<p>                <\/a>\n            <\/div>\n<\/div>\n<\/div>\n<\/div>\n<p>A Casa Civil, por\u00e9m, n\u00e3o informou a data de instaura\u00e7\u00e3o do processo nem motivo para a abertura. Informa\u00e7\u00f5es divulgadas na imprensa, por\u00e9m, indicam que o objeto do processo est\u00e1 relacionado a falas do ex-ministro durante reuni\u00e3o ministerial em 5 de julho de 2022. Na ocasi\u00e3o, o ent\u00e3o presidente <a href=\"http:\/\/jovempan.com.br\/tag\/jair-bolsonaro\"><strong>Jair Bolsonaro<\/strong><\/a> (PL) cobrou dos auxiliares rea\u00e7\u00e3o e um \u201cplano B\u201d diante da alegada fraude no sistema eleitoral. Ent\u00e3o chefe do Gabinete de Seguran\u00e7a Institucional (GSI), Heleno pregou uma a\u00e7\u00e3o antes da disputa eleitoral.<\/p>\n<p>\u201cN\u00f3s vamos ter que agir. Agir contra determinadas institui\u00e7\u00f5es e contra determinadas pessoas\u201d, disse o general. \u201cN\u00e3o vai ter revis\u00e3o do VAR. Ent\u00e3o, o que tiver que ser feito tem que ser feito antes das elei\u00e7\u00f5es. Se tiver que dar soco na mesa \u00e9 antes das elei\u00e7\u00f5es Se tiver que virar a mesa \u00e9 antes das elei\u00e7\u00f5es.\u201d Al\u00e9m de Heleno, estavam na reuni\u00e3o os ex-ministros Anderson Torres (Justi\u00e7a), Paulo S\u00e9rgio Nogueira (Defesa) e Walter Braga Netto (candidato a vice de Bolsonaro em 2022). Ap\u00f3s a instru\u00e7\u00e3o processual, ser\u00e1 proferida a decis\u00e3o conclusiva, com a poss\u00edvel recomenda\u00e7\u00e3o de abertura de procedimento administrativo.<\/p>\n<p>Heleno foi condenado pela Primeira Turma do Supremo Tribunal Federal (STF) a 21 anos de pris\u00e3o por envolvimento no n\u00facleo crucial da tentativa de golpe de Estado para manter Bolsonaro no governo. O militar se encontra atualmente em pris\u00e3o domiciliar ap\u00f3s apresentar laudos que comprovam seu quadro de dem\u00eancia causado pelo Alzheimer.<\/p>\n<p><em>*Com informa\u00e7\u00f5es do Estad\u00e3o Conte\u00fado<\/em><\/p>\n<div class=\"list-related-posts\">\n<h3>Leia tamb\u00e9m<\/h3>\n<div class=\"related-posts-container\">\n<div class=\"related-post-item-container\">\n<div class=\"related-post\">\n<div class=\"img-related-box\">\n                                            <strong><a href=\"https:\/\/jovempan.com.br\/noticias\/politica\/lula-nomeia-manoel-carlos-de-almeida-como-ministro-interino-da-justica-apos-saida-de-lewandowski.html\" title=\"Lula nomeia Manoel Carlos de Almeida como ministro interino da Justi\u00e7a ap\u00f3s sa\u00edda de Lewandowski\"><img decoding=\"async\" src=\"https:\/\/jpimg.com.br\/uploads\/2025\/09\/54930140354_c48be8d058_b.jpg\"><\/a><\/strong>\n                                        <\/div>\n<p>                                        <span class=\"box-the-title\"><br \/>\n                                            <strong><a href=\"https:\/\/jovempan.com.br\/noticias\/politica\/lula-nomeia-manoel-carlos-de-almeida-como-ministro-interino-da-justica-apos-saida-de-lewandowski.html\" title=\"Lula nomeia Manoel Carlos de Almeida como ministro interino da Justi\u00e7a ap\u00f3s sa\u00edda de Lewandowski\">Lula nomeia Manoel Carlos de Almeida como ministro interino da Justi\u00e7a ap\u00f3s sa\u00edda de Lewandowski<\/a><\/strong><br \/>\n                                        <\/span>\n                                    <\/div>\n<div class=\"related-post\">\n<div class=\"img-related-box\">\n                                            <strong><a href=\"https:\/\/jovempan.com.br\/noticias\/mundo\/aloysio-nunes-diz-governo-bolsonaro-atrasou-negociacoes-do-acordo-mercosul-ue.html\" title=\"Aloysio Nunes diz governo Bolsonaro atrasou negocia\u00e7\u00f5es do acordo Mercosul-UE\"><img decoding=\"async\" src=\"https:\/\/jpimg.com.br\/uploads\/2018\/07\/FUP20180626298.jpg\"><\/a><\/strong>\n                                        <\/div>\n<p>                                        <span class=\"box-the-title\"><br \/>\n                                            <strong><a href=\"https:\/\/jovempan.com.br\/noticias\/mundo\/aloysio-nunes-diz-governo-bolsonaro-atrasou-negociacoes-do-acordo-mercosul-ue.html\" title=\"Aloysio Nunes diz governo Bolsonaro atrasou negocia\u00e7\u00f5es do acordo Mercosul-UE\">Aloysio Nunes diz governo Bolsonaro atrasou negocia\u00e7\u00f5es do acordo Mercosul-UE<\/a><\/strong><br \/>\n                                        <\/span>\n                                    <\/div>\n<div class=\"related-post\">\n<div class=\"img-related-box\">\n                                            <strong><a href=\"https:\/\/jovempan.com.br\/noticias\/economia\/alckmin-diz-que-acordo-ue-mercosul-pode-impulsionar-investimento-no-bloco-sul-americano.html\" title=\"Alckmin diz que acordo UE-Mercosul pode impulsionar investimento no bloco sul-americano\"><img decoding=\"async\" src=\"https:\/\/jpimg.com.br\/uploads\/2025\/09\/imagem-jvp-2025-09-16t083838.031.png\"><\/a><\/strong>\n                                        <\/div>\n<p>                                        <span class=\"box-the-title\"><br \/>\n                                            <strong><a href=\"https:\/\/jovempan.com.br\/noticias\/economia\/alckmin-diz-que-acordo-ue-mercosul-pode-impulsionar-investimento-no-bloco-sul-americano.html\" title=\"Alckmin diz que acordo UE-Mercosul pode impulsionar investimento no bloco sul-americano\">Alckmin diz que acordo UE-Mercosul pode impulsionar investimento no bloco sul-americano<\/a><\/strong><br \/>\n                                        <\/span>\n                                    <\/div>\n<\/p><\/div>\n<\/p><\/div>\n<\/p><\/div>\n<\/div>\n","protected":false},"excerpt":{"rendered":"<p>A Comiss\u00e3o de \u00c9tica P\u00fablica da Presid\u00eancia da Rep\u00fablica abriu um processo contra o general Augusto Heleno, de forma preliminar. O procedimento antecede a poss\u00edvel instaura\u00e7\u00e3o de um Processo de Apura\u00e7\u00e3o \u00c9tica (PAE). Segundo informa\u00e7\u00f5es do Minist\u00e9rio da Casa Civil, o processo ocorrer\u00e1 de acordo com o decreto que institui o Sistema de Gest\u00e3o \u00c9tica [&hellip;]<\/p>\n","protected":false},"author":117,"featured_media":63891,"comment_status":"closed","ping_status":"closed","sticky":false,"template":"","format":"standard","meta":{"_themeisle_gutenberg_block_has_review":false,"_jetpack_memberships_contains_paid_content":false,"footnotes":""},"categories":[9],"tags":[129],"class_list":{"0":"post-63890","1":"post","2":"type-post","3":"status-publish","4":"format-standard","5":"has-post-thumbnail","7":"category-politica","8":"tag-politica"},"jetpack_featured_media_url":"https:\/\/crajubaremacao.com.br\/wp-content\/uploads\/2026\/01\/design-sem-nome-4-15-750x450-1.png","jetpack_sharing_enabled":true,"_links":{"self":[{"href":"https:\/\/crajubaremacao.com.br\/index.php?rest_route=\/wp\/v2\/posts\/63890","targetHints":{"allow":["GET"]}}],"collection":[{"href":"https:\/\/crajubaremacao.com.br\/index.php?rest_route=\/wp\/v2\/posts"}],"about":[{"href":"https:\/\/crajubaremacao.com.br\/index.php?rest_route=\/wp\/v2\/types\/post"}],"author":[{"embeddable":true,"href":"https:\/\/crajubaremacao.com.br\/index.php?rest_route=\/wp\/v2\/users\/117"}],"replies":[{"embeddable":true,"href":"https:\/\/crajubaremacao.com.br\/index.php?rest_route=%2Fwp%2Fv2%2Fcomments&post=63890"}],"version-history":[{"count":0,"href":"https:\/\/crajubaremacao.com.br\/index.php?rest_route=\/wp\/v2\/posts\/63890\/revisions"}],"wp:featuredmedia":[{"embeddable":true,"href":"https:\/\/crajubaremacao.com.br\/index.php?rest_route=\/wp\/v2\/media\/63891"}],"wp:attachment":[{"href":"https:\/\/crajubaremacao.com.br\/index.php?rest_route=%2Fwp%2Fv2%2Fmedia&parent=63890"}],"wp:term":[{"taxonomy":"category","embeddable":true,"href":"https:\/\/crajubaremacao.com.br\/index.php?rest_route=%2Fwp%2Fv2%2Fcategories&post=63890"},{"taxonomy":"post_tag","embeddable":true,"href":"https:\/\/crajubaremacao.com.br\/index.php?rest_route=%2Fwp%2Fv2%2Ftags&post=63890"}],"curies":[{"name":"wp","href":"https:\/\/api.w.org\/{rel}","templated":true}]}}