{"id":63919,"date":"2026-01-11T18:01:36","date_gmt":"2026-01-11T21:01:36","guid":{"rendered":"https:\/\/crajubaremacao.com.br\/?p=63919"},"modified":"2026-01-11T18:01:36","modified_gmt":"2026-01-11T21:01:36","slug":"policia-de-sao-paulo-encontra-corpo-em-mata-que-pode-ser-de-pm-desaparecido","status":"publish","type":"post","link":"https:\/\/crajubaremacao.com.br\/?p=63919","title":{"rendered":"Pol\u00edcia de S\u00e3o Paulo encontra corpo em mata que pode ser de PM desaparecido"},"content":{"rendered":"<div>\n<div style=\"margin-bottom: 15px;\"><img decoding=\"async\" class=\"type:primaryImage\" src=\"https:\/\/crajubaremacao.com.br\/wp-content\/uploads\/2026\/01\/fabricio-gomes-de-santana-750x450-1.jpg\"><\/div>\n<p><?xml encoding=\"UTF-8\"><\/p>\n<p>A <a href=\"https:\/\/jovempan.com.br\/tag\/sao-paulo\" target=\"_blank\" rel=\"noopener noreferrer\"><strong>Pol\u00edcia de S\u00e3o Paulo<\/strong><\/a> encontrou, na manh\u00e3 deste domingo (11), um corpo em regi\u00e3o de mata, em<strong> Embu-Gua\u00e7u<\/strong>, um corpo que pode ser do policial militar <strong>Fabr\u00edcio Gomes de Santana<\/strong>, de 40 anos, desaparecido desde o dia 7 de janeiro. \u201cPol\u00edcia Civil, por meio da Delegacia de Itapecerica da Serra, atender\u00e1 a imprensa para apresentar atualiza\u00e7\u00f5es sobre as investiga\u00e7\u00f5es do desaparecimento de um policial militar de 40 anos\u201d, informa a pol\u00edcia civil em comunicado. \u201cA \u00e1rea passa por per\u00edcia e o corpo ser\u00e1 encaminhado ao Instituto M\u00e9dico Legal para confirma\u00e7\u00e3o da identifica\u00e7\u00e3o\u201d, acrescentam.<\/p>\n<div id=\"attachment_2094452\" style=\"width: 760px\" class=\"wp-caption aligncenter\"><img loading=\"lazy\" loading=\"lazy\" decoding=\"async\" aria-describedby=\"caption-attachment-2094452\" class=\"size-medium wp-image-2094452\" src=\"https:\/\/crajubaremacao.com.br\/wp-content\/uploads\/2026\/01\/carro-de-pm-localizado-carbonizado-750x450-1.jpg\" alt=\"carro de pm localizado carbonizado\" width=\"750\" height=\"450\" srcset=\"\/\/jpimg.com.br\/uploads\/2026\/01\/carro-de-pm-localizado-carbonizado-750x450.jpg 750w, \/\/jpimg.com.br\/uploads\/2026\/01\/carro-de-pm-localizado-carbonizado-768x461.jpg 768w, \/\/jpimg.com.br\/uploads\/2026\/01\/carro-de-pm-localizado-carbonizado-345x207.jpg 345w, \/\/jpimg.com.br\/uploads\/2026\/01\/carro-de-pm-localizado-carbonizado-720x432.jpg 720w, \/\/jpimg.com.br\/uploads\/2026\/01\/carro-de-pm-localizado-carbonizado-960x576.jpg 960w, \/\/jpimg.com.br\/uploads\/2026\/01\/carro-de-pm-localizado-carbonizado-562x337.jpg 562w, \/\/jpimg.com.br\/uploads\/2026\/01\/carro-de-pm-localizado-carbonizado-600x360.jpg 600w, \/\/jpimg.com.br\/uploads\/2026\/01\/carro-de-pm-localizado-carbonizado.jpg 1000w\" sizes=\"auto, (max-width: 750px) 100vw, 750px\"><\/p>\n<p id=\"caption-attachment-2094452\" class=\"wp-caption-text\">Carro de PM desaparecido \u00e9 encontrado carbonizado em Itapecerica da Serra \u2502Reprodu\u00e7\u00e3o\/PMESP<\/p>\n<\/div>\n<p>O PM foi visto pela \u00faltima vez pr\u00f3ximo \u00e0 favela Horizonte Azul. Informa\u00e7\u00f5es preliminares trabalham com a hip\u00f3tese que ele teria discutido com um traficante na Zona Sul de S\u00e3o Paulo e teria sido julgado pelo Tribunal do Crime\u2019. Tr\u00eas suspeitos est\u00e3o presos temporariamente, e um declarou que ele foi morto pelo crime organizado.<\/p>\n<p>As equipes de buscas atuaram durante os \u00faltimos dias na busca do policial, e trabalham para esclarecer o ocorrido. Ao todo, mais de mil policiais militares e centenas de viaturas foram designadas para opera\u00e7\u00e3o de busca de Fabr\u00edcio. \u201cComo resultado direto das a\u00e7\u00f5es desencadeadas, a Pol\u00edcia Militar realizou, inicialmente, a deten\u00e7\u00e3o de tr\u00eas indiv\u00edduos relacionados ao caso\u201d, diz a nota da PM. Durante as investiga\u00e7\u00f5es, foi o carro de Fabr\u00edcio foi localizado carbonizado em <strong><a href=\"https:\/\/jovempan.com.br\/tag\/itapecerica-da-serra\" target=\"_blank\" rel=\"noopener noreferrer\">Itapecerica da Serra<\/a><\/strong>, Regi\u00e3o Metropolitana de S\u00e3o Paulo. A Pol\u00edcia Civil disse que vai fornecer mais informa\u00e7\u00f5es ainda neste domingo.<\/p>\n<div class=\"list-related-posts\">\n<h3>Leia tamb\u00e9m<\/h3>\n<div class=\"related-posts-container\">\n<div class=\"related-post-item-container\">\n<div class=\"related-post\">\n<div class=\"img-related-box\">\n                                            <strong><a href=\"https:\/\/jovempan.com.br\/noticias\/brasil\/rj-reforca-acoes-de-hidratacao-apos-estado-entrar-em-estagio-3-de-calor.html\" title=\"RJ refor\u00e7a a\u00e7\u00f5es de hidrata\u00e7\u00e3o ap\u00f3s Estado entrar em Est\u00e1gio 3 de calor\"><img decoding=\"async\" src=\"https:\/\/crajubaremacao.com.br\/wp-content\/uploads\/2026\/01\/cadae.jpg\"><\/a><\/strong>\n                                        <\/div>\n<p>                                        <span class=\"box-the-title\"><br \/>\n                                            <strong><a href=\"https:\/\/jovempan.com.br\/noticias\/brasil\/rj-reforca-acoes-de-hidratacao-apos-estado-entrar-em-estagio-3-de-calor.html\" title=\"RJ refor\u00e7a a\u00e7\u00f5es de hidrata\u00e7\u00e3o ap\u00f3s Estado entrar em Est\u00e1gio 3 de calor\">RJ refor\u00e7a a\u00e7\u00f5es de hidrata\u00e7\u00e3o ap\u00f3s Estado entrar em Est\u00e1gio 3 de calor<\/a><\/strong><br \/>\n                                        <\/span>\n                                    <\/div>\n<div class=\"related-post\">\n<div class=\"img-related-box\">\n                                            <strong><a href=\"https:\/\/jovempan.com.br\/noticias\/brasil\/turista-e-mordida-por-tubarao-durante-mergulho-em-fernando-de-noronha.html\" title=\"Turista \u00e9 mordida por tubar\u00e3o durante mergulho em Fernando de Noronha\"><img decoding=\"async\" src=\"https:\/\/crajubaremacao.com.br\/wp-content\/uploads\/2026\/01\/tayane-cachoeira-dalazen-1.jpg\"><\/a><\/strong>\n                                        <\/div>\n<p>                                        <span class=\"box-the-title\"><br \/>\n                                            <strong><a href=\"https:\/\/jovempan.com.br\/noticias\/brasil\/turista-e-mordida-por-tubarao-durante-mergulho-em-fernando-de-noronha.html\" title=\"Turista \u00e9 mordida por tubar\u00e3o durante mergulho em Fernando de Noronha\">Turista \u00e9 mordida por tubar\u00e3o durante mergulho em Fernando de Noronha<\/a><\/strong><br \/>\n                                        <\/span>\n                                    <\/div>\n<\/p><\/div>\n<\/p><\/div>\n<\/p><\/div>\n<\/div>\n","protected":false},"excerpt":{"rendered":"<p>A Pol\u00edcia de S\u00e3o Paulo encontrou, na manh\u00e3 deste domingo (11), um corpo em regi\u00e3o de mata, em Embu-Gua\u00e7u, um corpo que pode ser do policial militar Fabr\u00edcio Gomes de Santana, de 40 anos, desaparecido desde o dia 7 de janeiro. \u201cPol\u00edcia Civil, por meio da Delegacia de Itapecerica da Serra, atender\u00e1 a imprensa para [&hellip;]<\/p>\n","protected":false},"author":117,"featured_media":63920,"comment_status":"closed","ping_status":"closed","sticky":false,"template":"","format":"standard","meta":{"_themeisle_gutenberg_block_has_review":false,"_jetpack_memberships_contains_paid_content":false,"footnotes":""},"categories":[2],"tags":[150],"class_list":{"0":"post-63919","1":"post","2":"type-post","3":"status-publish","4":"format-standard","5":"has-post-thumbnail","7":"category-brasil","8":"tag-brasil"},"jetpack_featured_media_url":"https:\/\/crajubaremacao.com.br\/wp-content\/uploads\/2026\/01\/fabricio-gomes-de-santana-750x450-1.jpg","jetpack_sharing_enabled":true,"_links":{"self":[{"href":"https:\/\/crajubaremacao.com.br\/index.php?rest_route=\/wp\/v2\/posts\/63919","targetHints":{"allow":["GET"]}}],"collection":[{"href":"https:\/\/crajubaremacao.com.br\/index.php?rest_route=\/wp\/v2\/posts"}],"about":[{"href":"https:\/\/crajubaremacao.com.br\/index.php?rest_route=\/wp\/v2\/types\/post"}],"author":[{"embeddable":true,"href":"https:\/\/crajubaremacao.com.br\/index.php?rest_route=\/wp\/v2\/users\/117"}],"replies":[{"embeddable":true,"href":"https:\/\/crajubaremacao.com.br\/index.php?rest_route=%2Fwp%2Fv2%2Fcomments&post=63919"}],"version-history":[{"count":0,"href":"https:\/\/crajubaremacao.com.br\/index.php?rest_route=\/wp\/v2\/posts\/63919\/revisions"}],"wp:featuredmedia":[{"embeddable":true,"href":"https:\/\/crajubaremacao.com.br\/index.php?rest_route=\/wp\/v2\/media\/63920"}],"wp:attachment":[{"href":"https:\/\/crajubaremacao.com.br\/index.php?rest_route=%2Fwp%2Fv2%2Fmedia&parent=63919"}],"wp:term":[{"taxonomy":"category","embeddable":true,"href":"https:\/\/crajubaremacao.com.br\/index.php?rest_route=%2Fwp%2Fv2%2Fcategories&post=63919"},{"taxonomy":"post_tag","embeddable":true,"href":"https:\/\/crajubaremacao.com.br\/index.php?rest_route=%2Fwp%2Fv2%2Ftags&post=63919"}],"curies":[{"name":"wp","href":"https:\/\/api.w.org\/{rel}","templated":true}]}}