{"id":63964,"date":"2026-01-13T00:09:08","date_gmt":"2026-01-13T03:09:08","guid":{"rendered":"https:\/\/crajubaremacao.com.br\/?p=63964"},"modified":"2026-01-13T00:09:08","modified_gmt":"2026-01-13T03:09:08","slug":"votacao-pelo-impeachment-de-julio-casares-no-sao-paulo-tera-voto-hibrido","status":"publish","type":"post","link":"https:\/\/crajubaremacao.com.br\/?p=63964","title":{"rendered":"Vota\u00e7\u00e3o pelo impeachment de Julio Casares no S\u00e3o Paulo ter\u00e1 voto h\u00edbrido"},"content":{"rendered":"<div>\n<div style=\"margin-bottom: 15px;\"><img decoding=\"async\" class=\"type:primaryImage\" src=\"https:\/\/jpimg.com.br\/uploads\/2025\/12\/ras20251128003-750x500.jpg\"><\/div>\n<p><?xml encoding=\"UTF-8\"><\/p>\n<p>A Justi\u00e7a determinou que vota\u00e7\u00e3o pelo impeachment de <strong><a href=\"https:\/\/jovempan.com.br\/tag\/julio-casares\" target=\"_blank\" rel=\"noopener noreferrer\">Julio Casares<\/a><\/strong> no <strong><a href=\"https:\/\/jovempan.com.br\/tag\/sao-paulo-fc\" target=\"_blank\" rel=\"noopener noreferrer\">S\u00e3o Paulo<\/a><\/strong> ter\u00e1 voto h\u00edbrido. \u00c9 o que determinou a ju\u00edza Luciane Cristina Silva Tavares, da 3\u00aa Vara C\u00edvel do Foro Regional do Butant\u00e3, em S\u00e3o Paulo. A decis\u00e3o foi tomada em uma liminar na noite desta segunda-feira (12). No despacho, a magistrada defere em parte uma a\u00e7\u00e3o judicial movida por conselheiros de oposi\u00e7\u00e3o. Eles pediam pelo voto h\u00edbrido (e n\u00e3o s\u00f3 presencial) e a redu\u00e7\u00e3o do qu\u00f3rum para aprova\u00e7\u00e3o do afastamento, que n\u00e3o foi atendida.<\/p>\n<p>O encontro, que ocorre nesta sexta-feira (16), no Morumbi, foi convocado duas vezes. A segunda convoca\u00e7\u00e3o veio ap\u00f3s uma confus\u00e3o causada pelo Estatuto do S\u00e3o Paulo. O artigo 112 prev\u00ea a destitui\u00e7\u00e3o com votos de dois ter\u00e7os (171) dos conselheiros. J\u00e1 o artigo 58, considerado na segunda convoca\u00e7\u00e3o, aponta a destitui\u00e7\u00e3o como uma das medidas que necessita de 75% de aprova\u00e7\u00e3o do Conselho Deliberativo (191 votos).<\/p>\n<p>No pedido, o grupo de conselheiros apontava para o artigo 76 do Regimento Interno. O texto determina que as reuni\u00f5es s\u00e3o \u201csemipresenciais\u201d, podendo ser realizadas de forma presencial ou virtual.\u00a0\u201cEm que pese a especifica\u00e7\u00e3o de que o formato da reuni\u00e3o \u00e9 decidido pelo presidente (do Conselho Deliberativo), evidente que essa delibera\u00e7\u00e3o deve ter como fundamento o interesse do pr\u00f3prio S\u00e3o Paulo, ou seja, a forma da reuni\u00e3o deve ser aquela que possibilite a participa\u00e7\u00e3o do maior n\u00famero poss\u00edvel de conselheiros\u201d, escreveu a ju\u00edza.<\/p>\n<div class=\"cta-model cta-model3\" name=\"model3\">\n<div class=\"cta-container-general\">\n<div class=\"cta-container-model3\">\n<div class=\"container-image-text\">\n<div class=\"container-img\">\n                    <img decoding=\"async\" id=\"cta-image\" editable=\"true\" name=\"Imagem:\" src=\"https:\/\/s.jpimg.com.br\/wp-content\/plugins\/CTA-posts-selector\/assets\/images\/640_JPEsportes.jpg\" alt=\"cta_logo_jp\">\n                <\/div>\n<div class=\"container-title\">\n                    <span id=\"cta-text\" editable=\"true\" name=\"Conte\u00fado:\">Siga o canal da Jovem Pan Esportes e receba as principais not\u00edcias no seu WhatsApp!<\/span>\n                <\/div>\n<\/p><\/div>\n<div class=\"cta-container-link\">\n<div class=\"cta-container-space\"><\/div>\n<p>                <a id=\"cta-link_3\" editable=\"true\" name=\"Link%20do%20bot%C3%A3o:\" target=\"_blank\" href=\"https:\/\/www.whatsapp.com\/channel\/0029Va9wMgZD8SE3UbBwem2u\"><\/p>\n<div class=\"container-button\">\n                        <span id=\"cta-text2\" editable=\"true\" name=\"Texto do bot\u00e3o:\">WhatsApp<\/span>\n                    <\/div>\n<div class=\"container-icon\">\n                        <i id=\"cta-icon\" name=\"\u00cdcone do bot\u00e3o:\" editable=\"true\" class=\"fa-brands fa-whatsapp\"><\/i>\n                    <\/div>\n<p>                <\/a>\n            <\/div>\n<\/div>\n<\/div>\n<\/div>\n<p>O curioso \u00e9 que um dos argumentos apontado por Luciane Cristina para apontar a necessidade da reuni\u00e3o presencial foi justamente o qu\u00f3rum necess\u00e1rio para aprova\u00e7\u00e3o do impeachment (75%).\u00a0\u201cConsiderando-se o alto qu\u00f3rum exigido para a delibera\u00e7\u00e3o, a \u00e9poca do ano em que realizada a reuni\u00e3o, a quantidade de conselheiros idosos e, especialmente, a ampla estrutura do S\u00e3o Paulo para a realiza\u00e7\u00e3o de reuni\u00f5es e vota\u00e7\u00f5es no formato h\u00edbrido, tem-se como caracterizada tanto a probabilidade do direito alegado, quanto o risco de dano de dif\u00edcil repara\u00e7\u00e3o (art. 300, do CPC), no tocante ao formato da reuni\u00e3o\u201d, argumentou.<\/p>\n<p>Assinam a a\u00e7\u00e3o tr\u00eas grupos pol\u00edticos de oposi\u00e7\u00e3o do S\u00e3o Paulo. S\u00e3o eles, o Salve o Tricolor Paulista, Movimento S\u00e3o Paulo 1930 e a Frente Democr\u00e1tica em Defesa do S\u00e3o Paulo.\u00a0Um pedido para fazer a vota\u00e7\u00e3o h\u00edbrida j\u00e1 havia sido feito ao presidente do Conselho Deliberativo, Olten Ayres de Abreu J\u00fanior Ele negou a solicita\u00e7\u00e3o.<\/p>\n<p>\u201cAs vota\u00e7\u00f5es para afastamento do presidente versam sobre tema delicado. Mexe com estrutura e credibilidade do clube. Quando se fala em voto secreto, acreditamos que deva ensejar no voto presencial\u201d, disse Olten para explicar a negativa.\u00a0\u201cO impeachment de um presidente \u00e9 de vulto muito maior, import\u00e2ncia violenta e mexe com a vida do clube de maneira profunda. Haveria, com certeza, se n\u00e3o fiz\u00e9ssemos a vota\u00e7\u00e3o presencial, contesta\u00e7\u00e3o\u201d, completou.<\/p>\n<div class=\"list-related-posts\">\n<h3>Leia tamb\u00e9m<\/h3>\n<div class=\"related-posts-container\">\n<div class=\"related-post-item-container\">\n<div class=\"related-post\">\n<div class=\"img-related-box\">\n                                            <strong><a href=\"https:\/\/jovempan.com.br\/esportes\/futebol\/santos\/santos-e-condenado-por-divida-de-joao-basso.html\" title=\"Santos \u00e9 condenado por d\u00edvida de Jo\u00e3o Basso\"><img decoding=\"async\" src=\"https:\/\/jpimg.com.br\/uploads\/2024\/11\/santos.png\"><\/a><\/strong>\n                                        <\/div>\n<p>                                        <span class=\"box-the-title\"><br \/>\n                                            <strong><a href=\"https:\/\/jovempan.com.br\/esportes\/futebol\/santos\/santos-e-condenado-por-divida-de-joao-basso.html\" title=\"Santos \u00e9 condenado por d\u00edvida de Jo\u00e3o Basso\">Santos \u00e9 condenado por d\u00edvida de Jo\u00e3o Basso<\/a><\/strong><br \/>\n                                        <\/span>\n                                    <\/div>\n<div class=\"related-post\">\n<div class=\"img-related-box\">\n                                            <strong><a href=\"https:\/\/jovempan.com.br\/esportes\/futebol\/futebol-internacional\/quem-e-alvaro-arbeloa-o-novo-treinador-do-real-madrid.html\" title=\"Quem \u00e9 \u00c1lvaro Arbeloa, o novo treinador do Real Madrid\"><img decoding=\"async\" src=\"https:\/\/jpimg.com.br\/uploads\/2026\/01\/design-sem-nome-4-4.png\"><\/a><\/strong>\n                                        <\/div>\n<p>                                        <span class=\"box-the-title\"><br \/>\n                                            <strong><a href=\"https:\/\/jovempan.com.br\/esportes\/futebol\/futebol-internacional\/quem-e-alvaro-arbeloa-o-novo-treinador-do-real-madrid.html\" title=\"Quem \u00e9 \u00c1lvaro Arbeloa, o novo treinador do Real Madrid\">Quem \u00e9 \u00c1lvaro Arbeloa, o novo treinador do Real Madrid<\/a><\/strong><br \/>\n                                        <\/span>\n                                    <\/div>\n<\/p><\/div>\n<\/p><\/div>\n<\/p><\/div>\n<p>*Com informa\u00e7\u00f5es do Estad\u00e3o Conte\u00fado<\/p>\n<\/div>\n","protected":false},"excerpt":{"rendered":"<p>A Justi\u00e7a determinou que vota\u00e7\u00e3o pelo impeachment de Julio Casares no S\u00e3o Paulo ter\u00e1 voto h\u00edbrido. \u00c9 o que determinou a ju\u00edza Luciane Cristina Silva Tavares, da 3\u00aa Vara C\u00edvel do Foro Regional do Butant\u00e3, em S\u00e3o Paulo. A decis\u00e3o foi tomada em uma liminar na noite desta segunda-feira (12). No despacho, a magistrada defere [&hellip;]<\/p>\n","protected":false},"author":260,"featured_media":63965,"comment_status":"closed","ping_status":"closed","sticky":false,"template":"","format":"standard","meta":{"_themeisle_gutenberg_block_has_review":false,"_jetpack_memberships_contains_paid_content":false,"footnotes":""},"categories":[12],"tags":[153],"class_list":{"0":"post-63964","1":"post","2":"type-post","3":"status-publish","4":"format-standard","5":"has-post-thumbnail","7":"category-esportes","8":"tag-esportes"},"jetpack_featured_media_url":"https:\/\/crajubaremacao.com.br\/wp-content\/uploads\/2026\/01\/ras20251128003-750x500-1.jpg","jetpack_sharing_enabled":true,"_links":{"self":[{"href":"https:\/\/crajubaremacao.com.br\/index.php?rest_route=\/wp\/v2\/posts\/63964","targetHints":{"allow":["GET"]}}],"collection":[{"href":"https:\/\/crajubaremacao.com.br\/index.php?rest_route=\/wp\/v2\/posts"}],"about":[{"href":"https:\/\/crajubaremacao.com.br\/index.php?rest_route=\/wp\/v2\/types\/post"}],"author":[{"embeddable":true,"href":"https:\/\/crajubaremacao.com.br\/index.php?rest_route=\/wp\/v2\/users\/260"}],"replies":[{"embeddable":true,"href":"https:\/\/crajubaremacao.com.br\/index.php?rest_route=%2Fwp%2Fv2%2Fcomments&post=63964"}],"version-history":[{"count":0,"href":"https:\/\/crajubaremacao.com.br\/index.php?rest_route=\/wp\/v2\/posts\/63964\/revisions"}],"wp:featuredmedia":[{"embeddable":true,"href":"https:\/\/crajubaremacao.com.br\/index.php?rest_route=\/wp\/v2\/media\/63965"}],"wp:attachment":[{"href":"https:\/\/crajubaremacao.com.br\/index.php?rest_route=%2Fwp%2Fv2%2Fmedia&parent=63964"}],"wp:term":[{"taxonomy":"category","embeddable":true,"href":"https:\/\/crajubaremacao.com.br\/index.php?rest_route=%2Fwp%2Fv2%2Fcategories&post=63964"},{"taxonomy":"post_tag","embeddable":true,"href":"https:\/\/crajubaremacao.com.br\/index.php?rest_route=%2Fwp%2Fv2%2Ftags&post=63964"}],"curies":[{"name":"wp","href":"https:\/\/api.w.org\/{rel}","templated":true}]}}