{"id":63970,"date":"2026-01-13T00:09:38","date_gmt":"2026-01-13T03:09:38","guid":{"rendered":"https:\/\/crajubaremacao.com.br\/?p=63970"},"modified":"2026-01-13T00:09:38","modified_gmt":"2026-01-13T03:09:38","slug":"reza-pahlavi-o-filho-de-ditador-que-se-apresenta-como-principe-herdeiro-e-lider-da-oposicao-do-ira","status":"publish","type":"post","link":"https:\/\/crajubaremacao.com.br\/?p=63970","title":{"rendered":"Reza Pahlavi: o filho de ditador que se apresenta como pr\u00edncipe herdeiro e l\u00edder da oposi\u00e7\u00e3o do Ir\u00e3"},"content":{"rendered":"<div><img decoding=\"async\" src=\"https:\/\/s2-g1.glbimg.com\/bHX07WGrH8cpCQ5vDFKjUuVoFgg=\/i.s3.glbimg.com\/v1\/AUTH_59edd422c0c84a879bd37670ae4f538a\/internal_photos\/bs\/2026\/N\/q\/YQ9c7HQyGFTZiBOj2Hfg\/2026-01-11t092312z-2088355546-rc2c8fay8u9z-rtrmadp-3-iran-economy-protests-pahlavi.jpg\"><br \/>     Mulher carrega cartaz com a foto de Reza Pahlavi em meio a protesto contra o regime iraniano de Khamenei, em Londres<br \/>\nIsabel Infantes\/Reuters<br \/>\nEm meio aos protestos dentro e fora do Ir\u00e3 contra o regime dos aiatol\u00e1s, um nome tem surgido com frequ\u00eancia nos cartazes dos manifestantes: Reza Pahlavi. Para alguns, ele seria a principal figura de oposi\u00e7\u00e3o do pa\u00eds, al\u00e9m de pr\u00edncipe herdeiro do trono em Teer\u00e3.<br \/>\n&#x2705; Siga o canal de not\u00edcias internacionais do g1 no WhatsApp<br \/>\nPahlavi, que saiu do pa\u00eds na juventude e n\u00e3o pisa em sua terra natal desde 1978, est\u00e1 longe, contudo, de ser uma unanimidade entre analistas e at\u00e9 mesmo na oposi\u00e7\u00e3o.<br \/>\nO jornalista Guga Chacra, no programa \u201cGlobonews Internacional\u201d do \u00faltimo domingo (11), descreveu Pahlavi como um &#8220;playboy filho de ditador que vive no exterior&#8221;.<br \/>\n&#8220;N\u00e3o \u00e9 ele que tem que governar o Ir\u00e3&#8221;, disse Chacra.<br \/>\nPara entender sua posi\u00e7\u00e3o no xadrez pol\u00edtico iraniano, \u00e9 preciso recuar at\u00e9 meados do s\u00e9culo XX, antes da Revolu\u00e7\u00e3o Isl\u00e2mica.<br \/>\nReza Pahlavi nasceu em 31 de outubro de 1960, filho do ent\u00e3o x\u00e1 (rei, em persa) Mohammad Reza Pahlavi (1919-1980), que governava o pa\u00eds como uma ditadura, com apoio ocidental.<br \/>\nImagens mostram corpos enfileirados em frente a necrot\u00e9rio do Ir\u00e3 ap\u00f3s repress\u00e3o<br \/>\nEm 1967, o ent\u00e3o x\u00e1 promoveu uma cerim\u00f4nia de coroa\u00e7\u00e3o, na qual seu filho foi nomeado leg\u00edtimo herdeiro do trono.<br \/>\nO jovem Pahlavi seguiu, ent\u00e3o, a carreira militar tipicamente reservada aos filhos da nobreza, primeiro como cadete da For\u00e7a A\u00e9rea Imperial Iraniana. Em 1978, ele se mudou para o Texas, nos EUA, onde realizaria treinamento de piloto na Base A\u00e9rea de Reese.<br \/>\nQueda da monarquia<br \/>\nO per\u00edodo de Mohammad Reza Pahlavi no poder foi marcado por uma r\u00e1pida moderniza\u00e7\u00e3o do pa\u00eds, acompanhada de grande crescimento econ\u00f4mico, a taxas de 8% a 11% do PIB ao ano. Ao mesmo tempo, por\u00e9m, uma forte oposi\u00e7\u00e3o se mobilizava contra o monarca.<br \/>\nO x\u00e1 possu\u00eda um temido servi\u00e7o secreto, o Savak, para capturar, torturar e suprimir opositores. A desigualdade de renda alimentava a insatisfa\u00e7\u00e3o popular, mobilizando a esquerda e intelectuais marxistas, influenciados pela Uni\u00e3o Sovi\u00e9tica, contra seu reinado.<br \/>\nO x\u00e1 Mohammad Reza Pahlavi, pai de Reza Pahlavi, em foto oficial de 1970<br \/>\nDom\u00ednio P\u00fablico<br \/>\nFoi uma figura religiosa, no entanto, que galvanizou todos esses setores e se tornou a maior lideran\u00e7a contra a monarquia.<br \/>\nRuhollah Khomeini era um aiatol\u00e1 (t\u00edtulo religioso xiita, corrente do Isl\u00e3 majorit\u00e1ria no pa\u00eds) que passou a se opor ao x\u00e1 em 1963, depois de uma s\u00e9rie de reformas liberalizantes e pr\u00f3-Ocidente promovidas por Mohammad Reza Pahlavi. No ano seguinte, ele foi preso e, posteriormente, mandado para o ex\u00edlio.<br \/>\nQuando os protestos contra o x\u00e1 come\u00e7aram a ganhar corpo, em 1978, eles foram reprimidos com brutalidade, culminando na \u201cSexta-Feira Negra\u201d em Teer\u00e3, quando for\u00e7as governistas atiraram e mataram dezenas de manifestantes, deixando outras centenas de feridos.<br \/>\nA repress\u00e3o brutal insuflou a onda de protestos. Em janeiro de 1979, diante de uma situa\u00e7\u00e3o insustent\u00e1vel, o primeiro-ministro convenceu Mohammad Reza Pahlavi a sair do pa\u00eds.<br \/>\nKhomeini foi indultado e desembarcou em Teer\u00e3 em 1\u00ba de fevereiro do ano seguinte. Dias depois, ele instauraria a Rep\u00fablica Isl\u00e2mica do Ir\u00e3, concentrando o poder em torno de si e dos aiatol\u00e1s.<br \/>\nManifestantes carregam cartaz com foto do aiatol\u00e1 Khomeini, em fevereiro de 1979<br \/>\nReuters\/File Photo<br \/>\nHerdeiro exilado<br \/>\nLonge de seu pa\u00eds, Reza Pahlavi acompanhou a queda de sua dinastia \u00e0 dist\u00e2ncia, juntando-se novamente a seu pai no ex\u00edlio. A fam\u00edlia percorreu diversos pa\u00edses, at\u00e9 a morte de Mohammed, no Cairo, em julho de 1980, vitimado por um c\u00e2ncer.<br \/>\nPahlavi aguardou seu anivers\u00e1rio de 20 anos, em 31 de outubro, para se declarar \u201cReza X\u00e1 II\u201d, ou o novo monarca do Ir\u00e3.<br \/>\nCom um c\u00edrculo reduzido de apoiadores, ele e sua fam\u00edlia de ap\u00e1tridas viveram no Egito e no Marrocos, at\u00e9 Pahlavi se mudar para Maryland, nos EUA, em um sub\u00farbio de Washington.<br \/>\nEm meio a trag\u00e9dias familiares (ele teve dois irm\u00e3os mais novos que se suicidaram), Pahlavi manteve-se opinando regularmente sobre a pol\u00edtica de seu pa\u00eds.<br \/>\nReza Pahlavi conversa com a imprensa durante evento em Paris, em 23 de junho de 2025<br \/>\nAbdul Saboor\/Arquivo\/Reuters<br \/>\n&#8220;Acredito que o Ir\u00e3 deveria ser uma democracia parlamentar secular, e o povo decidir a forma final do Estado&#8221;, disse em 2018, durante uma confer\u00eancia no Washington Institute for Near East Policy, em fala reproduzida pela BBC.<br \/>\nApesar de ser amb\u00edguo sobre sua ascens\u00e3o ao poder, no caso de uma queda do regime dos aiatol\u00e1s, parte da comunidade iraniana fora do Ir\u00e3 apoia sua condu\u00e7\u00e3o ao trono.<br \/>\nNo \u00faltimo domingo, em Los Angeles, em meio a um protesto contra o aiatol\u00e1 Khamenei &#8211; atual l\u00edder supremo do Ir\u00e3 &#8211; um caminh\u00e3o carregava uma faixa com a frase: &#8220;N\u00e3o ao regime, n\u00e3o ao X\u00e1. EUA: n\u00e3o repitam 1953&#8221;.<br \/>\nOs manifestantes pr\u00f3-Pahlavi tentaram arrancar os dizeres do ve\u00edculo e quebraram uma das janelas da cabine, o que precipitou o motorista a avan\u00e7ar sobre a manifesta\u00e7\u00e3o, deixando pessoas feridas. Assista ao v\u00eddeo abaixo.<br \/>\nCaminh\u00e3o avan\u00e7a sobre manifestantes em ato contra regime do Ir\u00e3 em Los Angeles<br \/>\nGolpe de 1953<br \/>\nA placa no caminh\u00e3o fazia refer\u00eancia tamb\u00e9m a um dos momentos mais cr\u00edticos da dinastia Pahlavi. Entre 1941 e 1953, regime viveu um momento de liberdade pol\u00edtica, que acabou quando Mohammed Reza destituiu o primeiro-ministro Mohammed Mossadegh.<br \/>\nMossadegh, uma figura pol\u00edtica eleita pelo Parlamento com grande apoio popular, assumiu com a promessa de nacionalizar as abundantes reservas de petr\u00f3leo iranianas \u2013 que ele cumpriu.<br \/>\nO movimento desagradou o Reino Unido, que tinha o monop\u00f3lio da explora\u00e7\u00e3o de petr\u00f3leo no pa\u00eds.<br \/>\nEm uma articula\u00e7\u00e3o entre Reino Unido e EUA, denominada \u201cOpera\u00e7\u00e3o Ajax\u201d pela CIA, os governos Churchill e Eisenhower garantiram o apoio a Mohammed Reza Pahlavi para derrubar Mossadegh, o que ocorreu em 19 de agosto de 1953. Na \u00e9poca, os aiatol\u00e1s \u2013 contr\u00e1rios \u00e0 tend\u00eancia laica do primeiro-ministro \u2013 apoiaram o golpe, organizando protestos contra Mossadegh.<br \/>\nO epis\u00f3dio \u00e9 visto como o momento em que o regime dos x\u00e1s se inclinou em dire\u00e7\u00e3o ao autoritarismo.<br \/>\nOnda de protestos no Ir\u00e3 entra na terceira semana<br \/>\nDinastia breve<br \/>\nAo contr\u00e1rio do que pode parecer em um pa\u00eds cuja hist\u00f3ria remonta a imp\u00e9rios milenares, a dinastia Pahlavi tem uma hist\u00f3ria relativamente curta, iniciada em 1925.<br \/>\nEla foi fundada por Reza Khan, um militar apoiado pelo Reino Unido que derrubou a dinastia Qajar, j\u00e1 enfraquecida, em 1921.<br \/>\nReza Khan pensou em transformar o Ir\u00e3 em uma rep\u00fablica, tal qual Mustafa Kemal Atat\u00fcrk fizera com a Turquia, mas foi dissuadido pelos brit\u00e2nicos, bem como pelos cl\u00e9rigos. Em dezembro de 1925, ele foi coroado sob o nome Reza X\u00e1 Pahlavi.<br \/>\nSeu reinado foi encerrado abruptamente em 1941, quando brit\u00e2nicos e sovi\u00e9ticos, aliados na Segunda Guerra, lan\u00e7aram um ataque por ar, terra e mar ao Ir\u00e3, que havia permanecido neutro no conflito.<br \/>\nReza X\u00e1 Pahlavi (1878-1944), x\u00e1 do Ir\u00e3, nos anos 1930<br \/>\nDom\u00ednio P\u00fablico<br \/>\nOs aliados temiam que o pa\u00eds fosse ocupado por alem\u00e3es, provendo um ponto estrat\u00e9gico e recursos naturais para o Eixo. O ataque ocorreu sem declara\u00e7\u00e3o de guerra e foi uma derrota humilhante para as For\u00e7as Armadas que o x\u00e1 havia fortalecido ao longo de seu regime. Teer\u00e3 foi fortemente bombardeada.<br \/>\nDiante da recusa do x\u00e1 em entregar cidad\u00e3os alem\u00e3es aos sovi\u00e9ticos, os sovi\u00e9ticos ocuparam a capital, e o monarca temia ser executado pelo Ex\u00e9rcito Vermelho. O Reino Unido ofereceu um acordo: que ele renunciasse em nome de seu filho Mohammed Reza Pahlavi.<br \/>\nO primeiro x\u00e1 Pahlavi morreu nas Ilhas Maur\u00edcio, em 1944 \u2013 no ex\u00edlio, tal qual ocorreria com seu herdeiro, e de onde seu neto ambiciona retornar.<\/div>\n","protected":false},"excerpt":{"rendered":"<p>Mulher carrega cartaz com a foto de Reza Pahlavi em meio a protesto contra o regime iraniano de Khamenei, em Londres Isabel Infantes\/Reuters Em meio aos protestos dentro e fora do Ir\u00e3 contra o regime dos aiatol\u00e1s, um nome tem surgido com frequ\u00eancia nos cartazes dos manifestantes: Reza Pahlavi. Para alguns, ele seria a principal [&hellip;]<\/p>\n","protected":false},"author":261,"featured_media":63971,"comment_status":"closed","ping_status":"closed","sticky":false,"template":"","format":"standard","meta":{"_themeisle_gutenberg_block_has_review":false,"_jetpack_memberships_contains_paid_content":false,"footnotes":""},"categories":[5],"tags":[155],"class_list":{"0":"post-63970","1":"post","2":"type-post","3":"status-publish","4":"format-standard","5":"has-post-thumbnail","7":"category-internacionais","8":"tag-mundo"},"jetpack_featured_media_url":"https:\/\/crajubaremacao.com.br\/wp-content\/uploads\/2026\/01\/2026-01-11t092312z-2088355546-rc2c8fay8u9z-rtrmadp-3-iran-economy-protests-pahlavi-scaled.jpg","jetpack_sharing_enabled":true,"_links":{"self":[{"href":"https:\/\/crajubaremacao.com.br\/index.php?rest_route=\/wp\/v2\/posts\/63970","targetHints":{"allow":["GET"]}}],"collection":[{"href":"https:\/\/crajubaremacao.com.br\/index.php?rest_route=\/wp\/v2\/posts"}],"about":[{"href":"https:\/\/crajubaremacao.com.br\/index.php?rest_route=\/wp\/v2\/types\/post"}],"author":[{"embeddable":true,"href":"https:\/\/crajubaremacao.com.br\/index.php?rest_route=\/wp\/v2\/users\/261"}],"replies":[{"embeddable":true,"href":"https:\/\/crajubaremacao.com.br\/index.php?rest_route=%2Fwp%2Fv2%2Fcomments&post=63970"}],"version-history":[{"count":0,"href":"https:\/\/crajubaremacao.com.br\/index.php?rest_route=\/wp\/v2\/posts\/63970\/revisions"}],"wp:featuredmedia":[{"embeddable":true,"href":"https:\/\/crajubaremacao.com.br\/index.php?rest_route=\/wp\/v2\/media\/63971"}],"wp:attachment":[{"href":"https:\/\/crajubaremacao.com.br\/index.php?rest_route=%2Fwp%2Fv2%2Fmedia&parent=63970"}],"wp:term":[{"taxonomy":"category","embeddable":true,"href":"https:\/\/crajubaremacao.com.br\/index.php?rest_route=%2Fwp%2Fv2%2Fcategories&post=63970"},{"taxonomy":"post_tag","embeddable":true,"href":"https:\/\/crajubaremacao.com.br\/index.php?rest_route=%2Fwp%2Fv2%2Ftags&post=63970"}],"curies":[{"name":"wp","href":"https:\/\/api.w.org\/{rel}","templated":true}]}}