{"id":63994,"date":"2026-01-13T12:03:58","date_gmt":"2026-01-13T15:03:58","guid":{"rendered":"https:\/\/crajubaremacao.com.br\/?p=63994"},"modified":"2026-01-13T12:03:58","modified_gmt":"2026-01-13T15:03:58","slug":"adolescente-usa-traje-nazista-em-formatura-no-rn-e-faz-saudacao-associada-ao-regime-de-hitler","status":"publish","type":"post","link":"https:\/\/crajubaremacao.com.br\/?p=63994","title":{"rendered":"Adolescente usa traje nazista em formatura no RN e faz sauda\u00e7\u00e3o associada ao regime de Hitler"},"content":{"rendered":"<div>\n<div style=\"margin-bottom: 15px;\"><img decoding=\"async\" class=\"type:primaryImage\" src=\"https:\/\/crajubaremacao.com.br\/wp-content\/uploads\/2026\/01\/imagem-jvp-2026-01-13t113454723-750x450-1.png\"><\/div>\n<p><?xml encoding=\"UTF-8\"><\/p>\n<p>Um adolescente causou repercuss\u00e3o nas redes sociais ao comparecer a uma festa de formatura em Mossor\u00f3, na Regi\u00e3o Oeste do<strong><a href=\"http:\/\/jovempan.com.br\/tag\/rn\"> Rio Grande do Norte<\/a><\/strong>, vestindo um fardamento que fazia refer\u00eancia \u00e0s for\u00e7as armadas da Alemanha durante o <strong><a href=\"http:\/\/jovempan.com.br\/tag\/nazismo\">regime nazista<\/a><\/strong>. O evento ocorreu no s\u00e1bado (10), e as imagens come\u00e7aram a circular poucas horas depois, gerando cr\u00edticas e indigna\u00e7\u00e3o.<\/p>\n<p>Al\u00e9m da vestimenta, v\u00eddeos que circularam nas plataformas digitais mostram o jovem realizando a sauda\u00e7\u00e3o nazista, gesto historicamente associado \u00e0 exalta\u00e7\u00e3o de Adolf Hitler, com o bra\u00e7o direito estendido. A atitude ampliou a repercuss\u00e3o do caso.<\/p>\n<p>A apologia ao nazismo \u2014 incluindo o uso de s\u00edmbolos nazistas, a distribui\u00e7\u00e3o de emblemas ou qualquer forma de propaganda desse regime \u2014 \u00e9 crime previsto na legisla\u00e7\u00e3o brasileira, pass\u00edvel de pena de reclus\u00e3o.<\/p>\n<p>De acordo com a organiza\u00e7\u00e3o da formatura, o adolescente n\u00e3o era formando e compareceu \u00e0 cerim\u00f4nia como convidado de duas irm\u00e3s, estudantes do curso de medicina de uma faculdade particular da cidade. Ap\u00f3s a divulga\u00e7\u00e3o das imagens, o jovem publicou um v\u00eddeo pedindo desculpas pela conduta.<\/p>\n<p>Na grava\u00e7\u00e3o, ele afirmou que adquiriu a roupa em uma feira e alegou que costuma se fantasiar de personagens hist\u00f3ricos e fict\u00edcios. \u201cSempre gostei muito de me fantasiar de v\u00e1rios personagens hist\u00f3ricos, como Napole\u00e3o, o pr\u00f3prio Jason ou Capit\u00e3o Am\u00e9rica\u201d, disse, em um trecho do v\u00eddeo em que aparece sozinho.<\/p>\n<div class=\"cta-model cta-model2\" name=\"model2\">\n<div class=\"cta-container-general\">\n<div class=\"cta-container-model2\">\n<div class=\"container-image-text\">\n<div class=\"container-img\">\n                    <img decoding=\"async\" id=\"cta-image\" editable=\"true\" name=\"Imagem:\" src=\"https:\/\/crajubaremacao.com.br\/wp-content\/uploads\/2026\/01\/640_4anos-JPNews-29.jpg\" alt=\"cta_logo_jp\">\n                <\/div>\n<div class=\"container-title\">\n                    <span id=\"cta-text\" editable=\"true\" name=\"Conte\u00fado:\">Siga o canal da Jovem Pan News e receba as principais not\u00edcias no seu WhatsApp!<\/span>\n                <\/div>\n<\/p><\/div>\n<div class=\"cta-container-link\">\n<div class=\"cta-container-space\"><\/div>\n<p>                <a id=\"cta-link\" editable=\"true\" name=\"Link%20do%20bot%C3%A3o:\" target=\"_blank\" href=\"https:\/\/www.whatsapp.com\/channel\/0029VaAxUvrGJP8Fz9QZH93S\"><\/p>\n<div class=\"container-button\">\n                        <span id=\"cta-text2\" editable=\"true\" name=\"Texto do bot\u00e3o:\">WhatsApp<\/span>\n                    <\/div>\n<div class=\"container-icon\">\n                        <i id=\"cta-icon\" name=\"\u00cdcone do bot\u00e3o:\" editable=\"true\" class=\"fa-brands fa-whatsapp\"><\/i>\n                    <\/div>\n<p>                <\/a>\n            <\/div>\n<\/div>\n<\/div>\n<\/div>\n<p>\u201cEu pe\u00e7o que me deem outra chance, pois eu estou errado, mas eu n\u00e3o sou um menino assim, eu sou um menino bom\u201d, disse.<\/p>\n<div class=\"list-related-posts\">\n<h3>Leia tamb\u00e9m<\/h3>\n<div class=\"related-posts-container\">\n<div class=\"related-post-item-container\">\n<div class=\"related-post\">\n<div class=\"img-related-box\">\n                                            <strong><a href=\"https:\/\/jovempan.com.br\/noticias\/mundo\/canada-desiste-de-homenagear-vitimas-do-comunismo-por-ligacao-com-o-nazismo.html\" title=\"Canad\u00e1 desiste de homenagear v\u00edtimas do comunismo por liga\u00e7\u00e3o com o nazismo\"><img decoding=\"async\" src=\"https:\/\/crajubaremacao.com.br\/wp-content\/uploads\/2026\/01\/memorial_to_the_victims_of_communism__canada_a_land_of_refuge_2024-12-15_6575.jpg\"><\/a><\/strong>\n                                        <\/div>\n<p>                                        <span class=\"box-the-title\"><br \/>\n                                            <strong><a href=\"https:\/\/jovempan.com.br\/noticias\/mundo\/canada-desiste-de-homenagear-vitimas-do-comunismo-por-ligacao-com-o-nazismo.html\" title=\"Canad\u00e1 desiste de homenagear v\u00edtimas do comunismo por liga\u00e7\u00e3o com o nazismo\">Canad\u00e1 desiste de homenagear v\u00edtimas do comunismo por liga\u00e7\u00e3o com o nazismo<\/a><\/strong><br \/>\n                                        <\/span>\n                                    <\/div>\n<div class=\"related-post\">\n<div class=\"img-related-box\">\n                                            <strong><a href=\"https:\/\/jovempan.com.br\/entretenimento\/musica\/show-de-kanye-west-em-sao-paulo-e-cancelado.html\" title=\"Show de Kanye West em S\u00e3o Paulo \u00e9 cancelado\"><img decoding=\"async\" src=\"https:\/\/crajubaremacao.com.br\/wp-content\/uploads\/2026\/01\/000_32xg882.jpg\"><\/a><\/strong>\n                                        <\/div>\n<p>                                        <span class=\"box-the-title\"><br \/>\n                                            <strong><a href=\"https:\/\/jovempan.com.br\/entretenimento\/musica\/show-de-kanye-west-em-sao-paulo-e-cancelado.html\" title=\"Show de Kanye West em S\u00e3o Paulo \u00e9 cancelado\">Show de Kanye West em S\u00e3o Paulo \u00e9 cancelado<\/a><\/strong><br \/>\n                                        <\/span>\n                                    <\/div>\n<\/p><\/div>\n<\/p><\/div>\n<\/p><\/div>\n<\/div>\n","protected":false},"excerpt":{"rendered":"<p>Um adolescente causou repercuss\u00e3o nas redes sociais ao comparecer a uma festa de formatura em Mossor\u00f3, na Regi\u00e3o Oeste do Rio Grande do Norte, vestindo um fardamento que fazia refer\u00eancia \u00e0s for\u00e7as armadas da Alemanha durante o regime nazista. O evento ocorreu no s\u00e1bado (10), e as imagens come\u00e7aram a circular poucas horas depois, gerando [&hellip;]<\/p>\n","protected":false},"author":117,"featured_media":63995,"comment_status":"closed","ping_status":"closed","sticky":false,"template":"","format":"standard","meta":{"_themeisle_gutenberg_block_has_review":false,"_jetpack_memberships_contains_paid_content":false,"footnotes":""},"categories":[2],"tags":[150],"class_list":{"0":"post-63994","1":"post","2":"type-post","3":"status-publish","4":"format-standard","5":"has-post-thumbnail","7":"category-brasil","8":"tag-brasil"},"jetpack_featured_media_url":"https:\/\/crajubaremacao.com.br\/wp-content\/uploads\/2026\/01\/imagem-jvp-2026-01-13t113454723-750x450-1.png","jetpack_sharing_enabled":true,"_links":{"self":[{"href":"https:\/\/crajubaremacao.com.br\/index.php?rest_route=\/wp\/v2\/posts\/63994","targetHints":{"allow":["GET"]}}],"collection":[{"href":"https:\/\/crajubaremacao.com.br\/index.php?rest_route=\/wp\/v2\/posts"}],"about":[{"href":"https:\/\/crajubaremacao.com.br\/index.php?rest_route=\/wp\/v2\/types\/post"}],"author":[{"embeddable":true,"href":"https:\/\/crajubaremacao.com.br\/index.php?rest_route=\/wp\/v2\/users\/117"}],"replies":[{"embeddable":true,"href":"https:\/\/crajubaremacao.com.br\/index.php?rest_route=%2Fwp%2Fv2%2Fcomments&post=63994"}],"version-history":[{"count":0,"href":"https:\/\/crajubaremacao.com.br\/index.php?rest_route=\/wp\/v2\/posts\/63994\/revisions"}],"wp:featuredmedia":[{"embeddable":true,"href":"https:\/\/crajubaremacao.com.br\/index.php?rest_route=\/wp\/v2\/media\/63995"}],"wp:attachment":[{"href":"https:\/\/crajubaremacao.com.br\/index.php?rest_route=%2Fwp%2Fv2%2Fmedia&parent=63994"}],"wp:term":[{"taxonomy":"category","embeddable":true,"href":"https:\/\/crajubaremacao.com.br\/index.php?rest_route=%2Fwp%2Fv2%2Fcategories&post=63994"},{"taxonomy":"post_tag","embeddable":true,"href":"https:\/\/crajubaremacao.com.br\/index.php?rest_route=%2Fwp%2Fv2%2Ftags&post=63994"}],"curies":[{"name":"wp","href":"https:\/\/api.w.org\/{rel}","templated":true}]}}