{"id":63998,"date":"2026-01-13T12:04:13","date_gmt":"2026-01-13T15:04:13","guid":{"rendered":"https:\/\/crajubaremacao.com.br\/?p=63998"},"modified":"2026-01-13T12:04:13","modified_gmt":"2026-01-13T15:04:13","slug":"trump-pede-que-manifestantes-no-ira-sigam-protestando-a-ajuda-esta-a-caminho","status":"publish","type":"post","link":"https:\/\/crajubaremacao.com.br\/?p=63998","title":{"rendered":"Trump pede que manifestantes no Ir\u00e3 sigam protestando: &#8216;A ajuda est\u00e1 a caminho&#8217;"},"content":{"rendered":"<div><img decoding=\"async\" src=\"https:\/\/s2-g1.glbimg.com\/4rO7igjoV1WddVepEbITErhnN74=\/i.s3.glbimg.com\/v1\/AUTH_59edd422c0c84a879bd37670ae4f538a\/internal_photos\/bs\/2026\/O\/p\/BtmBjwSDAAmDt5QAt7YQ\/globo-canal-5-20260112-2000-frame-78036.jpeg\"><br \/>     Sob amea\u00e7a de Trump, Ir\u00e3 diz que est\u00e1 pronto para negociar, mas &#8216;preparado para a guerra&#8217;<br \/>\nEm mensagem direta a manifestantes da onda de protestos no Ir\u00e3, o presidente dos Estados Unidos, Donald Trump, pediu nesta ter\u00e7a-feira (13) que eles sigam protestando. E afirmou que a &#8220;ajuda&#8221; dos EUA &#8220;est\u00e1 a caminho&#8221;.<br \/>\n&#8220;Patriotas iranianos, continuem protestos. A ajuda est\u00e1 a caminho&#8221;, declarou.<br \/>\nFoi a primeira mensagem direta aos manifestantes feita pelo presidente norte-americano, que vem amea\u00e7ando intervir no pa\u00eds do Oriente M\u00e9dio caso as repress\u00f5es aos protestos sigam sendo feitas de forma violenta.<br \/>\nTrump j\u00e1 disse que pode voltar a fazer ataques diretos ao territ\u00f3rio iraniano como repres\u00e1lia, retomando uma escalada de tens\u00f5es entre os dois pa\u00edses.<br \/>\nNesta ter\u00e7a, uma fonte do governo iraniano disse \u00e0 ag\u00eancia de not\u00edcias Reuters que cerca de 2.000 pessoas j\u00e1 morreram nos protestos. Moradores do pa\u00eds relataram que for\u00e7as de seguran\u00e7a est\u00e3o atirando diretamente contra os manifestantes.<br \/>\n&#x27a1;&#xfe0f; As manifesta\u00e7\u00f5es no Ir\u00e3 evolu\u00edram queixas sobre a crise econ\u00f4mica do pa\u00eds para pedidos de queda da chamada Rep\u00fablica Isl\u00e2mica, ou o regime dos aiatol\u00e1s, que governam o Ir\u00e3 desde 1979.<br \/>\nRegime &#8216;nos \u00faltimos dias&#8217;<br \/>\nRegime do Ir\u00e3 est\u00e1 em seus &#8216;\u00faltimos dias&#8217;, diz chefe do governo da Alemanha\u00a0<br \/>\nTamb\u00e9m nesta ter\u00e7a, o chanceler da Alemanha, Friedrich Merz, disse achar que o regime dos aiatol\u00e1s, que governam o Ir\u00e3, est\u00e1 em seus &#8220;\u00faltimos dias e semanas&#8221;.<br \/>\n&#8220;Presumo que agora estejamos testemunhando os \u00faltimos dias e semanas desse regime&#8221;.<br \/>\nEm visita \u00e0 \u00cdndia, Merz disse ainda que a repress\u00e3o violenta por parte das for\u00e7as de seguran\u00e7a a manifestantes no pa\u00eds mostram a perda de confian\u00e7a do regime dos aiatol\u00e1s. &#8220;Quando um regime s\u00f3 consegue manter o poder por meio da viol\u00eancia, ent\u00e3o ele est\u00e1 efetivamente no fim. A popula\u00e7\u00e3o agora est\u00e1 se levantando contra esse regime&#8221;.<br \/>\nMerz afirmou tamb\u00e9m que a Alemanha est\u00e1 em contato pr\u00f3ximo com os Estados Unidos e governos europeus sobre a situa\u00e7\u00e3o no Ir\u00e3, e pediu a Teer\u00e3 que acabe com a repress\u00e3o mortal aos manifestantes.<br \/>\nEle n\u00e3o comentou, no entanto, sobre os la\u00e7os comerciais da Alemanha com o Ir\u00e3 \u2014 o governo alem\u00e3o \u00e9 o parceiro comercial mais importante do Ir\u00e3 dentro da Uni\u00e3o Europeia.<br \/>\nEssa rela\u00e7\u00e3o, no entanto, vem diminuindo. As exporta\u00e7\u00f5es alem\u00e3s para o Ir\u00e3 ca\u00edram 25% nos primeiros 11 meses, representando menos de 0,1% do total das exporta\u00e7\u00f5es alem\u00e3s, de acordo com dados do escrit\u00f3rio federal de estat\u00edsticas vistos pela Reuters nesta ter\u00e7a.<br \/>\nO presidente dos EUA, Donald Trump, disse na segunda-feira (12) que qualquer pa\u00eds que fizer neg\u00f3cios com o Ir\u00e3 enfrentar\u00e1 uma tarifa de 25% sobre o com\u00e9rcio com os EUA.<br \/>\nTrump anuncia que pa\u00edses que fazem neg\u00f3cios com o Ir\u00e3 ser\u00e3o tarifados nas transa\u00e7\u00f5es comerciais com EUA<br \/>\nReprodu\u00e7\u00e3o\/TV Globo<\/div>\n","protected":false},"excerpt":{"rendered":"<p>Sob amea\u00e7a de Trump, Ir\u00e3 diz que est\u00e1 pronto para negociar, mas &#8216;preparado para a guerra&#8217; Em mensagem direta a manifestantes da onda de protestos no Ir\u00e3, o presidente dos Estados Unidos, Donald Trump, pediu nesta ter\u00e7a-feira (13) que eles sigam protestando. E afirmou que a &#8220;ajuda&#8221; dos EUA &#8220;est\u00e1 a caminho&#8221;. &#8220;Patriotas iranianos, continuem [&hellip;]<\/p>\n","protected":false},"author":261,"featured_media":63999,"comment_status":"closed","ping_status":"closed","sticky":false,"template":"","format":"standard","meta":{"_themeisle_gutenberg_block_has_review":false,"_jetpack_memberships_contains_paid_content":false,"footnotes":""},"categories":[5],"tags":[155],"class_list":{"0":"post-63998","1":"post","2":"type-post","3":"status-publish","4":"format-standard","5":"has-post-thumbnail","7":"category-internacionais","8":"tag-mundo"},"jetpack_featured_media_url":"https:\/\/crajubaremacao.com.br\/wp-content\/uploads\/2026\/01\/globo-canal-5-20260112-2000-frame-78036.jpeg","jetpack_sharing_enabled":true,"_links":{"self":[{"href":"https:\/\/crajubaremacao.com.br\/index.php?rest_route=\/wp\/v2\/posts\/63998","targetHints":{"allow":["GET"]}}],"collection":[{"href":"https:\/\/crajubaremacao.com.br\/index.php?rest_route=\/wp\/v2\/posts"}],"about":[{"href":"https:\/\/crajubaremacao.com.br\/index.php?rest_route=\/wp\/v2\/types\/post"}],"author":[{"embeddable":true,"href":"https:\/\/crajubaremacao.com.br\/index.php?rest_route=\/wp\/v2\/users\/261"}],"replies":[{"embeddable":true,"href":"https:\/\/crajubaremacao.com.br\/index.php?rest_route=%2Fwp%2Fv2%2Fcomments&post=63998"}],"version-history":[{"count":0,"href":"https:\/\/crajubaremacao.com.br\/index.php?rest_route=\/wp\/v2\/posts\/63998\/revisions"}],"wp:featuredmedia":[{"embeddable":true,"href":"https:\/\/crajubaremacao.com.br\/index.php?rest_route=\/wp\/v2\/media\/63999"}],"wp:attachment":[{"href":"https:\/\/crajubaremacao.com.br\/index.php?rest_route=%2Fwp%2Fv2%2Fmedia&parent=63998"}],"wp:term":[{"taxonomy":"category","embeddable":true,"href":"https:\/\/crajubaremacao.com.br\/index.php?rest_route=%2Fwp%2Fv2%2Fcategories&post=63998"},{"taxonomy":"post_tag","embeddable":true,"href":"https:\/\/crajubaremacao.com.br\/index.php?rest_route=%2Fwp%2Fv2%2Ftags&post=63998"}],"curies":[{"name":"wp","href":"https:\/\/api.w.org\/{rel}","templated":true}]}}