{"id":64000,"date":"2026-01-13T12:04:26","date_gmt":"2026-01-13T15:04:26","guid":{"rendered":"https:\/\/crajubaremacao.com.br\/?p=64000"},"modified":"2026-01-13T12:04:26","modified_gmt":"2026-01-13T15:04:26","slug":"ministerio-da-saude-barra-incorporacao-da-vacina-contra-herpes-zoster-no-sus","status":"publish","type":"post","link":"https:\/\/crajubaremacao.com.br\/?p=64000","title":{"rendered":"Minist\u00e9rio da Sa\u00fade barra incorpora\u00e7\u00e3o da vacina contra herpes-z\u00f3ster no SUS"},"content":{"rendered":"<div><img decoding=\"async\" src=\"https:\/\/s2-g1.glbimg.com\/wt8h-8JRbeCBZ-cl5TDrPR3E5aU=\/s.glbimg.com\/jo\/g1\/f\/original\/2017\/06\/19\/vacina-idosa.jpg\"><br \/>     Minist\u00e9rio da Sa\u00fade consulta popula\u00e7\u00e3o sobre vacina gratuita contra herpes-z\u00f3ster<br \/>\nO Sistema \u00danico de Sa\u00fade (SUS) decidiu n\u00e3o incorporar a vacina contra herpes-z\u00f3ster, doen\u00e7a popularmente conhecida como cobreiro. A decis\u00e3o foi publicada nesta segunda-feira (12) no Di\u00e1rio Oficial da Uni\u00e3o e se refere ao imunizante recombinante adjuvado, avaliado para uso em idosos com 80 anos ou mais e em pessoas imunocomprometidas a partir de 18 anos.<br \/>\nA conclus\u00e3o foi tomada ap\u00f3s an\u00e1lise da Comiss\u00e3o Nacional de Incorpora\u00e7\u00e3o de Tecnologias no Sistema \u00danico de Sa\u00fade (Conitec), \u00f3rg\u00e3o respons\u00e1vel por avaliar evid\u00eancias cient\u00edficas, impacto or\u00e7ament\u00e1rio e custo-efetividade de medicamentos, vacinas e procedimentos antes de sua eventual oferta na rede p\u00fablica.<br \/>\nSegundo a portaria, a vacina n\u00e3o ser\u00e1 incorporada ao SUS nas indica\u00e7\u00f5es analisadas. O texto ressalta, no entanto, que o tema pode ser submetido a uma nova avalia\u00e7\u00e3o no futuro, caso sejam apresentados fatos novos que possam alterar o resultado da an\u00e1lise.<br \/>\nO que \u00e9 a vacina contra herpes-z\u00f3ster<br \/>\nA vacina contra herpes-z\u00f3ster foi desenvolvida para prevenir a reativa\u00e7\u00e3o do v\u00edrus varicela-z\u00f3ster, o mesmo que causa a catapora. Ap\u00f3s a infec\u00e7\u00e3o inicial, o v\u00edrus permanece latente no organismo e pode voltar a se manifestar d\u00e9cadas depois, especialmente com o envelhecimento ou a queda da imunidade.<br \/>\nO imunizante avaliado pela Conitec \u00e9 o \u00fanico dispon\u00edvel no Brasil atualmente: do tipo recombinante adjuvada, \u00e9 considerado um avan\u00e7o em rela\u00e7\u00e3o \u00e0s vers\u00f5es anteriores.<br \/>\n\u201cAs vacinas mais antigas tinham efic\u00e1cia menor, em torno de 50% a 60%, prote\u00e7\u00e3o de curta dura\u00e7\u00e3o e pior desempenho justamente nos mais velhos\u201d, explica Renato Kfouri, infectologista e vice-presidente da Sociedade Brasileira de Imuniza\u00e7\u00f5es.<br \/>\n\u201cA vacina recombinante mudou esse cen\u00e1rio: ela tem efic\u00e1cia em torno de 90%, independentemente da idade, inclusive no idoso.\u201d<br \/>\nHerpes-z\u00f3ster<br \/>\nTV Globo\/Reprodu\u00e7\u00e3o<br \/>\nPor que preocupa em idosos e imunocomprometidos<br \/>\nO herpes-z\u00f3ster \u00e9 mais frequente com o avan\u00e7ar da idade e em pessoas com o sistema imunol\u00f3gico comprometido. Al\u00e9m das les\u00f5es na pele, a doen\u00e7a pode evoluir para a neuralgia p\u00f3s-herp\u00e9tica, uma dor cr\u00f4nica intensa que pode durar meses ou at\u00e9 anos ap\u00f3s a infec\u00e7\u00e3o.<br \/>\n\u201cN\u00e3o \u00e9 \u00e0 toa que a vacina \u00e9 licenciada de forma rotineira a partir dos 50 anos e indicada, em alguns casos, desde os 18 para pessoas imunocomprometidas\u201d, diz Kfouri.<br \/>\nSegundo ele, condi\u00e7\u00f5es de imunossupress\u00e3o aumentam tanto o risco de adoecer quanto a gravidade do quadro.<br \/>\nO estudos recentes t\u00eam observado sobre a vacina<br \/>\nAl\u00e9m de reduzir o risco de herpes-z\u00f3ster e de neuralgia p\u00f3s-herp\u00e9tica, estudos observacionais v\u00eam investigando se a vacina\u00e7\u00e3o pode trazer efeitos indiretos ao evitar a reativa\u00e7\u00e3o repetida do v\u00edrus varicela-z\u00f3ster, que permanece latente no organismo ao longo da vida.<br \/>\nUma meta-an\u00e1lise internacional apresentada em 2025 no Congresso Europeu de Cardiologia, que reuniu dados de 19 estudos ao longo de quase duas d\u00e9cadas, observou que pessoas vacinadas contra herpes-z\u00f3ster tiveram menor incid\u00eancia de eventos cardiovasculares, como infarto e acidente vascular cerebral (AVC), em compara\u00e7\u00e3o com n\u00e3o vacinados.<br \/>\nA redu\u00e7\u00e3o foi estimada em at\u00e9 18%, a depender da faixa et\u00e1ria.<br \/>\nOutro trabalho de grande repercuss\u00e3o, publicado na revista cient\u00edfica Nature, analisou mais de 280 mil adultos no Reino Unido e encontrou menor frequ\u00eancia de novos diagn\u00f3sticos de dem\u00eancia entre pessoas que receberam a vacina contra herpes-z\u00f3ster ao longo de um seguimento de sete anos.<br \/>\nO estudo explorou um desenho quase experimental criado por regras administrativas do sistema de sa\u00fade brit\u00e2nico, o que permitiu comparar grupos semelhantes de pessoas vacinadas e n\u00e3o vacinadas.<br \/>\nNeurocirurgi\u00e3o do Hospital das Cl\u00ednicas da Faculdade de Medicina da Universidade de S\u00e3o Paulo (HCFMUSP), Helder Picarelli destaca que esses achados n\u00e3o mudam as indica\u00e7\u00f5es formais da vacina nem substituem ensaios cl\u00ednicos randomizados.<br \/>\nAinda assim, ele explica, ajudam a contextualizar o interesse crescente da comunidade cient\u00edfica na preven\u00e7\u00e3o do herpes-z\u00f3ster, sobretudo em idosos, ao reduzir epis\u00f3dios repetidos de inflama\u00e7\u00e3o associados \u00e0 reativa\u00e7\u00e3o do v\u00edrus.<br \/>\nPara Kfouri, esse tipo de evid\u00eancia deve ser interpretado com cautela, mas faz sentido do ponto de vista biol\u00f3gico.<br \/>\n\u201cO herpes-z\u00f3ster \u00e9 uma doen\u00e7a inflamat\u00f3ria, e sabemos que inflama\u00e7\u00e3o repetida ao longo dos anos pode contribuir para outros desfechos de sa\u00fade. Prevenir a reativa\u00e7\u00e3o do v\u00edrus pode ter impactos que v\u00e3o al\u00e9m da doen\u00e7a em si, embora isso ainda esteja em investiga\u00e7\u00e3o\u201d, afirma.<br \/>\n Vacina contra herpes-z\u00f3ster \u00e9 indicada para pessoas com mais de 50 anos<br \/>\nCDC\/ Judy Schmidt<br \/>\nPor que a vacina n\u00e3o entrou no SUS<br \/>\nApesar do reconhecimento da import\u00e2ncia cl\u00ednica do imunizante, a incorpora\u00e7\u00e3o ao SUS envolve uma an\u00e1lise mais ampla, que vai al\u00e9m da efic\u00e1cia. \u201cA discuss\u00e3o n\u00e3o \u00e9 se a vacina funciona \u2014ela funciona muito bem. O ponto central \u00e9 custo-efetividade, impacto or\u00e7ament\u00e1rio e como hierarquizar prioridades dentro do Programa Nacional de Imuniza\u00e7\u00f5es\u201d, afirma Kfouri.<br \/>\nO infectologista destaca que o Brasil enfrenta desafios simult\u00e2neos na pol\u00edtica de vacina\u00e7\u00e3o.<br \/>\n\u201cTemos grandes prioridades hoje, como dengue, v\u00edrus sincicial respirat\u00f3rio, atualiza\u00e7\u00e3o das vacinas pneumoc\u00f3cicas, HPV. Nem sempre \u00e9 simples definir a ordem dessas incorpora\u00e7\u00f5es diante de um or\u00e7amento limitado.\u201d<br \/>\nPara ele, a decis\u00e3o da Conitec reflete esse cen\u00e1rio. \u201cN\u00e3o se trata de desconsiderar a relev\u00e2ncia da vacina contra herpes-z\u00f3ster, mas de reconhecer que ela tem um custo extremamente elevado. Dentro desse contexto, o entendimento foi de que, neste momento, a incorpora\u00e7\u00e3o n\u00e3o era custo-efetiva.\u201d<br \/>\nQuem tem acesso \u00e0 vacina hoje no Brasil<br \/>\nAtualmente, a vacina contra herpes-z\u00f3ster n\u00e3o integra o Programa Nacional de Imuniza\u00e7\u00f5es e est\u00e1 dispon\u00edvel apenas na rede privada.<br \/>\nA Sociedade Brasileira de Imuniza\u00e7\u00f5es recomenda a vacina\u00e7\u00e3o de rotina a partir dos 60 anos e considera sua aplica\u00e7\u00e3o a partir dos 50. Para pessoas imunocomprometidas, a indica\u00e7\u00e3o pode come\u00e7ar aos 18 anos, a depender da condi\u00e7\u00e3o cl\u00ednica.<br \/>\nNa rede privada, cada dose custa, em m\u00e9dia, entre R$ 900 e R$ 1.200. Como o esquema completo exige duas doses, o valor total pode chegar a R$ 2.400, variando conforme a cl\u00ednica e a regi\u00e3o.<br \/>\nO que diz o Minist\u00e9rio da Sa\u00fade<br \/>\nPara que uma tecnologia em sa\u00fade seja incorporada ao Sistema \u00danico de Sa\u00fade, \u00e9 necess\u00e1rio que passe pela avalia\u00e7\u00e3o da Conitec, que analisa evid\u00eancias cient\u00edficas de efic\u00e1cia, seguran\u00e7a, custo-efetividade e impacto or\u00e7ament\u00e1rio.<br \/>\nSegundo o Minist\u00e9rio da Sa\u00fade, em 10 de dezembro, \u201ca Conitec emitiu parecer final desfavor\u00e1vel \u00e0 incorpora\u00e7\u00e3o da vacina contra a herpes-z\u00f3ster. No processo, foi reconhecida a import\u00e2ncia cl\u00ednica do imunizante, mas a vacina n\u00e3o foi considerada custo-efetiva nas condi\u00e7\u00f5es avaliadas. A estimativa indicou um impacto or\u00e7ament\u00e1rio superior a R$ 5,2 bilh\u00f5es em cinco anos\u201d.<br \/>\nPara efeito de compara\u00e7\u00e3o, a Pasta informou que todos os medicamentos distribu\u00eddos pelo Programa Farm\u00e1cia Popular somaram R$ 4,2 bilh\u00f5es no ano passado, valor inferior ao custo projetado apenas para a incorpora\u00e7\u00e3o da vacina contra herpes-z\u00f3ster.<br \/>\nAinda de acordo com o minist\u00e9rio, &#8220;at\u00e9 o momento o laborat\u00f3rio respons\u00e1vel n\u00e3o apresentou nova proposta. A pasta afirmou que tem interesse na incorpora\u00e7\u00e3o da vacina e seguir\u00e1 em negocia\u00e7\u00e3o para buscar um pre\u00e7o compat\u00edvel com a disponibilidade or\u00e7ament\u00e1ria do SUS&#8221;, conclui a nota da Pasta enviada ao g1.<\/div>\n","protected":false},"excerpt":{"rendered":"<p>Minist\u00e9rio da Sa\u00fade consulta popula\u00e7\u00e3o sobre vacina gratuita contra herpes-z\u00f3ster O Sistema \u00danico de Sa\u00fade (SUS) decidiu n\u00e3o incorporar a vacina contra herpes-z\u00f3ster, doen\u00e7a popularmente conhecida como cobreiro. A decis\u00e3o foi publicada nesta segunda-feira (12) no Di\u00e1rio Oficial da Uni\u00e3o e se refere ao imunizante recombinante adjuvado, avaliado para uso em idosos com 80 anos [&hellip;]<\/p>\n","protected":false},"author":261,"featured_media":64001,"comment_status":"closed","ping_status":"closed","sticky":false,"template":"","format":"standard","meta":{"_themeisle_gutenberg_block_has_review":false,"_jetpack_memberships_contains_paid_content":false,"footnotes":""},"categories":[10],"tags":[156],"class_list":{"0":"post-64000","1":"post","2":"type-post","3":"status-publish","4":"format-standard","5":"has-post-thumbnail","7":"category-saude","8":"tag-saude"},"jetpack_featured_media_url":"https:\/\/crajubaremacao.com.br\/wp-content\/uploads\/2026\/01\/vacina-idosa.jpg","jetpack_sharing_enabled":true,"_links":{"self":[{"href":"https:\/\/crajubaremacao.com.br\/index.php?rest_route=\/wp\/v2\/posts\/64000","targetHints":{"allow":["GET"]}}],"collection":[{"href":"https:\/\/crajubaremacao.com.br\/index.php?rest_route=\/wp\/v2\/posts"}],"about":[{"href":"https:\/\/crajubaremacao.com.br\/index.php?rest_route=\/wp\/v2\/types\/post"}],"author":[{"embeddable":true,"href":"https:\/\/crajubaremacao.com.br\/index.php?rest_route=\/wp\/v2\/users\/261"}],"replies":[{"embeddable":true,"href":"https:\/\/crajubaremacao.com.br\/index.php?rest_route=%2Fwp%2Fv2%2Fcomments&post=64000"}],"version-history":[{"count":0,"href":"https:\/\/crajubaremacao.com.br\/index.php?rest_route=\/wp\/v2\/posts\/64000\/revisions"}],"wp:featuredmedia":[{"embeddable":true,"href":"https:\/\/crajubaremacao.com.br\/index.php?rest_route=\/wp\/v2\/media\/64001"}],"wp:attachment":[{"href":"https:\/\/crajubaremacao.com.br\/index.php?rest_route=%2Fwp%2Fv2%2Fmedia&parent=64000"}],"wp:term":[{"taxonomy":"category","embeddable":true,"href":"https:\/\/crajubaremacao.com.br\/index.php?rest_route=%2Fwp%2Fv2%2Fcategories&post=64000"},{"taxonomy":"post_tag","embeddable":true,"href":"https:\/\/crajubaremacao.com.br\/index.php?rest_route=%2Fwp%2Fv2%2Ftags&post=64000"}],"curies":[{"name":"wp","href":"https:\/\/api.w.org\/{rel}","templated":true}]}}