{"id":64002,"date":"2026-01-13T12:04:39","date_gmt":"2026-01-13T15:04:39","guid":{"rendered":"https:\/\/crajubaremacao.com.br\/?p=64002"},"modified":"2026-01-13T12:04:39","modified_gmt":"2026-01-13T15:04:39","slug":"venda-de-veiculos-novos-no-brasil-tem-alta-de-2-em-2025-e-fica-abaixo-da-projecao-do-setor","status":"publish","type":"post","link":"https:\/\/crajubaremacao.com.br\/?p=64002","title":{"rendered":"Venda de ve\u00edculos novos no Brasil tem alta de 2% em 2025 e fica abaixo da proje\u00e7\u00e3o do setor"},"content":{"rendered":"<div><img decoding=\"async\" src=\"https:\/\/s2-g1.glbimg.com\/dfdzjSrxqjL_0Y40NeTpliZCl8w=\/s.glbimg.com\/jo\/g1\/f\/original\/2015\/12\/01\/brazil-autos-_credito_reuters.jpg\"><br \/>     Carros no p\u00e1tio da montadora Volkswagen em S\u00e3o Jos\u00e9 dos Campos, no interior de S\u00e3o Paulo<br \/>\nRoosevelt Cassio\/Reuters<br \/>\nEm 2025, os brasileiros compraram 2.689.179 ve\u00edculos novos, incluindo autom\u00f3veis, comerciais leves, caminh\u00f5es e \u00f4nibus. Os dados foram divulgados nesta ter\u00e7a-feira (13) pela Federa\u00e7\u00e3o Nacional da Distribui\u00e7\u00e3o de Ve\u00edculos Automotores (Fenabrave).<br \/>\nEsse foi o melhor resultado desde 2019, quando o pa\u00eds registrou 2,78 milh\u00f5es de ve\u00edculos zero km. O n\u00famero tamb\u00e9m representa uma alta de 16,59% em rela\u00e7\u00e3o a 2023, quando foram emplacados 2,3 milh\u00f5es de ve\u00edculos novos.<\/p>\n<p>O g1 contabiliza motos \u00e0 parte, e desconsidera implementos rodovi\u00e1rios.<br \/>\nVeja abaixo os resultados por segmento.<br \/>\nAUTOM\u00d3VEIS<br \/>\n1.996.531 emplacamentos em 2025, aumento de 2,49% contra 2024.<br \/>\n210.732 emplacamentos em dezembro, queda de 15,77% contra novembro;<br \/>\nComparado a dezembro de 2024, houve alta de 11,02% (189.822 unidades)<br \/>\nCOMERCIAIS LEVES<br \/>\n552.931 emplacamentos em 2025, aumento de 2,91% contra 2024.<br \/>\n56.385 emplacamentos em dezembro, alta de 24,96% contra novembro;<br \/>\nComparado a dezembro de 2024, houve alta de 4,61% (53.902 unidades)<br \/>\nCAMINH\u00d5ES E \u00d4NIBUS<br \/>\n139.717 emplacamentos em 2025, queda de 6,26% contra 2024.<br \/>\n12.308 emplacamentos em dezembro, alta de 7,64% contra novembro;<br \/>\nComparado a dezembro de 2024 houve queda de 9,96% (13.670 unidades)<br \/>\n*Essa reportagem est\u00e1 em atualiza\u00e7\u00e3o.<\/p><\/div>\n","protected":false},"excerpt":{"rendered":"<p>Carros no p\u00e1tio da montadora Volkswagen em S\u00e3o Jos\u00e9 dos Campos, no interior de S\u00e3o Paulo Roosevelt Cassio\/Reuters Em 2025, os brasileiros compraram 2.689.179 ve\u00edculos novos, incluindo autom\u00f3veis, comerciais leves, caminh\u00f5es e \u00f4nibus. Os dados foram divulgados nesta ter\u00e7a-feira (13) pela Federa\u00e7\u00e3o Nacional da Distribui\u00e7\u00e3o de Ve\u00edculos Automotores (Fenabrave). Esse foi o melhor resultado desde [&hellip;]<\/p>\n","protected":false},"author":261,"featured_media":64003,"comment_status":"closed","ping_status":"closed","sticky":false,"template":"","format":"standard","meta":{"_themeisle_gutenberg_block_has_review":false,"_jetpack_memberships_contains_paid_content":false,"footnotes":""},"categories":[6],"tags":[158,159],"class_list":{"0":"post-64002","1":"post","2":"type-post","3":"status-publish","4":"format-standard","5":"has-post-thumbnail","7":"category-carros","8":"tag-carros","9":"tag-motos"},"jetpack_featured_media_url":"https:\/\/crajubaremacao.com.br\/wp-content\/uploads\/2026\/01\/brazil-autos-_credito_reuters.jpg","jetpack_sharing_enabled":true,"_links":{"self":[{"href":"https:\/\/crajubaremacao.com.br\/index.php?rest_route=\/wp\/v2\/posts\/64002","targetHints":{"allow":["GET"]}}],"collection":[{"href":"https:\/\/crajubaremacao.com.br\/index.php?rest_route=\/wp\/v2\/posts"}],"about":[{"href":"https:\/\/crajubaremacao.com.br\/index.php?rest_route=\/wp\/v2\/types\/post"}],"author":[{"embeddable":true,"href":"https:\/\/crajubaremacao.com.br\/index.php?rest_route=\/wp\/v2\/users\/261"}],"replies":[{"embeddable":true,"href":"https:\/\/crajubaremacao.com.br\/index.php?rest_route=%2Fwp%2Fv2%2Fcomments&post=64002"}],"version-history":[{"count":0,"href":"https:\/\/crajubaremacao.com.br\/index.php?rest_route=\/wp\/v2\/posts\/64002\/revisions"}],"wp:featuredmedia":[{"embeddable":true,"href":"https:\/\/crajubaremacao.com.br\/index.php?rest_route=\/wp\/v2\/media\/64003"}],"wp:attachment":[{"href":"https:\/\/crajubaremacao.com.br\/index.php?rest_route=%2Fwp%2Fv2%2Fmedia&parent=64002"}],"wp:term":[{"taxonomy":"category","embeddable":true,"href":"https:\/\/crajubaremacao.com.br\/index.php?rest_route=%2Fwp%2Fv2%2Fcategories&post=64002"},{"taxonomy":"post_tag","embeddable":true,"href":"https:\/\/crajubaremacao.com.br\/index.php?rest_route=%2Fwp%2Fv2%2Ftags&post=64002"}],"curies":[{"name":"wp","href":"https:\/\/api.w.org\/{rel}","templated":true}]}}