{"id":64004,"date":"2026-01-13T15:01:18","date_gmt":"2026-01-13T18:01:18","guid":{"rendered":"https:\/\/crajubaremacao.com.br\/?p=64004"},"modified":"2026-01-13T15:01:18","modified_gmt":"2026-01-13T18:01:18","slug":"michael-carrick-e-o-novo-tecnico-do-manchester-united","status":"publish","type":"post","link":"https:\/\/crajubaremacao.com.br\/?p=64004","title":{"rendered":"Michael Carrick \u00e9 o novo t\u00e9cnico do Manchester United"},"content":{"rendered":"<div>\n<div style=\"margin-bottom: 15px;\"><img decoding=\"async\" class=\"type:primaryImage\" src=\"https:\/\/jpimg.com.br\/uploads\/2026\/01\/snapinsta.to_544064727_18479769268073520_248780040132114776_n-750x450.jpg\"><\/div>\n<p><?xml encoding=\"UTF-8\"><\/p>\n<p>O<a href=\"http:\/\/jovempan.com.br\/tag\/manchester-united\"><strong> Manchester United<\/strong><\/a> j\u00e1 tem um novo treinador. <a href=\"http:\/\/jovempan.com.br\/tag\/michael-carrick\"><strong>Michael Carrick<\/strong><\/a>, ex-volante, comandar\u00e1 os Red Devils no <a href=\"https:\/\/jovempan.com.br\/esportes\/futebol\/futebol-internacional\/manchester-united-demite-o-treinador-portugues-ruben-amorim.html\"><strong>lugar de Ruben Amorin at\u00e9 o fim da temporada<\/strong><\/a>. Darren Fletcher, que comandava o time interinamente, deve voltar ao comando do time sub-18 do clube. Segundo a emissora inglesa Sky Sports, os detalhes do contrato foram resolvidos durante a noite de segunda-feira (12) e deve ser assinado nas pr\u00f3ximas horas. Carrick estava desempregado desde maio do ano passado, ap\u00f3s treinar o Middlesbrough. Com 44 anos, ele chegou a comandar o United como interinamente em 21 por tr\u00eas jogos, ap\u00f3s ser auxiliar t\u00e9cnico de 2018 a 2021.<\/p>\n<div class=\"cta-model cta-model3\" name=\"model3\">\n<div class=\"cta-container-general\">\n<div class=\"cta-container-model3\">\n<div class=\"container-image-text\">\n<div class=\"container-img\">\n                    <img decoding=\"async\" id=\"cta-image\" editable=\"true\" name=\"Imagem:\" src=\"https:\/\/s.jpimg.com.br\/wp-content\/plugins\/CTA-posts-selector\/assets\/images\/640_JPEsportes.jpg\" alt=\"cta_logo_jp\">\n                <\/div>\n<div class=\"container-title\">\n                    <span id=\"cta-text\" editable=\"true\" name=\"Conte\u00fado:\">Siga o canal da Jovem Pan Esportes e receba as principais not\u00edcias no seu WhatsApp!<\/span>\n                <\/div>\n<\/p><\/div>\n<div class=\"cta-container-link\">\n<div class=\"cta-container-space\"><\/div>\n<p>                <a id=\"cta-link_3\" editable=\"true\" name=\"Link%20do%20bot%C3%A3o:\" target=\"_blank\" href=\"https:\/\/www.whatsapp.com\/channel\/0029Va9wMgZD8SE3UbBwem2u\"><\/p>\n<div class=\"container-button\">\n                        <span id=\"cta-text2\" editable=\"true\" name=\"Texto do bot\u00e3o:\">WhatsApp<\/span>\n                    <\/div>\n<div class=\"container-icon\">\n                        <i id=\"cta-icon\" name=\"\u00cdcone do bot\u00e3o:\" editable=\"true\" class=\"fa-brands fa-whatsapp\"><\/i>\n                    <\/div>\n<p>                <\/a>\n            <\/div>\n<\/div>\n<\/div>\n<\/div>\n<p>A frente do Middlesbrough de outubro de 2022 a maio de 2025, Carrick comandou o time por 139 partidas, com 65 vitorias, 25 empates e 49 derrotas.<\/p>\n<h3><strong>\u00cddolo na era Ferguson<\/strong><\/h3>\n<p>Michael Carrick chegou ao Manchester United em 2006, quando o clube ainda vivia seu meu melhor momento pelas m\u00e3os do lend\u00e1rio Alex Ferguson. L\u00e1, conquistou a Champions League em 2008 e foi campe\u00e3o da Premier League, o campeonato ingl\u00eas, por cinco vezes. Tamb\u00e9m levou o Mundial de Clubes, uma Liga Europa, seis Supercopas da Inglaterra, duas Copas da Liga Inglesa e uma Copa da Inglaterra.<\/p>\n<div class=\"list-related-posts\">\n<h3>Leia tamb\u00e9m<\/h3>\n<div class=\"related-posts-container\">\n<div class=\"related-post-item-container\">\n<div class=\"related-post\">\n<div class=\"img-related-box\">\n                                            <strong><a href=\"https:\/\/jovempan.com.br\/esportes\/futebol\/abel-exalta-chegada-de-marlon-freitas-grande-contratacao.html\" title=\"Abel exalta chegada de Marlon Freitas: \u201cGrande contrata\u00e7\u00e3o\u201d\"><img decoding=\"async\" src=\"https:\/\/jpimg.com.br\/uploads\/2025\/09\/af820250928003.jpg\"><\/a><\/strong>\n                                        <\/div>\n<p>                                        <span class=\"box-the-title\"><br \/>\n                                            <strong><a href=\"https:\/\/jovempan.com.br\/esportes\/futebol\/abel-exalta-chegada-de-marlon-freitas-grande-contratacao.html\" title=\"Abel exalta chegada de Marlon Freitas: \u201cGrande contrata\u00e7\u00e3o\u201d\">Abel exalta chegada de Marlon Freitas: \u201cGrande contrata\u00e7\u00e3o\u201d<\/a><\/strong><br \/>\n                                        <\/span>\n                                    <\/div>\n<div class=\"related-post\">\n<div class=\"img-related-box\">\n                                            <strong><a href=\"https:\/\/jovempan.com.br\/opiniao-jovem-pan\/comentaristas\/thiago-uberreich-comentaristas\/a-espanha-uma-das-favoritas-da-copa-de-2026-busca-repetir-a-facanha-de-2010.html\" title=\"A Espanha, uma das favoritas da Copa de 2026, busca repetir a fa\u00e7anha de 2010\"><img decoding=\"async\" src=\"https:\/\/jpimg.com.br\/uploads\/2025\/06\/14e58f6152619f0f286d9dd68110faeb8f21036b.jpg\"><\/a><\/strong>\n                                        <\/div>\n<p>                                        <span class=\"box-the-title\"><br \/>\n                                            <strong><a href=\"https:\/\/jovempan.com.br\/opiniao-jovem-pan\/comentaristas\/thiago-uberreich-comentaristas\/a-espanha-uma-das-favoritas-da-copa-de-2026-busca-repetir-a-facanha-de-2010.html\" title=\"A Espanha, uma das favoritas da Copa de 2026, busca repetir a fa\u00e7anha de 2010\">A Espanha, uma das favoritas da Copa de 2026, busca repetir a fa\u00e7anha de 2010<\/a><\/strong><br \/>\n                                        <\/span>\n                                    <\/div>\n<div class=\"related-post\">\n<div class=\"img-related-box\">\n                                            <strong><a href=\"https:\/\/jovempan.com.br\/esportes\/outros-esportes\/ex-piloto-brasileiro-da-f1-antonio-pizzonia-e-preso-por-agressao-nos-eua.html\" title=\"Ex-piloto brasileiro da F1, Antonio Pizzonia, \u00e9 preso por agress\u00e3o nos EUA\u00a0\"><img decoding=\"async\" src=\"https:\/\/jpimg.com.br\/uploads\/2026\/01\/antonio-pizzonia.jpg\"><\/a><\/strong>\n                                        <\/div>\n<p>                                        <span class=\"box-the-title\"><br \/>\n                                            <strong><a href=\"https:\/\/jovempan.com.br\/esportes\/outros-esportes\/ex-piloto-brasileiro-da-f1-antonio-pizzonia-e-preso-por-agressao-nos-eua.html\" title=\"Ex-piloto brasileiro da F1, Antonio Pizzonia, \u00e9 preso por agress\u00e3o nos EUA\u00a0\">Ex-piloto brasileiro da F1, Antonio Pizzonia, \u00e9 preso por agress\u00e3o nos EUA\u00a0<\/a><\/strong><br \/>\n                                        <\/span>\n                                    <\/div>\n<\/p><\/div>\n<\/p><\/div>\n<\/p><\/div>\n<\/div>\n","protected":false},"excerpt":{"rendered":"<p>O Manchester United j\u00e1 tem um novo treinador. Michael Carrick, ex-volante, comandar\u00e1 os Red Devils no lugar de Ruben Amorin at\u00e9 o fim da temporada. Darren Fletcher, que comandava o time interinamente, deve voltar ao comando do time sub-18 do clube. Segundo a emissora inglesa Sky Sports, os detalhes do contrato foram resolvidos durante a [&hellip;]<\/p>\n","protected":false},"author":260,"featured_media":64005,"comment_status":"closed","ping_status":"closed","sticky":false,"template":"","format":"standard","meta":{"_themeisle_gutenberg_block_has_review":false,"_jetpack_memberships_contains_paid_content":false,"footnotes":""},"categories":[12],"tags":[153],"class_list":{"0":"post-64004","1":"post","2":"type-post","3":"status-publish","4":"format-standard","5":"has-post-thumbnail","7":"category-esportes","8":"tag-esportes"},"jetpack_featured_media_url":"https:\/\/crajubaremacao.com.br\/wp-content\/uploads\/2026\/01\/snapinstato_544064727_18479769268073520_248780040132114776_n-750x450-1.jpg","jetpack_sharing_enabled":true,"_links":{"self":[{"href":"https:\/\/crajubaremacao.com.br\/index.php?rest_route=\/wp\/v2\/posts\/64004","targetHints":{"allow":["GET"]}}],"collection":[{"href":"https:\/\/crajubaremacao.com.br\/index.php?rest_route=\/wp\/v2\/posts"}],"about":[{"href":"https:\/\/crajubaremacao.com.br\/index.php?rest_route=\/wp\/v2\/types\/post"}],"author":[{"embeddable":true,"href":"https:\/\/crajubaremacao.com.br\/index.php?rest_route=\/wp\/v2\/users\/260"}],"replies":[{"embeddable":true,"href":"https:\/\/crajubaremacao.com.br\/index.php?rest_route=%2Fwp%2Fv2%2Fcomments&post=64004"}],"version-history":[{"count":0,"href":"https:\/\/crajubaremacao.com.br\/index.php?rest_route=\/wp\/v2\/posts\/64004\/revisions"}],"wp:featuredmedia":[{"embeddable":true,"href":"https:\/\/crajubaremacao.com.br\/index.php?rest_route=\/wp\/v2\/media\/64005"}],"wp:attachment":[{"href":"https:\/\/crajubaremacao.com.br\/index.php?rest_route=%2Fwp%2Fv2%2Fmedia&parent=64004"}],"wp:term":[{"taxonomy":"category","embeddable":true,"href":"https:\/\/crajubaremacao.com.br\/index.php?rest_route=%2Fwp%2Fv2%2Fcategories&post=64004"},{"taxonomy":"post_tag","embeddable":true,"href":"https:\/\/crajubaremacao.com.br\/index.php?rest_route=%2Fwp%2Fv2%2Ftags&post=64004"}],"curies":[{"name":"wp","href":"https:\/\/api.w.org\/{rel}","templated":true}]}}