{"id":64006,"date":"2026-01-13T18:13:23","date_gmt":"2026-01-13T21:13:23","guid":{"rendered":"https:\/\/crajubaremacao.com.br\/?p=64006"},"modified":"2026-01-13T18:13:23","modified_gmt":"2026-01-13T21:13:23","slug":"gremio-acerta-com-weverton-apos-liberacao-do-palmeiras","status":"publish","type":"post","link":"https:\/\/crajubaremacao.com.br\/?p=64006","title":{"rendered":"Gr\u00eamio acerta com Weverton ap\u00f3s libera\u00e7\u00e3o do Palmeiras"},"content":{"rendered":"<div>\n<div style=\"margin-bottom: 15px;\"><img decoding=\"async\" class=\"type:primaryImage\" src=\"https:\/\/jpimg.com.br\/uploads\/2025\/10\/design-sem-nome-7-1-750x450.png\"><\/div>\n<p><?xml encoding=\"UTF-8\"><\/p>\n<p>O goleiro <a href=\"http:\/\/jovempan.com.br\/tag\/weverton\"><strong>Weverton<\/strong><\/a>, de 38 anos, deixar\u00e1 o <a href=\"http:\/\/jovempan.com.br\/tag\/palmeiras\"><strong>Palmeiras<\/strong><\/a>. O atleta ir\u00e1 assinar com o <a href=\"http:\/\/jovempan.com.br\/tag\/gremio\"><strong>Gr\u00eamio<\/strong><\/a>, em uma transfer\u00eancia sem custos. Apesar do Verd\u00e3o querer a renova\u00e7\u00e3o com o goleiro at\u00e9 o fim de 2027, os valores oferecidos e o tempo de contrato de tr\u00eas anos seduziram o atleta. <strong><a href=\"https:\/\/jovempan.com.br\/esportes\/futebol\/palmeiras\/palmeiras-acerta-contratacao-do-goleiro-carlos-miguel-ex-corinthians-por-4-mlhoes-de-euros.html#:~:text=Palmeiras%20acerta%20contrata%C3%A7%C3%A3o%20do%20goleiro,milh%C3%B5es%20de%20euros%20%7C%20Jovem%20Pan\" target=\"_blank\" rel=\"noopener noreferrer\">Com a contrata\u00e7\u00e3o do goleiro Carlos Miguel na \u00faltima temporada<\/a><\/strong>, Weverton ficou sem espa\u00e7o no time de <a href=\"http:\/\/jovempan.com.br\/tag\/abel-ferreira\"><strong>Abel Ferreira<\/strong><\/a>. Ele perdeu a vaga quando lesionou a m\u00e3o e desde ent\u00e3o foi substitu\u00eddo pelo goleiro mais jovem. O Palmeiras entendeu o lado do atleta e n\u00e3o dificultou a transi\u00e7\u00e3o.<\/p>\n<div class=\"cta-model cta-model3\" name=\"model3\">\n<div class=\"cta-container-general\">\n<div class=\"cta-container-model3\">\n<div class=\"container-image-text\">\n<div class=\"container-img\">\n                    <img decoding=\"async\" id=\"cta-image\" editable=\"true\" name=\"Imagem:\" src=\"https:\/\/s.jpimg.com.br\/wp-content\/plugins\/CTA-posts-selector\/assets\/images\/640_JPEsportes.jpg\" alt=\"cta_logo_jp\">\n                <\/div>\n<div class=\"container-title\">\n                    <span id=\"cta-text\" editable=\"true\" name=\"Conte\u00fado:\">Siga o canal da Jovem Pan Esportes e receba as principais not\u00edcias no seu WhatsApp!<\/span>\n                <\/div>\n<\/p><\/div>\n<div class=\"cta-container-link\">\n<div class=\"cta-container-space\"><\/div>\n<p>                <a id=\"cta-link_3\" editable=\"true\" name=\"Link%20do%20bot%C3%A3o:\" target=\"_blank\" href=\"https:\/\/www.whatsapp.com\/channel\/0029Va9wMgZD8SE3UbBwem2u\"><\/p>\n<div class=\"container-button\">\n                        <span id=\"cta-text2\" editable=\"true\" name=\"Texto do bot\u00e3o:\">WhatsApp<\/span>\n                    <\/div>\n<div class=\"container-icon\">\n                        <i id=\"cta-icon\" name=\"\u00cdcone do bot\u00e3o:\" editable=\"true\" class=\"fa-brands fa-whatsapp\"><\/i>\n                    <\/div>\n<p>                <\/a>\n            <\/div>\n<\/div>\n<\/div>\n<\/div>\n<p>\u00cddolo moderno do Palmeiras, Weverton sai do clube com 12 t\u00edtulos. Entre eles, duas Libertadores, tr\u00eas Campeonatos Brasileiros e uma Copa do Brasil. Disputou 454 jogos pelo Palmeiras, e est\u00e1 empatado em conquistas com Gustavo G\u00f3mez, Marcos Rocha, Mayke, Dudu, Ademir da Guia e Junqueira.<\/p>\n<div class=\"list-related-posts\">\n<h3>Leia tamb\u00e9m<\/h3>\n<div class=\"related-posts-container\">\n<div class=\"related-post-item-container\">\n<div class=\"related-post\">\n<div class=\"img-related-box\">\n                                            <strong><a href=\"https:\/\/jovempan.com.br\/esportes\/futebol\/michael-carrick-e-o-novo-tecnico-do-manchester-united.html\" title=\"Michael Carrick \u00e9 o novo t\u00e9cnico do Manchester United\"><img decoding=\"async\" src=\"https:\/\/jpimg.com.br\/uploads\/2026\/01\/snapinsta.to_544064727_18479769268073520_248780040132114776_n.jpg\"><\/a><\/strong>\n                                        <\/div>\n<p>                                        <span class=\"box-the-title\"><br \/>\n                                            <strong><a href=\"https:\/\/jovempan.com.br\/esportes\/futebol\/michael-carrick-e-o-novo-tecnico-do-manchester-united.html\" title=\"Michael Carrick \u00e9 o novo t\u00e9cnico do Manchester United\">Michael Carrick \u00e9 o novo t\u00e9cnico do Manchester United<\/a><\/strong><br \/>\n                                        <\/span>\n                                    <\/div>\n<div class=\"related-post\">\n<div class=\"img-related-box\">\n                                            <strong><a href=\"https:\/\/jovempan.com.br\/esportes\/futebol\/abel-exalta-chegada-de-marlon-freitas-grande-contratacao.html\" title=\"Abel exalta chegada de Marlon Freitas: \u201cGrande contrata\u00e7\u00e3o\u201d\"><img decoding=\"async\" src=\"https:\/\/jpimg.com.br\/uploads\/2025\/09\/af820250928003.jpg\"><\/a><\/strong>\n                                        <\/div>\n<p>                                        <span class=\"box-the-title\"><br \/>\n                                            <strong><a href=\"https:\/\/jovempan.com.br\/esportes\/futebol\/abel-exalta-chegada-de-marlon-freitas-grande-contratacao.html\" title=\"Abel exalta chegada de Marlon Freitas: \u201cGrande contrata\u00e7\u00e3o\u201d\">Abel exalta chegada de Marlon Freitas: \u201cGrande contrata\u00e7\u00e3o\u201d<\/a><\/strong><br \/>\n                                        <\/span>\n                                    <\/div>\n<div class=\"related-post\">\n<div class=\"img-related-box\">\n                                            <strong><a href=\"https:\/\/jovempan.com.br\/opiniao-jovem-pan\/comentaristas\/thiago-uberreich-comentaristas\/a-espanha-uma-das-favoritas-da-copa-de-2026-busca-repetir-a-facanha-de-2010.html\" title=\"A Espanha, uma das favoritas da Copa de 2026, busca repetir a fa\u00e7anha de 2010\"><img decoding=\"async\" src=\"https:\/\/jpimg.com.br\/uploads\/2025\/06\/14e58f6152619f0f286d9dd68110faeb8f21036b.jpg\"><\/a><\/strong>\n                                        <\/div>\n<p>                                        <span class=\"box-the-title\"><br \/>\n                                            <strong><a href=\"https:\/\/jovempan.com.br\/opiniao-jovem-pan\/comentaristas\/thiago-uberreich-comentaristas\/a-espanha-uma-das-favoritas-da-copa-de-2026-busca-repetir-a-facanha-de-2010.html\" title=\"A Espanha, uma das favoritas da Copa de 2026, busca repetir a fa\u00e7anha de 2010\">A Espanha, uma das favoritas da Copa de 2026, busca repetir a fa\u00e7anha de 2010<\/a><\/strong><br \/>\n                                        <\/span>\n                                    <\/div>\n<\/p><\/div>\n<\/p><\/div>\n<\/p><\/div>\n<\/div>\n","protected":false},"excerpt":{"rendered":"<p>O goleiro Weverton, de 38 anos, deixar\u00e1 o Palmeiras. O atleta ir\u00e1 assinar com o Gr\u00eamio, em uma transfer\u00eancia sem custos. Apesar do Verd\u00e3o querer a renova\u00e7\u00e3o com o goleiro at\u00e9 o fim de 2027, os valores oferecidos e o tempo de contrato de tr\u00eas anos seduziram o atleta. Com a contrata\u00e7\u00e3o do goleiro Carlos [&hellip;]<\/p>\n","protected":false},"author":260,"featured_media":64007,"comment_status":"closed","ping_status":"closed","sticky":false,"template":"","format":"standard","meta":{"_themeisle_gutenberg_block_has_review":false,"_jetpack_memberships_contains_paid_content":false,"footnotes":""},"categories":[12],"tags":[153],"class_list":{"0":"post-64006","1":"post","2":"type-post","3":"status-publish","4":"format-standard","5":"has-post-thumbnail","7":"category-esportes","8":"tag-esportes"},"jetpack_featured_media_url":"https:\/\/crajubaremacao.com.br\/wp-content\/uploads\/2026\/01\/design-sem-nome-7-1-750x450-1.png","jetpack_sharing_enabled":true,"_links":{"self":[{"href":"https:\/\/crajubaremacao.com.br\/index.php?rest_route=\/wp\/v2\/posts\/64006","targetHints":{"allow":["GET"]}}],"collection":[{"href":"https:\/\/crajubaremacao.com.br\/index.php?rest_route=\/wp\/v2\/posts"}],"about":[{"href":"https:\/\/crajubaremacao.com.br\/index.php?rest_route=\/wp\/v2\/types\/post"}],"author":[{"embeddable":true,"href":"https:\/\/crajubaremacao.com.br\/index.php?rest_route=\/wp\/v2\/users\/260"}],"replies":[{"embeddable":true,"href":"https:\/\/crajubaremacao.com.br\/index.php?rest_route=%2Fwp%2Fv2%2Fcomments&post=64006"}],"version-history":[{"count":0,"href":"https:\/\/crajubaremacao.com.br\/index.php?rest_route=\/wp\/v2\/posts\/64006\/revisions"}],"wp:featuredmedia":[{"embeddable":true,"href":"https:\/\/crajubaremacao.com.br\/index.php?rest_route=\/wp\/v2\/media\/64007"}],"wp:attachment":[{"href":"https:\/\/crajubaremacao.com.br\/index.php?rest_route=%2Fwp%2Fv2%2Fmedia&parent=64006"}],"wp:term":[{"taxonomy":"category","embeddable":true,"href":"https:\/\/crajubaremacao.com.br\/index.php?rest_route=%2Fwp%2Fv2%2Fcategories&post=64006"},{"taxonomy":"post_tag","embeddable":true,"href":"https:\/\/crajubaremacao.com.br\/index.php?rest_route=%2Fwp%2Fv2%2Ftags&post=64006"}],"curies":[{"name":"wp","href":"https:\/\/api.w.org\/{rel}","templated":true}]}}