{"id":64111,"date":"2026-01-16T03:03:59","date_gmt":"2026-01-16T06:03:59","guid":{"rendered":"https:\/\/crajubaremacao.com.br\/?p=64111"},"modified":"2026-01-16T03:03:59","modified_gmt":"2026-01-16T06:03:59","slug":"quatro-criminosos-morrem-em-confronto-com-policiais-apos-ataque-de-faccao-no-ceara","status":"publish","type":"post","link":"https:\/\/crajubaremacao.com.br\/?p=64111","title":{"rendered":"Quatro criminosos morrem em confronto com policiais ap\u00f3s ataque de fac\u00e7\u00e3o no Cear\u00e1"},"content":{"rendered":"<div><img decoding=\"async\" src=\"https:\/\/s2-g1.glbimg.com\/vjiuuq-Xla40ZcEGlRWxLGPM-wE=\/i.s3.glbimg.com\/v1\/AUTH_59edd422c0c84a879bd37670ae4f538a\/internal_photos\/bs\/2026\/B\/f\/AH78c3TQeaTmliBTc7bA\/tiroteio-crato.jpg\"><br \/>     Quatro criminosos morrem em confronto com policiais ap\u00f3s ataque de fac\u00e7\u00e3o no Cear\u00e1<br \/>\nUma intensa troca de tiros entre policiais e criminosos aconteceu, na noite desta quinta-feira (15), no Crato, munic\u00edpio no Cariri do Cear\u00e1. O tiroteio deixou quatro criminosos mortos. Dois suspeitos foram presos (um deles tamb\u00e9m foi baleado). Em v\u00eddeos feitos por moradores \u00e9 poss\u00edvel ouvir os diversos disparos (veja acima).<br \/>\nA troca de tiros entre policiais e o grupo, que faz parte de uma fac\u00e7\u00e3o criminosa, aconteceu ap\u00f3s um ataque realizado por eles no munic\u00edpio. Na a\u00e7\u00e3o, um casal e a filha deles foram baleados. O ataque aconteceu pr\u00f3ximo a uma escola no bairro Pantanal.<br \/>\n&#x2705; Clique aqui para seguir o canal do g1 Cear\u00e1 no WhatsApp<br \/>\nO homem foi baleado no dedo e na barriga, a crian\u00e7a foi atingida de rasp\u00e3o nas costas e a mulher tamb\u00e9m foi atingida de rasp\u00e3o, na perna. Eles n\u00e3o correm risco de morte. O casal informou que o ataque foi realizado pela dupla na motocicleta.<br \/>\nLEIA TAMB\u00c9M:<br \/>\nV\u00eddeo: Criminosos derrubam homem de moto com &#8216;voadora&#8217; e roubam ve\u00edculo<br \/>\nVigilante \u00e9 assassinado enquanto trabalhava na seguran\u00e7a de obra de escola no Cear\u00e1<br \/>\nOs criminosos fazem parte de uma fac\u00e7\u00e3o criminosa que atua em Juazeiro do Norte, cidade vizinha ao Crato. O grupo com seis criminosos se dividiu em um carro (onde estavam os quatro mortos) e uma motocicleta (onde estava a dupla que foi presa).<br \/>\nOs baleados foram socorridos e levados a um hospital, mas n\u00e3o resistiram. O outro suspeito baleado recebeu atendimento m\u00e9dico e foi preso depois.<br \/>\nArmas apreendidas com criminosos ap\u00f3s ataque de fac\u00e7\u00e3o no Cear\u00e1.<br \/>\nReprodu\u00e7\u00e3o<br \/>\nCriminosos trocaram tiros com a pol\u00edcia no Crato ap\u00f3s ataque de fac\u00e7\u00e3o, no Cear\u00e1.<br \/>\nReprodu\u00e7\u00e3o<br \/>\nAssista aos v\u00eddeos mais vistos do Cear\u00e1<\/div>\n","protected":false},"excerpt":{"rendered":"<p>Quatro criminosos morrem em confronto com policiais ap\u00f3s ataque de fac\u00e7\u00e3o no Cear\u00e1 Uma intensa troca de tiros entre policiais e criminosos aconteceu, na noite desta quinta-feira (15), no Crato, munic\u00edpio no Cariri do Cear\u00e1. O tiroteio deixou quatro criminosos mortos. Dois suspeitos foram presos (um deles tamb\u00e9m foi baleado). Em v\u00eddeos feitos por moradores [&hellip;]<\/p>\n","protected":false},"author":264,"featured_media":64112,"comment_status":"closed","ping_status":"closed","sticky":false,"template":"","format":"standard","meta":{"_themeisle_gutenberg_block_has_review":false,"_jetpack_memberships_contains_paid_content":false,"footnotes":""},"categories":[4],"tags":[127,130],"class_list":{"0":"post-64111","1":"post","2":"type-post","3":"status-publish","4":"format-standard","5":"has-post-thumbnail","7":"category-regiao","8":"tag-cariri","9":"tag-ceara"},"jetpack_featured_media_url":"https:\/\/crajubaremacao.com.br\/wp-content\/uploads\/2026\/01\/tiroteio-crato.jpg","jetpack_sharing_enabled":true,"_links":{"self":[{"href":"https:\/\/crajubaremacao.com.br\/index.php?rest_route=\/wp\/v2\/posts\/64111","targetHints":{"allow":["GET"]}}],"collection":[{"href":"https:\/\/crajubaremacao.com.br\/index.php?rest_route=\/wp\/v2\/posts"}],"about":[{"href":"https:\/\/crajubaremacao.com.br\/index.php?rest_route=\/wp\/v2\/types\/post"}],"author":[{"embeddable":true,"href":"https:\/\/crajubaremacao.com.br\/index.php?rest_route=\/wp\/v2\/users\/264"}],"replies":[{"embeddable":true,"href":"https:\/\/crajubaremacao.com.br\/index.php?rest_route=%2Fwp%2Fv2%2Fcomments&post=64111"}],"version-history":[{"count":0,"href":"https:\/\/crajubaremacao.com.br\/index.php?rest_route=\/wp\/v2\/posts\/64111\/revisions"}],"wp:featuredmedia":[{"embeddable":true,"href":"https:\/\/crajubaremacao.com.br\/index.php?rest_route=\/wp\/v2\/media\/64112"}],"wp:attachment":[{"href":"https:\/\/crajubaremacao.com.br\/index.php?rest_route=%2Fwp%2Fv2%2Fmedia&parent=64111"}],"wp:term":[{"taxonomy":"category","embeddable":true,"href":"https:\/\/crajubaremacao.com.br\/index.php?rest_route=%2Fwp%2Fv2%2Fcategories&post=64111"},{"taxonomy":"post_tag","embeddable":true,"href":"https:\/\/crajubaremacao.com.br\/index.php?rest_route=%2Fwp%2Fv2%2Ftags&post=64111"}],"curies":[{"name":"wp","href":"https:\/\/api.w.org\/{rel}","templated":true}]}}