{"id":64165,"date":"2026-01-17T05:05:11","date_gmt":"2026-01-17T08:05:11","guid":{"rendered":"https:\/\/crajubaremacao.com.br\/?p=64165"},"modified":"2026-01-17T05:05:11","modified_gmt":"2026-01-17T08:05:11","slug":"seinfra-inicia-interdicao-parcial-na-av-carlos-jereissati-para-obras-do-vlt-aeroporto-castelao","status":"publish","type":"post","link":"https:\/\/crajubaremacao.com.br\/?p=64165","title":{"rendered":"Seinfra inicia interdi\u00e7\u00e3o parcial na Av. Carlos Jereissati para obras do VLT Aeroporto\u2013Castel\u00e3o"},"content":{"rendered":"<div>\n<p><img fetchpriority=\"high\" fetchpriority=\"high\" decoding=\"async\" class=\"aligncenter wp-image-308470 size-full\" src=\"https:\/\/www.ceara.gov.br\/wp-content\/uploads\/2026\/01\/a37996fc-5fd2-49ae-803b-3969cc06c08f-scaled.jpg\" alt=\"\" width=\"2560\" height=\"1440\" srcset=\"https:\/\/www.ceara.gov.br\/wp-content\/uploads\/2026\/01\/a37996fc-5fd2-49ae-803b-3969cc06c08f-scaled.jpg 2560w, https:\/\/www.ceara.gov.br\/wp-content\/uploads\/2026\/01\/a37996fc-5fd2-49ae-803b-3969cc06c08f-600x338.jpg 600w, https:\/\/www.ceara.gov.br\/wp-content\/uploads\/2026\/01\/a37996fc-5fd2-49ae-803b-3969cc06c08f-1200x675.jpg 1200w, https:\/\/www.ceara.gov.br\/wp-content\/uploads\/2026\/01\/a37996fc-5fd2-49ae-803b-3969cc06c08f-768x432.jpg 768w, https:\/\/www.ceara.gov.br\/wp-content\/uploads\/2026\/01\/a37996fc-5fd2-49ae-803b-3969cc06c08f-1536x864.jpg 1536w, https:\/\/www.ceara.gov.br\/wp-content\/uploads\/2026\/01\/a37996fc-5fd2-49ae-803b-3969cc06c08f-2048x1152.jpg 2048w, https:\/\/www.ceara.gov.br\/wp-content\/uploads\/2026\/01\/a37996fc-5fd2-49ae-803b-3969cc06c08f-480x270.jpg 480w\" sizes=\"(max-width: 2560px) 100vw, 2560px\"><\/p>\n<p>Para avan\u00e7ar nas obras da nova linha VLT Aeroporto\u2013Castel\u00e3o, em Fortaleza, a Secretaria da Infraestrutura do Cear\u00e1 (Seinfra) iniciou uma interdi\u00e7\u00e3o provis\u00f3ria em dois trechos da Avenida Carlos Jereissati. O bloqueio abrange aproximadamente 2,4 quil\u00f4metros e tem como objetivo garantir mais seguran\u00e7a vi\u00e1ria, melhor organiza\u00e7\u00e3o do tr\u00e1fego e a adequada execu\u00e7\u00e3o dos servi\u00e7os, reduzindo riscos de acidentes e transtornos aos usu\u00e1rios da via.<\/p>\n<p>A interdi\u00e7\u00e3o, iniciada nesta semana com apoio do Departamento Estadual de Tr\u00e2nsito do Cear\u00e1 (Detran-CE), ocorre nas faixas pr\u00f3ximas ao canteiro central, em ambos os sentidos da avenida, no trecho entre o Aeroporto Internacional de Fortaleza e o viaduto de acesso \u00e0 Avenida Alberto Craveiro. Durante esse per\u00edodo, a via passa a operar com duas faixas dispon\u00edveis em cada sentido, at\u00e9 a conclus\u00e3o das interven\u00e7\u00f5es.<\/p>\n<p><img loading=\"lazy\" loading=\"lazy\" decoding=\"async\" class=\"aligncenter wp-image-308471 size-full\" src=\"https:\/\/www.ceara.gov.br\/wp-content\/uploads\/2026\/01\/647db39c-e9eb-4729-819e-ca08f27b7b20-scaled.jpg\" alt=\"\" width=\"2560\" height=\"1440\" srcset=\"https:\/\/www.ceara.gov.br\/wp-content\/uploads\/2026\/01\/647db39c-e9eb-4729-819e-ca08f27b7b20-scaled.jpg 2560w, https:\/\/www.ceara.gov.br\/wp-content\/uploads\/2026\/01\/647db39c-e9eb-4729-819e-ca08f27b7b20-600x338.jpg 600w, https:\/\/www.ceara.gov.br\/wp-content\/uploads\/2026\/01\/647db39c-e9eb-4729-819e-ca08f27b7b20-1200x675.jpg 1200w, https:\/\/www.ceara.gov.br\/wp-content\/uploads\/2026\/01\/647db39c-e9eb-4729-819e-ca08f27b7b20-768x432.jpg 768w, https:\/\/www.ceara.gov.br\/wp-content\/uploads\/2026\/01\/647db39c-e9eb-4729-819e-ca08f27b7b20-1536x864.jpg 1536w, https:\/\/www.ceara.gov.br\/wp-content\/uploads\/2026\/01\/647db39c-e9eb-4729-819e-ca08f27b7b20-2048x1152.jpg 2048w, https:\/\/www.ceara.gov.br\/wp-content\/uploads\/2026\/01\/647db39c-e9eb-4729-819e-ca08f27b7b20-480x270.jpg 480w\" sizes=\"auto, (max-width: 2560px) 100vw, 2560px\"><\/p>\n<p>Atualmente, os trabalhos est\u00e3o concentrados na execu\u00e7\u00e3o das funda\u00e7\u00f5es das estacas que ir\u00e3o sustentar o trecho elevado do sistema. A obra dever\u00e1 empregar at\u00e9 350 trabalhadores, contribuindo tamb\u00e9m para a gera\u00e7\u00e3o de emprego e renda na Capital.<\/p>\n<p>De acordo com o secret\u00e1rio da Infraestrutura do Cear\u00e1, H\u00e9lio Leit\u00e3o, a nova linha representa um avan\u00e7o importante para a mobilidade urbana de Fortaleza. \u201cEstamos comprometidos com o andamento da obra, sempre buscando minimizar os impactos no tr\u00e1fego, para que ela seja entregue \u00e0 popula\u00e7\u00e3o dentro do prazo. Esse projeto ter\u00e1 impacto direto no desenvolvimento do esporte, do turismo e dos grandes eventos religiosos, com a implanta\u00e7\u00e3o de duas novas esta\u00e7\u00f5es\u201d, destacou.<\/p>\n<p>Desde setembro de 2025, a Seinfra tamb\u00e9m mant\u00e9m a interdi\u00e7\u00e3o de uma faixa, em cada sentido, na Avenida Alberto Craveiro, onde s\u00e3o realizados os servi\u00e7os de adequa\u00e7\u00e3o do trecho em n\u00edvel, al\u00e9m das funda\u00e7\u00f5es das esta\u00e7\u00f5es Condom\u00ednio Espiritual Uirapuru (CEU) e Castel\u00e3o.<\/p>\n<p><img loading=\"lazy\" loading=\"lazy\" decoding=\"async\" class=\"aligncenter wp-image-308472 size-full\" src=\"https:\/\/www.ceara.gov.br\/wp-content\/uploads\/2026\/01\/146afa4e-1c8f-40a0-ab4e-6105088fd66b-scaled.jpg\" alt=\"\" width=\"2560\" height=\"1440\" srcset=\"https:\/\/www.ceara.gov.br\/wp-content\/uploads\/2026\/01\/146afa4e-1c8f-40a0-ab4e-6105088fd66b-scaled.jpg 2560w, https:\/\/www.ceara.gov.br\/wp-content\/uploads\/2026\/01\/146afa4e-1c8f-40a0-ab4e-6105088fd66b-600x338.jpg 600w, https:\/\/www.ceara.gov.br\/wp-content\/uploads\/2026\/01\/146afa4e-1c8f-40a0-ab4e-6105088fd66b-1200x675.jpg 1200w, https:\/\/www.ceara.gov.br\/wp-content\/uploads\/2026\/01\/146afa4e-1c8f-40a0-ab4e-6105088fd66b-768x432.jpg 768w, https:\/\/www.ceara.gov.br\/wp-content\/uploads\/2026\/01\/146afa4e-1c8f-40a0-ab4e-6105088fd66b-1536x864.jpg 1536w, https:\/\/www.ceara.gov.br\/wp-content\/uploads\/2026\/01\/146afa4e-1c8f-40a0-ab4e-6105088fd66b-2048x1152.jpg 2048w, https:\/\/www.ceara.gov.br\/wp-content\/uploads\/2026\/01\/146afa4e-1c8f-40a0-ab4e-6105088fd66b-480x270.jpg 480w\" sizes=\"auto, (max-width: 2560px) 100vw, 2560px\"><\/p>\n<h3>A linha VLT Aeroporto\u2013Castel\u00e3o<\/h3>\n<p>A nova linha integra a expans\u00e3o do Metr\u00f4 de Fortaleza e ir\u00e1 conectar, em cerca de 6 minutos, o Aeroporto Internacional Pinto Martins \u00e0 Arena Castel\u00e3o, maior equipamento esportivo do Nordeste e o quarto maior do Brasil.<\/p>\n<p>Com investimento de R$ 180 milh\u00f5es, a obra tem previs\u00e3o de conclus\u00e3o no primeiro semestre de 2027, antes da Copa do Mundo Feminina de Futebol, que ter\u00e1 Fortaleza como uma das cidades-sede. Quando estiver em plena opera\u00e7\u00e3o, a expectativa \u00e9 de que a linha transporte at\u00e9 35 mil passageiros por dia.<\/p>\n<p><img loading=\"lazy\" loading=\"lazy\" decoding=\"async\" class=\"aligncenter wp-image-308469 size-full\" src=\"https:\/\/www.ceara.gov.br\/wp-content\/uploads\/2026\/01\/0daefd00-9e95-4144-8dd1-0a5ad06e27a6.jpg\" alt=\"\" width=\"1080\" height=\"1350\" srcset=\"https:\/\/www.ceara.gov.br\/wp-content\/uploads\/2026\/01\/0daefd00-9e95-4144-8dd1-0a5ad06e27a6.jpg 1080w, https:\/\/www.ceara.gov.br\/wp-content\/uploads\/2026\/01\/0daefd00-9e95-4144-8dd1-0a5ad06e27a6-600x750.jpg 600w, https:\/\/www.ceara.gov.br\/wp-content\/uploads\/2026\/01\/0daefd00-9e95-4144-8dd1-0a5ad06e27a6-768x960.jpg 768w\" sizes=\"auto, (max-width: 1080px) 100vw, 1080px\"><\/p>\n<p>O post <a href=\"https:\/\/www.ceara.gov.br\/2026\/01\/16\/seinfra-inicia-interdicao-parcial-na-av-carlos-jereissati-para-obras-do-vlt-aeroporto-castelao\/\">Seinfra inicia interdi\u00e7\u00e3o parcial na Av. Carlos Jereissati para obras do VLT Aeroporto\u2013Castel\u00e3o<\/a> apareceu primeiro em <a href=\"https:\/\/www.ceara.gov.br\/\">Governo do Estado do Cear\u00e1<\/a>.<\/p>\n<\/div>\n","protected":false},"excerpt":{"rendered":"<p>Para avan\u00e7ar nas obras da nova linha VLT Aeroporto\u2013Castel\u00e3o, em Fortaleza, a Secretaria da Infraestrutura do Cear\u00e1 (Seinfra) iniciou uma interdi\u00e7\u00e3o provis\u00f3ria em dois trechos da Avenida Carlos Jereissati. O bloqueio abrange aproximadamente 2,4 quil\u00f4metros e tem como objetivo garantir mais seguran\u00e7a vi\u00e1ria, melhor organiza\u00e7\u00e3o do tr\u00e1fego e a adequada execu\u00e7\u00e3o dos servi\u00e7os, reduzindo riscos [&hellip;]<\/p>\n","protected":false},"author":265,"featured_media":64166,"comment_status":"closed","ping_status":"closed","sticky":false,"template":"","format":"standard","meta":{"_themeisle_gutenberg_block_has_review":false,"_jetpack_memberships_contains_paid_content":false,"footnotes":""},"categories":[4],"tags":[127,130],"class_list":{"0":"post-64165","1":"post","2":"type-post","3":"status-publish","4":"format-standard","5":"has-post-thumbnail","7":"category-regiao","8":"tag-cariri","9":"tag-ceara"},"jetpack_featured_media_url":"https:\/\/crajubaremacao.com.br\/wp-content\/uploads\/2026\/01\/a37996fc-5fd2-49ae-803b-3969cc06c08f-scaled-1.jpg","jetpack_sharing_enabled":true,"_links":{"self":[{"href":"https:\/\/crajubaremacao.com.br\/index.php?rest_route=\/wp\/v2\/posts\/64165","targetHints":{"allow":["GET"]}}],"collection":[{"href":"https:\/\/crajubaremacao.com.br\/index.php?rest_route=\/wp\/v2\/posts"}],"about":[{"href":"https:\/\/crajubaremacao.com.br\/index.php?rest_route=\/wp\/v2\/types\/post"}],"author":[{"embeddable":true,"href":"https:\/\/crajubaremacao.com.br\/index.php?rest_route=\/wp\/v2\/users\/265"}],"replies":[{"embeddable":true,"href":"https:\/\/crajubaremacao.com.br\/index.php?rest_route=%2Fwp%2Fv2%2Fcomments&post=64165"}],"version-history":[{"count":0,"href":"https:\/\/crajubaremacao.com.br\/index.php?rest_route=\/wp\/v2\/posts\/64165\/revisions"}],"wp:featuredmedia":[{"embeddable":true,"href":"https:\/\/crajubaremacao.com.br\/index.php?rest_route=\/wp\/v2\/media\/64166"}],"wp:attachment":[{"href":"https:\/\/crajubaremacao.com.br\/index.php?rest_route=%2Fwp%2Fv2%2Fmedia&parent=64165"}],"wp:term":[{"taxonomy":"category","embeddable":true,"href":"https:\/\/crajubaremacao.com.br\/index.php?rest_route=%2Fwp%2Fv2%2Fcategories&post=64165"},{"taxonomy":"post_tag","embeddable":true,"href":"https:\/\/crajubaremacao.com.br\/index.php?rest_route=%2Fwp%2Fv2%2Ftags&post=64165"}],"curies":[{"name":"wp","href":"https:\/\/api.w.org\/{rel}","templated":true}]}}