{"id":64177,"date":"2026-01-17T12:18:37","date_gmt":"2026-01-17T15:18:37","guid":{"rendered":"https:\/\/crajubaremacao.com.br\/?p=64177"},"modified":"2026-01-17T12:18:37","modified_gmt":"2026-01-17T15:18:37","slug":"lider-supremo-do-ira-ali-khamenei-assume-pela-1a-vez-que-houve-mortes-nas-manifestacoes-pelo-pais","status":"publish","type":"post","link":"https:\/\/crajubaremacao.com.br\/?p=64177","title":{"rendered":"L\u00edder supremo do Ir\u00e3, Ali Khamenei, assume pela 1\u00aa vez que houve mortes nas manifesta\u00e7\u00f5es pelo pa\u00eds"},"content":{"rendered":"<div><img decoding=\"async\" src=\"https:\/\/s2-g1.glbimg.com\/n9d3BoSX7BJde9R5FaPBu1dSuas=\/i.s3.glbimg.com\/v1\/AUTH_59edd422c0c84a879bd37670ae4f538a\/internal_photos\/bs\/2026\/x\/m\/g1lyfZSwGTTVzp1cAvxg\/ap26003403723014.jpg\"><br \/>     Foto de arquivo: Nesta foto divulgada por um site oficial do gabinete do l\u00edder supremo do Ir\u00e3, o l\u00edder supremo, aiatol\u00e1 Ali Khamenei, discursa durante uma cerim\u00f4nia que marca o feriado xiita do Eid al-Ghadir, em Teer\u00e3, no Ir\u00e3, em 25 de junho de 2024.<br \/>\nGabinete do L\u00edder Supremo do Ir\u00e3 via AP<br \/>\nO l\u00edder supremo do Ir\u00e3, o aiatol\u00e1 Ali Khamenei, chamou o presidente dos EUA, assumiu pela primeira vez que os protestos no p\u00e1\u00eds tiveram &#8220;milhares&#8221; de mortos. Al\u00e9m disso, chamou o presidente dos Estados Unidos, Donald Trump, de criminoso, neste s\u00e1bado (17).<br \/>\n\u201cNessa revolta, o presidente dos EUA fez declara\u00e7\u00f5es pessoalmente, encorajou os manifestantes a prosseguirem e disse: &#8216;N\u00f3s os apoiamos, n\u00f3s os apoiamos militarmente&#8217;\u201d, disse Khamenei, que tem a palavra final em todos os assuntos de Estado. Ele reiterou ainda que os EUA buscam dominar os recursos econ\u00f4micos e pol\u00edticos do Ir\u00e3.<br \/>\n\u201cConsideramos o presidente dos EUA um criminoso, devido \u00e0s v\u00edtimas e aos danos, devido \u00e0s acusa\u00e7\u00f5es contra a na\u00e7\u00e3o iraniana\u201d, disse Ali Khamenei. Ele descreveu os manifestantes como \u201csoldados rasos\u201d dos Estados Unidos e disse que eles destru\u00edram mesquitas e centros educacionais. \u201cAo ferir pessoas, e matar milhares delas\u201d, afirmou.<br \/>\nSobe para mais de 3.400 n\u00famero de mortos em protestos no Ir\u00e3, diz ONG<br \/>\nOs coment\u00e1rios de Ali Khamenei surgiram um dia depois de Trump ter adotado um tom conciliat\u00f3rio, afirmando que &#8220;o Ir\u00e3 cancelou o enforcamento de mais de 800 pessoas&#8221; e acrescentando: &#8220;Respeito muito o fato de terem cancelado&#8221;.<br \/>\nEle n\u00e3o esclareceu com quem falou no Ir\u00e3 para confirmar o cancelamento de quaisquer execu\u00e7\u00f5es planejadas. Seus coment\u00e1rios foram um sinal de que ele pode estar recuando de um ataque militar.<br \/>\nDias antes, Trump havia dito aos iranianos que &#8220;a ajuda est\u00e1 a caminho&#8221; e que seu governo &#8220;agiria de acordo&#8221; se a matan\u00e7a de manifestantes continuasse.<br \/>\nCrise econ\u00f4mica desencadeia onda de protestos no Ir\u00e3<br \/>\nCrise econ\u00f4mica no Ir\u00e3<br \/>\nA crise econ\u00f4mica no Ir\u00e3 desencadeou uma onda de protestos contra o regime dos aiatol\u00e1s.<br \/>\nDesde 28 de dezembro, milhares de iranianos saem \u00e0s ruas. A crise econ\u00f4mica se aprofundou com a desvaloriza\u00e7\u00e3o da moeda local. Em um ano, o rial perdeu 56% do valor frente ao d\u00f3lar, e o pre\u00e7o dos alimentos teve um aumento m\u00e9dio de 72%.<br \/>\nNa capital, Teer\u00e3, o protesto come\u00e7ou com uma greve de comerciantes do principal mercado da cidade. Depois, evoluiu para outros atos e tamb\u00e9m confrontos. Em um dos protestos, manifestantes atiraram pedras contra os policiais. Um deles se vira e dispara.<\/div>\n","protected":false},"excerpt":{"rendered":"<p>Foto de arquivo: Nesta foto divulgada por um site oficial do gabinete do l\u00edder supremo do Ir\u00e3, o l\u00edder supremo, aiatol\u00e1 Ali Khamenei, discursa durante uma cerim\u00f4nia que marca o feriado xiita do Eid al-Ghadir, em Teer\u00e3, no Ir\u00e3, em 25 de junho de 2024. Gabinete do L\u00edder Supremo do Ir\u00e3 via AP O l\u00edder [&hellip;]<\/p>\n","protected":false},"author":261,"featured_media":64178,"comment_status":"closed","ping_status":"closed","sticky":false,"template":"","format":"standard","meta":{"_themeisle_gutenberg_block_has_review":false,"_jetpack_memberships_contains_paid_content":false,"footnotes":""},"categories":[5],"tags":[155],"class_list":{"0":"post-64177","1":"post","2":"type-post","3":"status-publish","4":"format-standard","5":"has-post-thumbnail","7":"category-internacionais","8":"tag-mundo"},"jetpack_featured_media_url":"https:\/\/crajubaremacao.com.br\/wp-content\/uploads\/2026\/01\/ap26003403723014.jpg","jetpack_sharing_enabled":true,"_links":{"self":[{"href":"https:\/\/crajubaremacao.com.br\/index.php?rest_route=\/wp\/v2\/posts\/64177","targetHints":{"allow":["GET"]}}],"collection":[{"href":"https:\/\/crajubaremacao.com.br\/index.php?rest_route=\/wp\/v2\/posts"}],"about":[{"href":"https:\/\/crajubaremacao.com.br\/index.php?rest_route=\/wp\/v2\/types\/post"}],"author":[{"embeddable":true,"href":"https:\/\/crajubaremacao.com.br\/index.php?rest_route=\/wp\/v2\/users\/261"}],"replies":[{"embeddable":true,"href":"https:\/\/crajubaremacao.com.br\/index.php?rest_route=%2Fwp%2Fv2%2Fcomments&post=64177"}],"version-history":[{"count":0,"href":"https:\/\/crajubaremacao.com.br\/index.php?rest_route=\/wp\/v2\/posts\/64177\/revisions"}],"wp:featuredmedia":[{"embeddable":true,"href":"https:\/\/crajubaremacao.com.br\/index.php?rest_route=\/wp\/v2\/media\/64178"}],"wp:attachment":[{"href":"https:\/\/crajubaremacao.com.br\/index.php?rest_route=%2Fwp%2Fv2%2Fmedia&parent=64177"}],"wp:term":[{"taxonomy":"category","embeddable":true,"href":"https:\/\/crajubaremacao.com.br\/index.php?rest_route=%2Fwp%2Fv2%2Fcategories&post=64177"},{"taxonomy":"post_tag","embeddable":true,"href":"https:\/\/crajubaremacao.com.br\/index.php?rest_route=%2Fwp%2Fv2%2Ftags&post=64177"}],"curies":[{"name":"wp","href":"https:\/\/api.w.org\/{rel}","templated":true}]}}