{"id":64183,"date":"2026-01-17T18:01:42","date_gmt":"2026-01-17T21:01:42","guid":{"rendered":"https:\/\/crajubaremacao.com.br\/?p=64183"},"modified":"2026-01-17T18:01:42","modified_gmt":"2026-01-17T21:01:42","slug":"lideranca-e-perseveranca-de-lula-fizeram-com-que-chegassemos-a-acordo-mercosul-ue-diz-alckmin","status":"publish","type":"post","link":"https:\/\/crajubaremacao.com.br\/?p=64183","title":{"rendered":"Lideran\u00e7a e perseveran\u00e7a de Lula fizeram com que cheg\u00e1ssemos a acordo Mercosul-UE, diz Alckmin"},"content":{"rendered":"<div>\n<?xml encoding=\"UTF-8\"><\/p>\n<p>O vice-presidente da Rep\u00fablica, Geraldo Alckmin, afirmou neste s\u00e1bado, 17, que a lideran\u00e7a e a perseveran\u00e7a do presidente Luiz In\u00e1cio Lula da Silva \u201cfizeram com que se chegasse ao dia hist\u00f3rico\u201d da assinatura do acordo entre o Mercosul e a Uni\u00e3o Europeia (UE). O pacto firmado nesta tarde, em cerim\u00f4nia em Assun\u00e7\u00e3o, no Paraguai, cria um dos maiores blocos econ\u00f4micos do mundo.<\/p>\n<p>A pondera\u00e7\u00e3o ocorreu em v\u00eddeo postado por Alckmin no X. O ministro destacou que o pacto \u00e9 aguardado h\u00e1 25 anos e frisou tratar-se do maior acordo entre blocos do mundo. \u201cIsso significa mais com\u00e9rcio, mais emprego, mais investimentos rec\u00edprocos. Um ganha-ganha em benef\u00edcio da sociedade. Grande conquista\u201d, afirmou.<\/p>\n<p>Lula n\u00e3o participou da cerim\u00f4nia de assinatura do pacto. Em seu lugar, compareceu ao evento o ministro das Rela\u00e7\u00f5es Exteriores, Mauro Vieira. O presidente do Paraguai, Santiago Pe\u00f1a, afirmou que a aus\u00eancia \u201cdeixou um sabor amargo\u201d, mas reconheceu a lideran\u00e7a de Lula nas negocia\u00e7\u00f5es em torno do acordo.<\/p>\n<p>Nesta sexta, 16, Lula publicou artigo em jornais de 27 pa\u00edses avaliando que o acordo Mercosul-UE \u00e9 uma resposta do multilateralismo ao isolamento. \u201cEm uma \u00e9poca em que o unilateralismo isola mercados e o protecionismo inibe o crescimento global, duas regi\u00f5es que compartilham valores democr\u00e1ticos e a defesa do multilateralismo escolhem um caminho diferente\u201d, diz o chefe do Executivo no texto. Ele esteve ontem em ato no Rio de Janeiro com Von der Leyen.<\/p>\n<p>Na cerim\u00f4nia desta tarde Vieira afirmou que o acordo estabelece uma \u201cparceria com enorme potencial econ\u00f4mico\u201d e \u201ccom profundo sentido geopol\u00edtico\u201d. Segundo o chanceler, o pacto \u201crepresenta um baluarte, erguido com s\u00f3lida convic\u00e7\u00e3o no valor da democracia e da ordem multilateral, diante de um mundo abatido pela imprevisibilidade, pelo protecionismo e pela coer\u00e7\u00e3o\u201d.<\/p>\n<p>*Estad\u00e3o Conte\u00fado<\/p>\n<\/div>\n","protected":false},"excerpt":{"rendered":"<p>O vice-presidente da Rep\u00fablica, Geraldo Alckmin, afirmou neste s\u00e1bado, 17, que a lideran\u00e7a e a perseveran\u00e7a do presidente Luiz In\u00e1cio Lula da Silva \u201cfizeram com que se chegasse ao dia hist\u00f3rico\u201d da assinatura do acordo entre o Mercosul e a Uni\u00e3o Europeia (UE). O pacto firmado nesta tarde, em cerim\u00f4nia em Assun\u00e7\u00e3o, no Paraguai, cria [&hellip;]<\/p>\n","protected":false},"author":117,"featured_media":0,"comment_status":"closed","ping_status":"closed","sticky":false,"template":"","format":"standard","meta":{"_themeisle_gutenberg_block_has_review":false,"_jetpack_memberships_contains_paid_content":false,"footnotes":""},"categories":[9],"tags":[129],"class_list":{"0":"post-64183","1":"post","2":"type-post","3":"status-publish","4":"format-standard","6":"category-politica","7":"tag-politica"},"jetpack_featured_media_url":"","jetpack_sharing_enabled":true,"_links":{"self":[{"href":"https:\/\/crajubaremacao.com.br\/index.php?rest_route=\/wp\/v2\/posts\/64183","targetHints":{"allow":["GET"]}}],"collection":[{"href":"https:\/\/crajubaremacao.com.br\/index.php?rest_route=\/wp\/v2\/posts"}],"about":[{"href":"https:\/\/crajubaremacao.com.br\/index.php?rest_route=\/wp\/v2\/types\/post"}],"author":[{"embeddable":true,"href":"https:\/\/crajubaremacao.com.br\/index.php?rest_route=\/wp\/v2\/users\/117"}],"replies":[{"embeddable":true,"href":"https:\/\/crajubaremacao.com.br\/index.php?rest_route=%2Fwp%2Fv2%2Fcomments&post=64183"}],"version-history":[{"count":0,"href":"https:\/\/crajubaremacao.com.br\/index.php?rest_route=\/wp\/v2\/posts\/64183\/revisions"}],"wp:attachment":[{"href":"https:\/\/crajubaremacao.com.br\/index.php?rest_route=%2Fwp%2Fv2%2Fmedia&parent=64183"}],"wp:term":[{"taxonomy":"category","embeddable":true,"href":"https:\/\/crajubaremacao.com.br\/index.php?rest_route=%2Fwp%2Fv2%2Fcategories&post=64183"},{"taxonomy":"post_tag","embeddable":true,"href":"https:\/\/crajubaremacao.com.br\/index.php?rest_route=%2Fwp%2Fv2%2Ftags&post=64183"}],"curies":[{"name":"wp","href":"https:\/\/api.w.org\/{rel}","templated":true}]}}