{"id":64186,"date":"2026-01-17T18:01:47","date_gmt":"2026-01-17T21:01:47","guid":{"rendered":"https:\/\/crajubaremacao.com.br\/?p=64186"},"modified":"2026-01-17T18:01:47","modified_gmt":"2026-01-17T21:01:47","slug":"macron-diz-que-ameaca-de-trump-de-tarifas-sobre-a-groenlandia-e-inaceitavel","status":"publish","type":"post","link":"https:\/\/crajubaremacao.com.br\/?p=64186","title":{"rendered":"Macron diz que amea\u00e7a de Trump de tarifas sobre a Groenl\u00e2ndia \u00e9 inaceit\u00e1vel"},"content":{"rendered":"<div><img decoding=\"async\" src=\"https:\/\/s2-g1.glbimg.com\/6UAjsWLIoKdp8N9r9WXFotxxoBo=\/i.s3.glbimg.com\/v1\/AUTH_59edd422c0c84a879bd37670ae4f538a\/internal_photos\/bs\/2025\/A\/4\/mRAFAcTAmsDOiRHzANTg\/2025-02-24t235604z-1096882152-rc261dass9ek-rtrmadp-3-usa-france.jpg\"><br \/>     Macron segura no bra\u00e7o de Trump antes de corrigi-lo, na Casa Branca, em 24 de fevereiro de 2025<br \/>\nREUTERS\/Brian Snyder<br \/>\nO presidente da Fran\u00e7a, Emmanuel Macron, afirmou neste s\u00e1bado (17) que a amea\u00e7a de tarifas impostas pelos Estados Unidos \u00e0 Groenl\u00e2ndia \u00e9 inaceit\u00e1vel.<br \/>\nA declara\u00e7\u00e3o foi feita ap\u00f3s manifesta\u00e7\u00f5es do presidente americano, Donald Trump, sobre a possibilidade de ado\u00e7\u00e3o de tarifas relacionadas ao territ\u00f3rio.<br \/>\n&#8220;Nenhuma intimida\u00e7\u00e3o ou amea\u00e7a nos influenciar\u00e1, nem na Ucr\u00e2nia, nem na Groenl\u00e2ndia, nem em qualquer outro lugar do mundo quando nos depararmos com tais situa\u00e7\u00f5es&#8221;, escreveu Macron em publica\u00e7\u00e3o na rede social X.<br \/>\nSegundo o presidente franc\u00eas, a Europa n\u00e3o aceitar\u00e1 esse tipo de press\u00e3o em disputas internacionais.<br \/>\n&#8220;As amea\u00e7as de tarifas s\u00e3o inaceit\u00e1veis e n\u00e3o t\u00eam lugar neste contexto. Os europeus responder\u00e3o a elas de forma unida e coordenada caso se confirmem&#8221;, afirmou.<br \/>\nO presidente do Conselho Europeu, Ant\u00f3nio Costa, tamb\u00e9m se manifestou neste s\u00e1bado. Ele disse que a Uni\u00e3o Europeia avalia uma resposta \u00e0s amea\u00e7as feitas por Trump e refor\u00e7ou que o bloco mant\u00e9m uma posi\u00e7\u00e3o firme na defesa do direito internacional.<br \/>\n\u201cO que podemos afirmar \u00e9 que a Uni\u00e3o Europeia ser\u00e1 sempre muito firme na defesa do direito internacional, onde quer que ele esteja, o que come\u00e7a no territ\u00f3rio dos Estados-membros da Uni\u00e3o Europeia\u201d, declarou Costa durante uma coletiva de imprensa.<br \/>\nPouco antes, Trump havia prometido impor tarifas a aliados europeus que se opusessem ao que Costa classificou como o desejo excessivo do presidente americano de anexar a Groenl\u00e2ndia. Segundo Costa, os pa\u00edses do bloco j\u00e1 trabalham em uma posi\u00e7\u00e3o conjunta sobre o tema.<br \/>\nNeste s\u00e1bado (17), Trump anunciou que aplicar\u00e1 uma tarifa de 10% sobre alguns pa\u00edses europeus a partir de 1\u00ba de fevereiro de 2026, caso sejam contr\u00e1rios ao plano dos EUA de comprar a Groenl\u00e2ndia. A al\u00edquota subiria para 25% a partir de 1\u00ba de junho de 2026.<br \/>\nSegundo o presidente americano, Dinamarca, Noruega, Su\u00e9cia, Fran\u00e7a, Alemanha, Reino Unido, Pa\u00edses Baixos e Finl\u00e2ndia estariam sujeitos \u00e0s tarifas sobre todas as mercadorias enviadas aos Estados Unidos at\u00e9 que um acordo para a compra da Groenl\u00e2ndia seja alcan\u00e7ado.<br \/>\nTrump tem defendido a anexa\u00e7\u00e3o da Groenl\u00e2ndia desde o in\u00edcio de seu segundo mandato. Ele afirma que o territ\u00f3rio \u00e9 vital para o chamado Domo de Ouro, escudo antim\u00edsseis que pretende construir.<br \/>\nEntenda por que Trump diz que a Groenl\u00e2ndia \u00e9 vital para construir Domo de Ouro<br \/>\nLocalizada entre os Estados Unidos e a R\u00fassia, a Groenl\u00e2ndia \u00e9 considerada estrat\u00e9gica para a seguran\u00e7a do \u00c1rtico. Os EUA mant\u00eam uma base militar na ilha, mas reduziram sua presen\u00e7a nos \u00faltimos anos.<br \/>\nDiante das recentes amea\u00e7as, Alemanha, Fran\u00e7a, Reino Unido, Noruega, Holanda e Su\u00e9cia enviaram tropas militares \u00e0 Groenl\u00e2ndia na \u00faltima quinta-feira (15). Segundo o governo alem\u00e3o, a miss\u00e3o foi solicitada pela Dinamarca, que det\u00e9m a cust\u00f3dia do territ\u00f3rio, para refor\u00e7ar a seguran\u00e7a na regi\u00e3o.<br \/>\nEm resposta, a porta-voz do governo dos EUA, Karoline Leavitt, afirmou que o envio das tropas europeias n\u00e3o altera a posi\u00e7\u00e3o de Trump. \u201cN\u00e3o acho que tropas europeias influenciem o processo de decis\u00e3o do presidente, nem o objetivo de adquirir a Groenl\u00e2ndia\u201d, disse.<br \/>\nNo in\u00edcio da semana, Trump voltou a ironizar as capacidades defensivas da ilha e afirmou que os Estados Unidos obter\u00e3o a Groenl\u00e2ndia \u201cde um jeito ou de outro\u201d. Ele disse ainda que o territ\u00f3rio deveria fazer um acordo com Washington para evitar a influ\u00eancia da R\u00fassia ou da China.<br \/>\nTrump anuncia tarifa de 10% contra Dinamarca e outros pa\u00edses contr\u00e1rios a plano dos EUA de comprar Groenl\u00e2ndia<\/div>\n","protected":false},"excerpt":{"rendered":"<p>Macron segura no bra\u00e7o de Trump antes de corrigi-lo, na Casa Branca, em 24 de fevereiro de 2025 REUTERS\/Brian Snyder O presidente da Fran\u00e7a, Emmanuel Macron, afirmou neste s\u00e1bado (17) que a amea\u00e7a de tarifas impostas pelos Estados Unidos \u00e0 Groenl\u00e2ndia \u00e9 inaceit\u00e1vel. A declara\u00e7\u00e3o foi feita ap\u00f3s manifesta\u00e7\u00f5es do presidente americano, Donald Trump, sobre [&hellip;]<\/p>\n","protected":false},"author":261,"featured_media":64187,"comment_status":"closed","ping_status":"closed","sticky":false,"template":"","format":"standard","meta":{"_themeisle_gutenberg_block_has_review":false,"_jetpack_memberships_contains_paid_content":false,"footnotes":""},"categories":[5],"tags":[155],"class_list":{"0":"post-64186","1":"post","2":"type-post","3":"status-publish","4":"format-standard","5":"has-post-thumbnail","7":"category-internacionais","8":"tag-mundo"},"jetpack_featured_media_url":"https:\/\/crajubaremacao.com.br\/wp-content\/uploads\/2026\/01\/2025-02-24t235604z-1096882152-rc261dass9ek-rtrmadp-3-usa-france-scaled.jpg","jetpack_sharing_enabled":true,"_links":{"self":[{"href":"https:\/\/crajubaremacao.com.br\/index.php?rest_route=\/wp\/v2\/posts\/64186","targetHints":{"allow":["GET"]}}],"collection":[{"href":"https:\/\/crajubaremacao.com.br\/index.php?rest_route=\/wp\/v2\/posts"}],"about":[{"href":"https:\/\/crajubaremacao.com.br\/index.php?rest_route=\/wp\/v2\/types\/post"}],"author":[{"embeddable":true,"href":"https:\/\/crajubaremacao.com.br\/index.php?rest_route=\/wp\/v2\/users\/261"}],"replies":[{"embeddable":true,"href":"https:\/\/crajubaremacao.com.br\/index.php?rest_route=%2Fwp%2Fv2%2Fcomments&post=64186"}],"version-history":[{"count":0,"href":"https:\/\/crajubaremacao.com.br\/index.php?rest_route=\/wp\/v2\/posts\/64186\/revisions"}],"wp:featuredmedia":[{"embeddable":true,"href":"https:\/\/crajubaremacao.com.br\/index.php?rest_route=\/wp\/v2\/media\/64187"}],"wp:attachment":[{"href":"https:\/\/crajubaremacao.com.br\/index.php?rest_route=%2Fwp%2Fv2%2Fmedia&parent=64186"}],"wp:term":[{"taxonomy":"category","embeddable":true,"href":"https:\/\/crajubaremacao.com.br\/index.php?rest_route=%2Fwp%2Fv2%2Fcategories&post=64186"},{"taxonomy":"post_tag","embeddable":true,"href":"https:\/\/crajubaremacao.com.br\/index.php?rest_route=%2Fwp%2Fv2%2Ftags&post=64186"}],"curies":[{"name":"wp","href":"https:\/\/api.w.org\/{rel}","templated":true}]}}