{"id":64440,"date":"2026-01-23T00:02:24","date_gmt":"2026-01-23T03:02:24","guid":{"rendered":"https:\/\/crajubaremacao.com.br\/?p=64440"},"modified":"2026-01-23T00:02:24","modified_gmt":"2026-01-23T03:02:24","slug":"santa-catarina-proibe-cotas-para-alunos-negros-e-trans-em-universidades-estaduais","status":"publish","type":"post","link":"https:\/\/crajubaremacao.com.br\/?p=64440","title":{"rendered":"Santa Catarina pro\u00edbe cotas para alunos negros e trans em universidades estaduais"},"content":{"rendered":"<div>\n<div style=\"margin-bottom: 15px;\"><img decoding=\"async\" class=\"type:primaryImage\" src=\"https:\/\/crajubaremacao.com.br\/wp-content\/uploads\/2026\/01\/54285208140_868c66886d_k-750x500-1.jpg\"><\/div>\n<p><?xml encoding=\"UTF-8\"><\/p>\n<p>O governador de Santa Catarina Jorginho Mello (PL) sancionou nesta quinta-feira, 22, uma lei que pro\u00edbe a ado\u00e7\u00e3o de cotas raciais e voltadas a outras minorias em universidades p\u00fablicas ou \u201cque recebam verbas p\u00fablicas\u201d no Estado. Ou seja, a restri\u00e7\u00e3o vale tamb\u00e9m para institui\u00e7\u00f5es que sejam benefici\u00e1rias de bolsas bancadas pelo governo catarinense.<\/p>\n<p>A medida \u00e9 v\u00e1lida para o ingresso de estudantes, contrata\u00e7\u00e3o de professores, t\u00e9cnicos e outros profissionais, restringindo a implementa\u00e7\u00e3o de reserva de vagas, qualquer forma de cota ou a\u00e7\u00e3o afirmativa, como vagas suplementares.<\/p>\n<p>A legisla\u00e7\u00e3o mant\u00e9m, por\u00e9m, a reserva de vagas a pessoas com defici\u00eancia, baseada em \u201ccrit\u00e9rios exclusivamente econ\u00f4micos\u201d e para estudantes que cursaram o ensino m\u00e9dio em escola p\u00fablica.<\/p>\n<p>A nova norma n\u00e3o pro\u00edbe expressamente a reserva de vagas usando o par\u00e2metro de ra\u00e7a ou de outras minorias (como transexuais), mas exclui esses grupos ao restringir as possibilidade de crit\u00e9rios para adotar cotas.<\/p>\n<p>A medida n\u00e3o afeta institui\u00e7\u00f5es federais, como a Universidade Federal de Santa Catarina (UFSC) ou institutos federais.<\/p>\n<p>Atinge a Universidade do Estado de Santa Catarina (Udesc), institui\u00e7\u00f5es que integram o sistema da Associa\u00e7\u00e3o Catarinense das Funda\u00e7\u00f5es Educacionais (Acafe) e faculdades privadas que recebem bolsas do programa Universidade Gratuita e do Fundo de Apoio \u00e0 Educa\u00e7\u00e3o Superior (Fumdesc).<\/p>\n<p>Institui\u00e7\u00f5es que descumprirem a medida ficam sujeitas \u00e0s seguintes puni\u00e7\u00f5es:<\/p>\n<ul>\n<li>multa administrativa de R$100 mil;<\/li>\n<li>corte dos repasses de verbas p\u00fablicas;<\/li>\n<li>processo administrativo disciplinar aos \u201cagentes p\u00fablicos respons\u00e1veis pela confec\u00e7\u00e3o e publica\u00e7\u00e3o das normas do certame\u201d<\/li>\n<\/ul>\n<p>A Udesc, principal afetada, lamentou e expressou discord\u00e2ncia \u00e0 lei. Para a institui\u00e7\u00e3o, a proibi\u00e7\u00e3o das cotas \u201ccontraria o interesse p\u00fablico, caracterizando um retrocesso inconstitucional e um dano irrepar\u00e1vel ao progresso social e cient\u00edfico de Santa Catarina\u201d, em nota publicada nesta quinta-feira, 22.<\/p>\n<p>Dias antes da san\u00e7\u00e3o da lei, na ter\u00e7a-feira, 20, a Universidade Federal de Santa Catarina (UFSC) tamb\u00e9m se manifestou, afirmando estar sendo alvo de ataques e de desinforma\u00e7\u00e3o relacionados \u00e0s pol\u00edticas de a\u00e7\u00f5es afirmativas, principalmente \u00e0s vagas suplementares voltadas a pessoas trans na gradua\u00e7\u00e3o, em vigor desde 2023.<\/p>\n<p>A UFSC esclareceu que \u201cas vagas suplementares n\u00e3o reduzem nem comprometem o quantitativo original dos cursos de gradua\u00e7\u00e3o, tratando-se de vagas adicionais, criadas para ampliar o acesso de grupos historicamente subrepresentados ao ensino superior\u201d.<\/p>\n<\/div>\n","protected":false},"excerpt":{"rendered":"<p>O governador de Santa Catarina Jorginho Mello (PL) sancionou nesta quinta-feira, 22, uma lei que pro\u00edbe a ado\u00e7\u00e3o de cotas raciais e voltadas a outras minorias em universidades p\u00fablicas ou \u201cque recebam verbas p\u00fablicas\u201d no Estado. Ou seja, a restri\u00e7\u00e3o vale tamb\u00e9m para institui\u00e7\u00f5es que sejam benefici\u00e1rias de bolsas bancadas pelo governo catarinense. A medida [&hellip;]<\/p>\n","protected":false},"author":117,"featured_media":64441,"comment_status":"closed","ping_status":"closed","sticky":false,"template":"","format":"standard","meta":{"_themeisle_gutenberg_block_has_review":false,"_jetpack_memberships_contains_paid_content":false,"footnotes":""},"categories":[2],"tags":[150],"class_list":{"0":"post-64440","1":"post","2":"type-post","3":"status-publish","4":"format-standard","5":"has-post-thumbnail","7":"category-brasil","8":"tag-brasil"},"jetpack_featured_media_url":"https:\/\/crajubaremacao.com.br\/wp-content\/uploads\/2026\/01\/54285208140_868c66886d_k-750x500-1.jpg","jetpack_sharing_enabled":true,"_links":{"self":[{"href":"https:\/\/crajubaremacao.com.br\/index.php?rest_route=\/wp\/v2\/posts\/64440","targetHints":{"allow":["GET"]}}],"collection":[{"href":"https:\/\/crajubaremacao.com.br\/index.php?rest_route=\/wp\/v2\/posts"}],"about":[{"href":"https:\/\/crajubaremacao.com.br\/index.php?rest_route=\/wp\/v2\/types\/post"}],"author":[{"embeddable":true,"href":"https:\/\/crajubaremacao.com.br\/index.php?rest_route=\/wp\/v2\/users\/117"}],"replies":[{"embeddable":true,"href":"https:\/\/crajubaremacao.com.br\/index.php?rest_route=%2Fwp%2Fv2%2Fcomments&post=64440"}],"version-history":[{"count":0,"href":"https:\/\/crajubaremacao.com.br\/index.php?rest_route=\/wp\/v2\/posts\/64440\/revisions"}],"wp:featuredmedia":[{"embeddable":true,"href":"https:\/\/crajubaremacao.com.br\/index.php?rest_route=\/wp\/v2\/media\/64441"}],"wp:attachment":[{"href":"https:\/\/crajubaremacao.com.br\/index.php?rest_route=%2Fwp%2Fv2%2Fmedia&parent=64440"}],"wp:term":[{"taxonomy":"category","embeddable":true,"href":"https:\/\/crajubaremacao.com.br\/index.php?rest_route=%2Fwp%2Fv2%2Fcategories&post=64440"},{"taxonomy":"post_tag","embeddable":true,"href":"https:\/\/crajubaremacao.com.br\/index.php?rest_route=%2Fwp%2Fv2%2Ftags&post=64440"}],"curies":[{"name":"wp","href":"https:\/\/api.w.org\/{rel}","templated":true}]}}