{"id":64447,"date":"2026-01-23T03:03:14","date_gmt":"2026-01-23T06:03:14","guid":{"rendered":"https:\/\/crajubaremacao.com.br\/?p=64447"},"modified":"2026-01-23T03:03:14","modified_gmt":"2026-01-23T06:03:14","slug":"video-forte-ventania-derruba-portoes-arranca-telhas-e-danifica-cerca-eletrica-de-casas-no-ceara","status":"publish","type":"post","link":"https:\/\/crajubaremacao.com.br\/?p=64447","title":{"rendered":"V\u00eddeo: Forte ventania derruba port\u00f5es, arranca telhas e danifica cerca el\u00e9trica de casas no Cear\u00e1"},"content":{"rendered":"<div><img decoding=\"async\" src=\"https:\/\/s2-g1.glbimg.com\/Bu4GaFWvemmFq0bKdSRiDC_M_aY=\/i.s3.glbimg.com\/v1\/AUTH_59edd422c0c84a879bd37670ae4f538a\/internal_photos\/bs\/2026\/A\/c\/Qyi6olRV6dxR3qc7q98A\/vento-sobral.jpg\"><br \/>     Moradores filmam danos causados por forte ventania que atingiu casas em Sobral, no Cear\u00e1.<br \/>\nUma forte ventania causou preju\u00edzos, nesta quinta-feira (22), em casas do bairro Ant\u00f4nio Carlos Belchior, conhecido como &#8220;Boa Vizinhan\u00e7a I&#8221;, em Sobral, na regi\u00e3o norte do Cear\u00e1.<br \/>\nO g1 recebeu v\u00eddeos que mostram o impacto nas casas do bairro. O vento forte derrubou port\u00f5es, arrancou telhas e danificou uma cerca el\u00e9trica nos im\u00f3veis da regi\u00e3o.<br \/>\n&#x2705; Clique aqui para seguir o canal do g1 Cear\u00e1 no WhatsApp<br \/>\nMoradores de uma das casas disseram que estavam no im\u00f3vel quando ouviram um barulho forte e foram checar o que tinha acontecido. Na casa, telhas foram derrubadas e um port\u00e3o caiu por cima de um carro que estava estacionado dentro da resid\u00eancia.<br \/>\nLEIA TAMB\u00c9M:<br \/>\nCear\u00e1 tem 40% de chance de chuvas dentro da m\u00e9dia no 1\u00b0 trimestre, aponta Funceme<br \/>\nV\u00eddeo: homens tentam resgatar barco que afundou no litoral de Fortaleza<br \/>\nOs moradores relataram que, ao sair na rua, foram informados por vizinhos que o vento tamb\u00e9m tinha danificado outras casas. Apesar do susto, n\u00e3o h\u00e1 registro de pessoas feridas.<br \/>\nForte ventania derruba port\u00f5es, arranca telhas e danifica cerca el\u00e9trica de casas em Sobral, no Cear\u00e1.<br \/>\nReprodu\u00e7\u00e3o<br \/>\nAssista aos v\u00eddeos mais vistos do Cear\u00e1<\/div>\n","protected":false},"excerpt":{"rendered":"<p>Moradores filmam danos causados por forte ventania que atingiu casas em Sobral, no Cear\u00e1. Uma forte ventania causou preju\u00edzos, nesta quinta-feira (22), em casas do bairro Ant\u00f4nio Carlos Belchior, conhecido como &#8220;Boa Vizinhan\u00e7a I&#8221;, em Sobral, na regi\u00e3o norte do Cear\u00e1. O g1 recebeu v\u00eddeos que mostram o impacto nas casas do bairro. O vento [&hellip;]<\/p>\n","protected":false},"author":264,"featured_media":64448,"comment_status":"closed","ping_status":"closed","sticky":false,"template":"","format":"standard","meta":{"_themeisle_gutenberg_block_has_review":false,"_jetpack_memberships_contains_paid_content":false,"footnotes":""},"categories":[4],"tags":[127,130],"class_list":{"0":"post-64447","1":"post","2":"type-post","3":"status-publish","4":"format-standard","5":"has-post-thumbnail","7":"category-regiao","8":"tag-cariri","9":"tag-ceara"},"jetpack_featured_media_url":"https:\/\/crajubaremacao.com.br\/wp-content\/uploads\/2026\/01\/vento-sobral.jpg","jetpack_sharing_enabled":true,"_links":{"self":[{"href":"https:\/\/crajubaremacao.com.br\/index.php?rest_route=\/wp\/v2\/posts\/64447","targetHints":{"allow":["GET"]}}],"collection":[{"href":"https:\/\/crajubaremacao.com.br\/index.php?rest_route=\/wp\/v2\/posts"}],"about":[{"href":"https:\/\/crajubaremacao.com.br\/index.php?rest_route=\/wp\/v2\/types\/post"}],"author":[{"embeddable":true,"href":"https:\/\/crajubaremacao.com.br\/index.php?rest_route=\/wp\/v2\/users\/264"}],"replies":[{"embeddable":true,"href":"https:\/\/crajubaremacao.com.br\/index.php?rest_route=%2Fwp%2Fv2%2Fcomments&post=64447"}],"version-history":[{"count":0,"href":"https:\/\/crajubaremacao.com.br\/index.php?rest_route=\/wp\/v2\/posts\/64447\/revisions"}],"wp:featuredmedia":[{"embeddable":true,"href":"https:\/\/crajubaremacao.com.br\/index.php?rest_route=\/wp\/v2\/media\/64448"}],"wp:attachment":[{"href":"https:\/\/crajubaremacao.com.br\/index.php?rest_route=%2Fwp%2Fv2%2Fmedia&parent=64447"}],"wp:term":[{"taxonomy":"category","embeddable":true,"href":"https:\/\/crajubaremacao.com.br\/index.php?rest_route=%2Fwp%2Fv2%2Fcategories&post=64447"},{"taxonomy":"post_tag","embeddable":true,"href":"https:\/\/crajubaremacao.com.br\/index.php?rest_route=%2Fwp%2Fv2%2Ftags&post=64447"}],"curies":[{"name":"wp","href":"https:\/\/api.w.org\/{rel}","templated":true}]}}