{"id":64451,"date":"2026-01-23T05:00:40","date_gmt":"2026-01-23T08:00:40","guid":{"rendered":"https:\/\/crajubaremacao.com.br\/?p=64451"},"modified":"2026-01-23T05:00:40","modified_gmt":"2026-01-23T08:00:40","slug":"governo-do-ceara-entrega-nova-perimetral-e-areninha-em-quixelo","status":"publish","type":"post","link":"https:\/\/crajubaremacao.com.br\/?p=64451","title":{"rendered":"Governo do Cear\u00e1 entrega nova Perimetral e areninha em Quixel\u00f4"},"content":{"rendered":"<div>\n<p><img fetchpriority=\"high\" fetchpriority=\"high\" decoding=\"async\" class=\"aligncenter wp-image-309206 size-full\" src=\"https:\/\/www.ceara.gov.br\/wp-content\/uploads\/2026\/01\/dji_fly_20260122_130450_571_1769100133379_photo_optimized.jpg\" alt=\"\" width=\"985\" height=\"739\" srcset=\"https:\/\/www.ceara.gov.br\/wp-content\/uploads\/2026\/01\/dji_fly_20260122_130450_571_1769100133379_photo_optimized.jpg 985w, https:\/\/www.ceara.gov.br\/wp-content\/uploads\/2026\/01\/dji_fly_20260122_130450_571_1769100133379_photo_optimized-600x450.jpg 600w, https:\/\/www.ceara.gov.br\/wp-content\/uploads\/2026\/01\/dji_fly_20260122_130450_571_1769100133379_photo_optimized-768x576.jpg 768w\" sizes=\"(max-width: 985px) 100vw, 985px\"><\/p>\n<p style=\"text-align: center\"><em>Investimento nas obras foi superior a R$ 2 milh\u00f5es<\/em><\/p>\n<p>Com nova ilumina\u00e7\u00e3o, drenagem, revestimento asf\u00e1ltico e sinaliza\u00e7\u00e3o, a Avenida Perimetral, em Quixel\u00f4, est\u00e1 aprovada pela popula\u00e7\u00e3o local, que participou do evento de entrega, nesta quinta-feira (22), na Pra\u00e7a Carlos Garcia Oliveira Guedes. A obra, fruto da parceria entre o Governo do Cear\u00e1 e a Prefeitura, contou com investimento superior a R$ 2,26 milh\u00f5es do Tesouro do Estado.<\/p>\n<p>O governador Elmano de Freitas, acompanhado do prefeito Adil J\u00fanior e de outras autoridades, participou do ato de inaugura\u00e7\u00e3o. A extens\u00e3o da interven\u00e7\u00e3o asf\u00e1ltica foi de 1,3 km. A recomposi\u00e7\u00e3o da ciclovia e a nova sinaliza\u00e7\u00e3o (vertical e horizontal) tamb\u00e9m foram realizadas.<\/p>\n<p><img loading=\"lazy\" loading=\"lazy\" decoding=\"async\" class=\"aligncenter wp-image-309207 size-full\" src=\"https:\/\/www.ceara.gov.br\/wp-content\/uploads\/2026\/01\/MG_5717.jpg\" alt=\"\" width=\"1109\" height=\"739\" srcset=\"https:\/\/www.ceara.gov.br\/wp-content\/uploads\/2026\/01\/MG_5717.jpg 1109w, https:\/\/www.ceara.gov.br\/wp-content\/uploads\/2026\/01\/MG_5717-600x400.jpg 600w, https:\/\/www.ceara.gov.br\/wp-content\/uploads\/2026\/01\/MG_5717-768x512.jpg 768w\" sizes=\"auto, (max-width: 1109px) 100vw, 1109px\"><\/p>\n<p>\u201cEssa \u00e9 uma obra importante, feita com muita rapidez e que melhorou a situa\u00e7\u00e3o da cidade. Quero parabenizar e agradecer, pois essa parceria [entre Estado e Prefeitura] \u00e9 muito importante. O Estado garantiu os recursos, e o Munic\u00edpio teve efici\u00eancia na aplica\u00e7\u00e3o para entregar o benef\u00edcio \u00e0 popula\u00e7\u00e3o de Quixel\u00f4\u201d, afirmou o governador Elmano de Freitas.<\/p>\n<p>Adail J\u00fanior, prefeito de Quixel\u00f4, tamb\u00e9m falou da parceria, que possibilitou a realiza\u00e7\u00e3o de entregas \u00e0 popula\u00e7\u00e3o. \u201cEsse \u00e9 um momento de mostrar \u00e0 popula\u00e7\u00e3o de Quixel\u00f4 todo o trabalho que vem sendo feito. Tamb\u00e9m \u00e9 um momento de agradecer ao governador Elmano por firmar tantas parcerias com o nosso munic\u00edpio. S\u00e3o mais de R$ 35 milh\u00f5es investidos, em parceria com o Governo do Estado do Cear\u00e1\u201d, frisou.<\/p>\n<p><img loading=\"lazy\" loading=\"lazy\" decoding=\"async\" class=\"aligncenter wp-image-309209 size-full\" src=\"https:\/\/www.ceara.gov.br\/wp-content\/uploads\/2026\/01\/MG_5917.jpg\" alt=\"\" width=\"1109\" height=\"739\" srcset=\"https:\/\/www.ceara.gov.br\/wp-content\/uploads\/2026\/01\/MG_5917.jpg 1109w, https:\/\/www.ceara.gov.br\/wp-content\/uploads\/2026\/01\/MG_5917-600x400.jpg 600w, https:\/\/www.ceara.gov.br\/wp-content\/uploads\/2026\/01\/MG_5917-768x512.jpg 768w\" sizes=\"auto, (max-width: 1109px) 100vw, 1109px\"><\/p>\n<h3>Melhora no tr\u00e2nsito e no com\u00e9rcio local<\/h3>\n<p>Para Pedro Ven\u00e2ncio, a recupera\u00e7\u00e3o funcional da Perimetral de Quixel\u00f4 \u201cfoi a melhor coisa que fizeram\u201d. \u201cN\u00e3o tinha ilumina\u00e7\u00e3o, foi colocada agora, a passarela foi feita. O tr\u00e2nsito ficou melhor, at\u00e9 para as pessoas passearem tamb\u00e9m\u201d, avaliou.<\/p>\n<p><img loading=\"lazy\" loading=\"lazy\" decoding=\"async\" class=\"aligncenter wp-image-309210 size-full\" src=\"https:\/\/www.ceara.gov.br\/wp-content\/uploads\/2026\/01\/MG_4648.jpeg\" alt=\"\" width=\"1109\" height=\"739\" srcset=\"https:\/\/www.ceara.gov.br\/wp-content\/uploads\/2026\/01\/MG_4648.jpeg 1109w, https:\/\/www.ceara.gov.br\/wp-content\/uploads\/2026\/01\/MG_4648-600x400.jpeg 600w, https:\/\/www.ceara.gov.br\/wp-content\/uploads\/2026\/01\/MG_4648-768x512.jpeg 768w\" sizes=\"auto, (max-width: 1109px) 100vw, 1109px\"><\/p>\n<p>H\u00e1 oito anos, Maria Alves mant\u00e9m um com\u00e9rcio em frente \u00e0 avenida. \u201cEm vista do que era, est\u00e1 muito legal. Antes, era muito escuro, n\u00e3o tinha esse corredor no meio, e as pessoas faziam suas caminhadas na beira da pista. Agora, de manh\u00e3, de madrugada e \u00e0 noite, todo mundo corre e faz suas atividades, com tudo iluminado. Ficou bacana mesmo\u201d, contou, acrescentando que as melhorias beneficiaram o seu com\u00e9rcio.<\/p>\n<p><img loading=\"lazy\" loading=\"lazy\" decoding=\"async\" class=\"aligncenter wp-image-309211 size-full\" src=\"https:\/\/www.ceara.gov.br\/wp-content\/uploads\/2026\/01\/MG_4704.jpg\" alt=\"\" width=\"1109\" height=\"739\" srcset=\"https:\/\/www.ceara.gov.br\/wp-content\/uploads\/2026\/01\/MG_4704.jpg 1109w, https:\/\/www.ceara.gov.br\/wp-content\/uploads\/2026\/01\/MG_4704-600x400.jpg 600w, https:\/\/www.ceara.gov.br\/wp-content\/uploads\/2026\/01\/MG_4704-768x512.jpg 768w\" sizes=\"auto, (max-width: 1109px) 100vw, 1109px\"><\/p>\n<p>J\u00e1 Luiz Alves e sua esposa, Lucineide Maria, tamb\u00e9m aprovaram a nova Perimetral. \u201cEsse servi\u00e7o foi \u00f3timo. Agora tem muita gente \u00e0 noite. O movimento aumentou bastante, e isso contribui para o com\u00e9rcio, que s\u00f3 funciona se tiver gente\u201d, disse Luiz Alves.<\/p>\n<p><img loading=\"lazy\" loading=\"lazy\" decoding=\"async\" class=\"aligncenter wp-image-309216 size-full\" src=\"https:\/\/www.ceara.gov.br\/wp-content\/uploads\/2026\/01\/MG_4715.jpg\" alt=\"\" width=\"1109\" height=\"739\" srcset=\"https:\/\/www.ceara.gov.br\/wp-content\/uploads\/2026\/01\/MG_4715.jpg 1109w, https:\/\/www.ceara.gov.br\/wp-content\/uploads\/2026\/01\/MG_4715-600x400.jpg 600w, https:\/\/www.ceara.gov.br\/wp-content\/uploads\/2026\/01\/MG_4715-768x512.jpg 768w\" sizes=\"auto, (max-width: 1109px) 100vw, 1109px\"><\/p>\n<h3>Inaugura\u00e7\u00e3o da Areninha<\/h3>\n<p>Aproveitando a oportunidade, o Governo do Cear\u00e1 realizou uma segunda entrega aos quixeloenses. No distrito de Vila Antonico, foi inaugurada a areninha 135\u00aa da gest\u00e3o atual. O equipamento, fruto de uma pol\u00edtica permanente da Secretaria do Esporte (Sesporte), conta com campo society de grama sint\u00e9tica, vesti\u00e1rios com banheiros, acessos pavimentados e torres de ilumina\u00e7\u00e3o, al\u00e9m de alambrados e redes. O investimento foi de R$ 320 mil.<\/p>\n<p><img loading=\"lazy\" loading=\"lazy\" decoding=\"async\" class=\"aligncenter wp-image-309212 size-full\" src=\"https:\/\/www.ceara.gov.br\/wp-content\/uploads\/2026\/01\/MG_5359.jpg\" alt=\"\" width=\"1109\" height=\"739\" srcset=\"https:\/\/www.ceara.gov.br\/wp-content\/uploads\/2026\/01\/MG_5359.jpg 1109w, https:\/\/www.ceara.gov.br\/wp-content\/uploads\/2026\/01\/MG_5359-600x400.jpg 600w, https:\/\/www.ceara.gov.br\/wp-content\/uploads\/2026\/01\/MG_5359-768x512.jpg 768w\" sizes=\"auto, (max-width: 1109px) 100vw, 1109px\"><\/p>\n<p>O secret\u00e1rio do Esporte, Rog\u00e9rio Pinheiro, falou sobre o papel social do equipamento. \u201cAqui, estamos entregando uma areninha, o que representa um investimento na nossa juventude, nas nossas crian\u00e7as e tamb\u00e9m nos idosos, pois esse equipamento esportivo, al\u00e9m de tudo, \u00e9 um espa\u00e7o de conviv\u00eancia social, onde a fam\u00edlia se encontra\u201d, destacou.<\/p>\n<p><img loading=\"lazy\" loading=\"lazy\" decoding=\"async\" class=\"aligncenter wp-image-309213 size-full\" src=\"https:\/\/www.ceara.gov.br\/wp-content\/uploads\/2026\/01\/MG_5724.jpg\" alt=\"\" width=\"1109\" height=\"739\" srcset=\"https:\/\/www.ceara.gov.br\/wp-content\/uploads\/2026\/01\/MG_5724.jpg 1109w, https:\/\/www.ceara.gov.br\/wp-content\/uploads\/2026\/01\/MG_5724-600x400.jpg 600w, https:\/\/www.ceara.gov.br\/wp-content\/uploads\/2026\/01\/MG_5724-768x512.jpg 768w\" sizes=\"auto, (max-width: 1109px) 100vw, 1109px\"><\/p>\n<p>A areninha, de acordo com o prefeito Adil J\u00fanior, era um sonho da popula\u00e7\u00e3o. \u201cAqui, n\u00f3s temos uma obra que, sem d\u00favida, era um sonho da popula\u00e7\u00e3o. Assim como essa, estamos fazendo mais seis, com recursos federais, conquistados junto ao presidente Lula, al\u00e9m de tantas outras obras\u201d, finalizou o gestor.<\/p>\n<h3>Vistoria de obra<\/h3>\n<p>Ainda durante agenda no munic\u00edpio de Quixel\u00f4, o governador Elmano de Freitas, acompanhado do prefeito Adil J\u00fanior, da secret\u00e1ria estadual da Educa\u00e7\u00e3o, Eliana Estrela e de outras autoridades, vistoriou as obras da Escola de Ensino M\u00e9dio de Tempo Integral (EEMTI) Luiz Gonzaga da Fonseca.<\/p>\n<p><img loading=\"lazy\" loading=\"lazy\" decoding=\"async\" class=\"aligncenter wp-image-309214 size-full\" src=\"https:\/\/www.ceara.gov.br\/wp-content\/uploads\/2026\/01\/MG_5449.jpg\" alt=\"\" width=\"1109\" height=\"739\" srcset=\"https:\/\/www.ceara.gov.br\/wp-content\/uploads\/2026\/01\/MG_5449.jpg 1109w, https:\/\/www.ceara.gov.br\/wp-content\/uploads\/2026\/01\/MG_5449-600x400.jpg 600w, https:\/\/www.ceara.gov.br\/wp-content\/uploads\/2026\/01\/MG_5449-768x512.jpg 768w\" sizes=\"auto, (max-width: 1109px) 100vw, 1109px\"><\/p>\n<p>Com investimento de R$ 8,5 milh\u00f5es, o equipamento contar\u00e1 com bloco administrativo, com secretaria, diretoria, coordena\u00e7\u00f5es, biblioteca, sala dos professores, gr\u00eamio, almoxarifado e banheiros para funcion\u00e1rios; bloco de laborat\u00f3rios, nas \u00e1reas de Qu\u00edmica, F\u00edsica, Biologia, Matem\u00e1tica e Inform\u00e1tica; e bloco de salas de aula, com 12 ambientes climatizados.<\/p>\n<p>O EEMTI ter\u00e1, ainda, \u00e1reas de apoio e bloco de vesti\u00e1rios, com unidades masculina, feminina e acess\u00edvel, al\u00e9m de hall de entrada, quadra poliesportiva coberta, estacionamento e \u00e1reas de circula\u00e7\u00e3o com acessibilidade.<\/p>\n<p>Na ocasi\u00e3o, o governador Elmano de Freitas agradeceu aos trabalhadores da obra pela constru\u00e7\u00e3o de uma nova escola voltada para a juventude de Quixel\u00f4. \u201cEstou aqui, acompanhado dos oper\u00e1rios que est\u00e3o botando a m\u00e3o na massa e construindo essa escola para a nossa juventude, que vai receber tablets, fardamento e t\u00eanis para chegar \u00e0s aulas com conforto, e a gente ter uma escola cada vez mais de qualidade. Por isso, muito obrigado pelo trabalho\u201d, finalizou o gestor estadual.<\/p>\n<p><img loading=\"lazy\" loading=\"lazy\" decoding=\"async\" class=\"aligncenter wp-image-309215 size-full\" src=\"https:\/\/www.ceara.gov.br\/wp-content\/uploads\/2026\/01\/MG_5548.jpg\" alt=\"\" width=\"1109\" height=\"739\" srcset=\"https:\/\/www.ceara.gov.br\/wp-content\/uploads\/2026\/01\/MG_5548.jpg 1109w, https:\/\/www.ceara.gov.br\/wp-content\/uploads\/2026\/01\/MG_5548-600x400.jpg 600w, https:\/\/www.ceara.gov.br\/wp-content\/uploads\/2026\/01\/MG_5548-768x512.jpg 768w\" sizes=\"auto, (max-width: 1109px) 100vw, 1109px\"><\/p>\n<p>O post <a href=\"https:\/\/www.ceara.gov.br\/2026\/01\/22\/governo-do-ceara-entrega-nova-perimetral-e-areninha-em-quixelo\/\">Governo do Cear\u00e1 entrega nova Perimetral e areninha em Quixel\u00f4<\/a> apareceu primeiro em <a href=\"https:\/\/www.ceara.gov.br\/\">Governo do Estado do Cear\u00e1<\/a>.<\/p>\n<\/div>\n","protected":false},"excerpt":{"rendered":"<p>Investimento nas obras foi superior a R$ 2 milh\u00f5es Com nova ilumina\u00e7\u00e3o, drenagem, revestimento asf\u00e1ltico e sinaliza\u00e7\u00e3o, a Avenida Perimetral, em Quixel\u00f4, est\u00e1 aprovada pela popula\u00e7\u00e3o local, que participou do evento de entrega, nesta quinta-feira (22), na Pra\u00e7a Carlos Garcia Oliveira Guedes. A obra, fruto da parceria entre o Governo do Cear\u00e1 e a Prefeitura, [&hellip;]<\/p>\n","protected":false},"author":265,"featured_media":64452,"comment_status":"closed","ping_status":"closed","sticky":false,"template":"","format":"standard","meta":{"_themeisle_gutenberg_block_has_review":false,"_jetpack_memberships_contains_paid_content":false,"footnotes":""},"categories":[4],"tags":[127,130],"class_list":{"0":"post-64451","1":"post","2":"type-post","3":"status-publish","4":"format-standard","5":"has-post-thumbnail","7":"category-regiao","8":"tag-cariri","9":"tag-ceara"},"jetpack_featured_media_url":"https:\/\/crajubaremacao.com.br\/wp-content\/uploads\/2026\/01\/dji_fly_20260122_130450_571_1769100133379_photo_optimized.jpg","jetpack_sharing_enabled":true,"_links":{"self":[{"href":"https:\/\/crajubaremacao.com.br\/index.php?rest_route=\/wp\/v2\/posts\/64451","targetHints":{"allow":["GET"]}}],"collection":[{"href":"https:\/\/crajubaremacao.com.br\/index.php?rest_route=\/wp\/v2\/posts"}],"about":[{"href":"https:\/\/crajubaremacao.com.br\/index.php?rest_route=\/wp\/v2\/types\/post"}],"author":[{"embeddable":true,"href":"https:\/\/crajubaremacao.com.br\/index.php?rest_route=\/wp\/v2\/users\/265"}],"replies":[{"embeddable":true,"href":"https:\/\/crajubaremacao.com.br\/index.php?rest_route=%2Fwp%2Fv2%2Fcomments&post=64451"}],"version-history":[{"count":0,"href":"https:\/\/crajubaremacao.com.br\/index.php?rest_route=\/wp\/v2\/posts\/64451\/revisions"}],"wp:featuredmedia":[{"embeddable":true,"href":"https:\/\/crajubaremacao.com.br\/index.php?rest_route=\/wp\/v2\/media\/64452"}],"wp:attachment":[{"href":"https:\/\/crajubaremacao.com.br\/index.php?rest_route=%2Fwp%2Fv2%2Fmedia&parent=64451"}],"wp:term":[{"taxonomy":"category","embeddable":true,"href":"https:\/\/crajubaremacao.com.br\/index.php?rest_route=%2Fwp%2Fv2%2Fcategories&post=64451"},{"taxonomy":"post_tag","embeddable":true,"href":"https:\/\/crajubaremacao.com.br\/index.php?rest_route=%2Fwp%2Fv2%2Ftags&post=64451"}],"curies":[{"name":"wp","href":"https:\/\/api.w.org\/{rel}","templated":true}]}}