{"id":64556,"date":"2026-01-26T00:03:23","date_gmt":"2026-01-26T03:03:23","guid":{"rendered":"https:\/\/crajubaremacao.com.br\/?p=64556"},"modified":"2026-01-26T00:03:23","modified_gmt":"2026-01-26T03:03:23","slug":"suspeito-de-assaltar-maria-prata-foi-preso-ao-buscar-encomenda-veja-momento","status":"publish","type":"post","link":"https:\/\/crajubaremacao.com.br\/?p=64556","title":{"rendered":"Suspeito de assaltar Maria Prata foi preso ao buscar encomenda; veja momento"},"content":{"rendered":"<div>\n<div style=\"margin-bottom: 15px;\"><img decoding=\"async\" class=\"type:primaryImage\" src=\"https:\/\/crajubaremacao.com.br\/wp-content\/uploads\/2026\/01\/captura-de-tela-2026-01-25-13162-289x500-1.png\"><\/div>\n<p><?xml encoding=\"UTF-8\"><\/p>\n<p>Pablo Yuri Monteiro Rubiar, suspeito de envolvimento no<a href=\"https:\/\/jovempan.com.br\/entretenimento\/famosos\/maria-prata-mulher-de-pedro-bial-e-assaltada-em-sp.html\"> assalto a jornalista Maria Prata<\/a>, foi <a href=\"https:\/\/jovempan.com.br\/noticias\/brasil\/policia-prende-um-dos-suspeitos-de-assaltar-maria-prata-esposa-de-pedro-bial.html\">preso ontem<\/a> quando <strong>saiu de casa para buscar uma encomenda<\/strong> no bairro da Lapa, em S\u00e3o Paulo.<\/p>\n<p>Policiais faziam <strong>campana na casa da mulher dele<\/strong>, onde a moto utilizada no crime estava estacionada. Ele foi abordado pelos agentes no momento em que saiu de uma viela para buscar a encomenda, segundo ocorr\u00eancia obtida pela <strong>Jovem Pan<\/strong>.<\/p>\n<div style=\"position: relative; padding-bottom: 176.67%;\"><iframe loading=\"lazy\" style=\"width: 100%; height: 100%; position: absolute; left: 0px; top: 0px; overflow: hidden;\" title=\"Dailymotion video player \u2013 Suspeito de assaltar Maria Prata \u00e9 preso ao buscar encomenda\" src=\"https:\/\/geo.dailymotion.com\/player\/xjrvo.html?video=x9yi2fs\" width=\"100%\" height=\"100%\" frameborder=\"0\" allowfullscreen=\"allowfullscreen\"><\/iframe><\/div>\n<p>\u00a0<\/p>\n<p>A\u00e7\u00e3o foi realizada pela 3\u00aa Delegacia Seccional, em conjunto com a 3\u00aa Central Especializada de Repress\u00e3o a Crimes e Ocorr\u00eancias Diversas (Cerco).<\/p>\n<p>Na casa, os policiais encontraram o capacete usado no crime, a jaqueta, tr\u00eas rel\u00f3gios com Rolex e R$ 3,2 mil.<\/p>\n<div id=\"attachment_2098937\" style=\"width: 385px\" class=\"wp-caption alignnone\"><img loading=\"lazy\" loading=\"lazy\" decoding=\"async\" aria-describedby=\"caption-attachment-2098937\" class=\"size-medium wp-image-2098937\" src=\"https:\/\/crajubaremacao.com.br\/wp-content\/uploads\/2026\/01\/whatsapp-image-2026-01-25-at-123921-375x500-1.jpeg\" alt=\"Materiais apreendidos na casa do suspeito\" width=\"375\" height=\"500\" srcset=\"\/\/jpimg.com.br\/uploads\/2026\/01\/whatsapp-image-2026-01-25-at-12.39.21-375x500.jpeg 375w, \/\/jpimg.com.br\/uploads\/2026\/01\/whatsapp-image-2026-01-25-at-12.39.21-768x1024.jpeg 768w, \/\/jpimg.com.br\/uploads\/2026\/01\/whatsapp-image-2026-01-25-at-12.39.21-338x450.jpeg 338w, \/\/jpimg.com.br\/uploads\/2026\/01\/whatsapp-image-2026-01-25-at-12.39.21-155x207.jpeg 155w, \/\/jpimg.com.br\/uploads\/2026\/01\/whatsapp-image-2026-01-25-at-12.39.21-540x720.jpeg 540w, \/\/jpimg.com.br\/uploads\/2026\/01\/whatsapp-image-2026-01-25-at-12.39.21-324x432.jpeg 324w, \/\/jpimg.com.br\/uploads\/2026\/01\/whatsapp-image-2026-01-25-at-12.39.21-432x576.jpeg 432w, \/\/jpimg.com.br\/uploads\/2026\/01\/whatsapp-image-2026-01-25-at-12.39.21-253x337.jpeg 253w, \/\/jpimg.com.br\/uploads\/2026\/01\/whatsapp-image-2026-01-25-at-12.39.21-600x800.jpeg 600w, \/\/jpimg.com.br\/uploads\/2026\/01\/whatsapp-image-2026-01-25-at-12.39.21.jpeg 960w\" sizes=\"auto, (max-width: 375px) 100vw, 375px\"><\/p>\n<p id=\"caption-attachment-2098937\" class=\"wp-caption-text\">Materiais apreendidos na casa do suspeito. Foto: obtido pela Jovem Pan<\/p>\n<\/div>\n<p><strong>Pablo tem passagens pela pol\u00edcia<\/strong> por roubo, adultera\u00e7\u00e3o de sinal e porte de arma de gogo na zona oeste.<\/p>\n<p>Pol\u00edcia Civil ainda procura pelo criminoso que abordou a jornalista.<\/p>\n<h2>Entenda o caso<\/h2>\n<div id=\"attachment_2098488\" style=\"width: 760px\" class=\"wp-caption alignnone\"><img loading=\"lazy\" loading=\"lazy\" decoding=\"async\" aria-describedby=\"caption-attachment-2098488\" class=\"size-medium wp-image-2098488\" src=\"https:\/\/crajubaremacao.com.br\/wp-content\/uploads\/2026\/01\/sem-titulo-15-750x450-2.jpg\" alt=\"Foto mostra a jornalista Maria Prata sendo assaltada em S\u00e3o Paulo\" width=\"750\" height=\"450\" srcset=\"\/\/jpimg.com.br\/uploads\/2026\/01\/sem-titulo-15-750x450.jpg 750w, \/\/jpimg.com.br\/uploads\/2026\/01\/sem-titulo-15-768x461.jpg 768w, \/\/jpimg.com.br\/uploads\/2026\/01\/sem-titulo-15-345x207.jpg 345w, \/\/jpimg.com.br\/uploads\/2026\/01\/sem-titulo-15-720x432.jpg 720w, \/\/jpimg.com.br\/uploads\/2026\/01\/sem-titulo-15-960x576.jpg 960w, \/\/jpimg.com.br\/uploads\/2026\/01\/sem-titulo-15-562x337.jpg 562w, \/\/jpimg.com.br\/uploads\/2026\/01\/sem-titulo-15-600x360.jpg 600w, \/\/jpimg.com.br\/uploads\/2026\/01\/sem-titulo-15.jpg 1000w\" sizes=\"auto, (max-width: 750px) 100vw, 750px\"><\/p>\n<p id=\"caption-attachment-2098488\" class=\"wp-caption-text\">Foto mostra a jornalista Maria Prata sendo assaltada em S\u00e3o Paulo<\/p>\n<\/div>\n<p>Maria Prata, esposa do apresentador Pedro Bial, <strong>divulgou no Instagram que havia sido assaltada<\/strong>. Segundo a publica\u00e7\u00e3o, ela caminhava com sua filha em dire\u00e7\u00e3o a uma casa ap\u00f3s estacionar o carro, quando foi surpreendida por um falso entregador armado.<\/p>\n<p>O <strong>criminoso n\u00e3o conseguia digitar a senha do celular<\/strong>, apesar de Maria repetidas vezes. Quando finalmente conseguiu, o homem foi embora. Maria entrou na casa e foi acolhida por amigos e marido, de acordo com o relato.<\/p>\n<p>\u201cEntreguei Dora pro Pedro, que estava l\u00e1, e desabei longe dela. S\u00f3 ali, pelas conversas, caras e perguntas, ela sentiu o baque. Chorou, ficou com medo. \u2018Quero ir pra casa, mam\u00e3e\u2019. Chegou pol\u00edcia, depoimento. Horas de telefonemas cancelando tudo.\u201d<\/p>\n<\/div>\n","protected":false},"excerpt":{"rendered":"<p>Pablo Yuri Monteiro Rubiar, suspeito de envolvimento no assalto a jornalista Maria Prata, foi preso ontem quando saiu de casa para buscar uma encomenda no bairro da Lapa, em S\u00e3o Paulo. Policiais faziam campana na casa da mulher dele, onde a moto utilizada no crime estava estacionada. Ele foi abordado pelos agentes no momento em [&hellip;]<\/p>\n","protected":false},"author":117,"featured_media":64557,"comment_status":"closed","ping_status":"closed","sticky":false,"template":"","format":"standard","meta":{"_themeisle_gutenberg_block_has_review":false,"_jetpack_memberships_contains_paid_content":false,"footnotes":""},"categories":[2],"tags":[150],"class_list":{"0":"post-64556","1":"post","2":"type-post","3":"status-publish","4":"format-standard","5":"has-post-thumbnail","7":"category-brasil","8":"tag-brasil"},"jetpack_featured_media_url":"https:\/\/crajubaremacao.com.br\/wp-content\/uploads\/2026\/01\/captura-de-tela-2026-01-25-13162-289x500-1.png","jetpack_sharing_enabled":true,"_links":{"self":[{"href":"https:\/\/crajubaremacao.com.br\/index.php?rest_route=\/wp\/v2\/posts\/64556","targetHints":{"allow":["GET"]}}],"collection":[{"href":"https:\/\/crajubaremacao.com.br\/index.php?rest_route=\/wp\/v2\/posts"}],"about":[{"href":"https:\/\/crajubaremacao.com.br\/index.php?rest_route=\/wp\/v2\/types\/post"}],"author":[{"embeddable":true,"href":"https:\/\/crajubaremacao.com.br\/index.php?rest_route=\/wp\/v2\/users\/117"}],"replies":[{"embeddable":true,"href":"https:\/\/crajubaremacao.com.br\/index.php?rest_route=%2Fwp%2Fv2%2Fcomments&post=64556"}],"version-history":[{"count":0,"href":"https:\/\/crajubaremacao.com.br\/index.php?rest_route=\/wp\/v2\/posts\/64556\/revisions"}],"wp:featuredmedia":[{"embeddable":true,"href":"https:\/\/crajubaremacao.com.br\/index.php?rest_route=\/wp\/v2\/media\/64557"}],"wp:attachment":[{"href":"https:\/\/crajubaremacao.com.br\/index.php?rest_route=%2Fwp%2Fv2%2Fmedia&parent=64556"}],"wp:term":[{"taxonomy":"category","embeddable":true,"href":"https:\/\/crajubaremacao.com.br\/index.php?rest_route=%2Fwp%2Fv2%2Fcategories&post=64556"},{"taxonomy":"post_tag","embeddable":true,"href":"https:\/\/crajubaremacao.com.br\/index.php?rest_route=%2Fwp%2Fv2%2Ftags&post=64556"}],"curies":[{"name":"wp","href":"https:\/\/api.w.org\/{rel}","templated":true}]}}