{"id":64587,"date":"2026-01-26T18:00:39","date_gmt":"2026-01-26T21:00:39","guid":{"rendered":"https:\/\/crajubaremacao.com.br\/?p=64587"},"modified":"2026-01-26T18:00:39","modified_gmt":"2026-01-26T21:00:39","slug":"flamengo-acerta-valores-e-deve-tirar-paqueta-do-west-ham-ja-nesta-janela","status":"publish","type":"post","link":"https:\/\/crajubaremacao.com.br\/?p=64587","title":{"rendered":"Flamengo acerta valores e deve tirar Paquet\u00e1 do West Ham j\u00e1 nesta janela"},"content":{"rendered":"<div>\n<div style=\"margin-bottom: 15px;\"><img decoding=\"async\" class=\"type:primaryImage\" src=\"https:\/\/jpimg.com.br\/uploads\/2025\/12\/paqueta-750x452.png\"><\/div>\n<p><?xml encoding=\"UTF-8\"><\/p>\n<p>Lucas Paquet\u00e1 est\u00e1 muito pr\u00f3ximo de voltar a vestir a camisa do<strong> Flamengo<\/strong>. O West Ham chegou a um acordo verbal com o clube carioca e falta apenas detalhes para que a transa\u00e7\u00e3o seja sacramentada.<\/p>\n<p>O acordo deve ser formalizado nas pr\u00f3ximas horas e a transa\u00e7\u00e3o envolvendo o atleta deve ficar na casa dos <strong>35,8 milh\u00f5es de libras (algo em torno de R$ 260 milh\u00f5es)<\/strong>, segundo o portal brit\u00e2nico Sky Sports News.<\/p>\n<p>Caso a transfer\u00eancia seja concretizada, trata-se da contrata\u00e7\u00e3o mais cara do futebol brasileiro, ultrapassando a compra de Gerson pelo Cruzeiro, no in\u00edcio deste m\u00eas de janeiro, estipulada em 27 milh\u00f5es de euros (R$ 187 milh\u00f5es na cota\u00e7\u00e3o atual).<\/p>\n<p>O entrave na negocia\u00e7\u00e3o estava na libera\u00e7\u00e3o do jogador. Enquanto o Flamengo queria Paquet\u00e1 j\u00e1 neste in\u00edcio de ano, o West Ham insistia em segur\u00e1-lo at\u00e9 o meio do ano. Com esse detalhe resolvido, o que resta definir \u00e9 a forma de pagamento do montante envolvendo a opera\u00e7\u00e3o.<\/p>\n<p>A rea\u00e7\u00e3o do clube ingl\u00eas nos \u00faltimos jogos na luta contra o rebaixamento, no entanto, mudou esse panorama. As vit\u00f3rias sobre o Tottenham e o Sunderland nas duas \u00faltimas rodadas sem a presen\u00e7a do jogador brasileiro fez o clube mudar de ideia e optar pela negocia\u00e7\u00e3o.<\/p>\n<p>Segundo informa\u00e7\u00f5es da Sky Sports, o desejo do jogador em retornar ao Brasil foi preponderante para a negocia\u00e7\u00e3o ter esse novo rumo.<\/p>\n<p><strong>Com 20 pontos, o time de Paquet\u00e1 figura na 18\u00aa coloca\u00e7\u00e3o do Campeonato Ingl\u00eas<\/strong>, cinco a menos que o Nottingham Forest, primeira equipe que est\u00e1 acima da zona de descenso da competi\u00e7\u00e3o e tenta agora empilhar uma sequ\u00eancia de triunfos para manter a rea\u00e7\u00e3o.<\/p>\n<p><strong><a href=\"https:\/\/jovempan.com.br\/esportes\/futebol\/paqueta-ainda-sofre-os-efeitos-da-investigacao-ligada-a-apostas-diz-tecnico-do-west-ham.html\">O jogador, absolvido da acusa\u00e7\u00e3o de manipula\u00e7\u00e3o de resultados<\/a><\/strong>, deixou clara a sua inten\u00e7\u00e3o de retornar ao Brasil e vem contando com uma for\u00e7a-tarefa dos dirigentes rubro-negros para sacramentar essa negocia\u00e7\u00e3o. A diretoria n\u00e3o gostou do posicionamento do atleta em deixar o clube e, com a rea\u00e7\u00e3o iminente da equipe, est\u00e1 disposta a colocar um ponto final na quest\u00e3o.<\/p>\n<p>Paquet\u00e1 chega para ocupar uma lacuna deixada pelo meio-campista G\u00e9rson, atualmente no Cruzeiro, e que deixou o Flamengo depois do Mundial de clubes da Fifa do ano passado, disputado nos Estados Unidos. O atleta refor\u00e7a o setor de meio-campo e seu estilo polivalente agrada ao t\u00e9cnico Filipe Lu\u00eds, que prev\u00ea uma temporada bastante disputada.<\/p>\n<p><em>*Com informa\u00e7\u00f5es do Estad\u00e3o Conte\u00fado<\/em><\/p>\n<div class=\"list-related-posts\">\n<h3>Leia tamb\u00e9m<\/h3>\n<div class=\"related-posts-container\">\n<div class=\"related-post-item-container\">\n<div class=\"related-post\">\n<div class=\"img-related-box\">\n                                            <strong><a href=\"https:\/\/jovempan.com.br\/esportes\/futebol\/ex-lateral-rafinha-confirma-ida-ao-sao-paulo-como-coordenador-de-futebol.html\" title=\"Ex-lateral Rafinha confirma ida ao S\u00e3o Paulo como coordenador de futebol\"><img decoding=\"async\" src=\"https:\/\/jpimg.com.br\/uploads\/2022\/03\/rafinha-3.jpg\"><\/a><\/strong>\n                                        <\/div>\n<p>                                        <span class=\"box-the-title\"><br \/>\n                                            <strong><a href=\"https:\/\/jovempan.com.br\/esportes\/futebol\/ex-lateral-rafinha-confirma-ida-ao-sao-paulo-como-coordenador-de-futebol.html\" title=\"Ex-lateral Rafinha confirma ida ao S\u00e3o Paulo como coordenador de futebol\">Ex-lateral Rafinha confirma ida ao S\u00e3o Paulo como coordenador de futebol<\/a><\/strong><br \/>\n                                        <\/span>\n                                    <\/div>\n<div class=\"related-post\">\n<div class=\"img-related-box\">\n                                            <strong><a href=\"https:\/\/jovempan.com.br\/esportes\/futebol\/o-que-o-flamengo-precisa-fazer-para-escapar-do-rebaixamento-no-carioca.html\" title=\"O que o Flamengo precisa fazer para escapar do rebaixamento no Carioca\"><img decoding=\"async\" src=\"https:\/\/jpimg.com.br\/uploads\/2026\/01\/agf20260125683.jpg\"><\/a><\/strong>\n                                        <\/div>\n<p>                                        <span class=\"box-the-title\"><br \/>\n                                            <strong><a href=\"https:\/\/jovempan.com.br\/esportes\/futebol\/o-que-o-flamengo-precisa-fazer-para-escapar-do-rebaixamento-no-carioca.html\" title=\"O que o Flamengo precisa fazer para escapar do rebaixamento no Carioca\">O que o Flamengo precisa fazer para escapar do rebaixamento no Carioca<\/a><\/strong><br \/>\n                                        <\/span>\n                                    <\/div>\n<div class=\"related-post\">\n<div class=\"img-related-box\">\n                                            <strong><a href=\"https:\/\/jovempan.com.br\/esportes\/outros-esportes\/shumacher-nao-esta-mais-acamado-diz-tabloide-ingles.html\" title=\"Shumacher n\u00e3o est\u00e1 mais acamado, diz tabloide ingl\u00eas\"><img decoding=\"async\" src=\"https:\/\/jpimg.com.br\/uploads\/2024\/12\/ap000312012.134702.jpg\"><\/a><\/strong>\n                                        <\/div>\n<p>                                        <span class=\"box-the-title\"><br \/>\n                                            <strong><a href=\"https:\/\/jovempan.com.br\/esportes\/outros-esportes\/shumacher-nao-esta-mais-acamado-diz-tabloide-ingles.html\" title=\"Shumacher n\u00e3o est\u00e1 mais acamado, diz tabloide ingl\u00eas\">Shumacher n\u00e3o est\u00e1 mais acamado, diz tabloide ingl\u00eas<\/a><\/strong><br \/>\n                                        <\/span>\n                                    <\/div>\n<\/p><\/div>\n<\/p><\/div>\n<\/p><\/div>\n<\/div>\n","protected":false},"excerpt":{"rendered":"<p>Lucas Paquet\u00e1 est\u00e1 muito pr\u00f3ximo de voltar a vestir a camisa do Flamengo. O West Ham chegou a um acordo verbal com o clube carioca e falta apenas detalhes para que a transa\u00e7\u00e3o seja sacramentada. O acordo deve ser formalizado nas pr\u00f3ximas horas e a transa\u00e7\u00e3o envolvendo o atleta deve ficar na casa dos 35,8 [&hellip;]<\/p>\n","protected":false},"author":260,"featured_media":64588,"comment_status":"closed","ping_status":"closed","sticky":false,"template":"","format":"standard","meta":{"_themeisle_gutenberg_block_has_review":false,"_jetpack_memberships_contains_paid_content":false,"footnotes":""},"categories":[12],"tags":[153],"class_list":{"0":"post-64587","1":"post","2":"type-post","3":"status-publish","4":"format-standard","5":"has-post-thumbnail","7":"category-esportes","8":"tag-esportes"},"jetpack_featured_media_url":"https:\/\/crajubaremacao.com.br\/wp-content\/uploads\/2026\/01\/paqueta-750x452-1.png","jetpack_sharing_enabled":true,"_links":{"self":[{"href":"https:\/\/crajubaremacao.com.br\/index.php?rest_route=\/wp\/v2\/posts\/64587","targetHints":{"allow":["GET"]}}],"collection":[{"href":"https:\/\/crajubaremacao.com.br\/index.php?rest_route=\/wp\/v2\/posts"}],"about":[{"href":"https:\/\/crajubaremacao.com.br\/index.php?rest_route=\/wp\/v2\/types\/post"}],"author":[{"embeddable":true,"href":"https:\/\/crajubaremacao.com.br\/index.php?rest_route=\/wp\/v2\/users\/260"}],"replies":[{"embeddable":true,"href":"https:\/\/crajubaremacao.com.br\/index.php?rest_route=%2Fwp%2Fv2%2Fcomments&post=64587"}],"version-history":[{"count":0,"href":"https:\/\/crajubaremacao.com.br\/index.php?rest_route=\/wp\/v2\/posts\/64587\/revisions"}],"wp:featuredmedia":[{"embeddable":true,"href":"https:\/\/crajubaremacao.com.br\/index.php?rest_route=\/wp\/v2\/media\/64588"}],"wp:attachment":[{"href":"https:\/\/crajubaremacao.com.br\/index.php?rest_route=%2Fwp%2Fv2%2Fmedia&parent=64587"}],"wp:term":[{"taxonomy":"category","embeddable":true,"href":"https:\/\/crajubaremacao.com.br\/index.php?rest_route=%2Fwp%2Fv2%2Fcategories&post=64587"},{"taxonomy":"post_tag","embeddable":true,"href":"https:\/\/crajubaremacao.com.br\/index.php?rest_route=%2Fwp%2Fv2%2Ftags&post=64587"}],"curies":[{"name":"wp","href":"https:\/\/api.w.org\/{rel}","templated":true}]}}