{"id":64589,"date":"2026-01-26T18:00:51","date_gmt":"2026-01-26T21:00:51","guid":{"rendered":"https:\/\/crajubaremacao.com.br\/?p=64589"},"modified":"2026-01-26T18:00:51","modified_gmt":"2026-01-26T21:00:51","slug":"hospital-anchieta-afirma-que-conduta-de-tecnico-investigado-foi-intencional-e-criminosa","status":"publish","type":"post","link":"https:\/\/crajubaremacao.com.br\/?p=64589","title":{"rendered":"Hospital Anchieta afirma que conduta de t\u00e9cnico investigado foi \u2018intencional e criminosa\u2019"},"content":{"rendered":"<div>\n<div style=\"margin-bottom: 15px;\"><img decoding=\"async\" class=\"type:primaryImage\" src=\"https:\/\/crajubaremacao.com.br\/wp-content\/uploads\/2026\/01\/imagem-jvp-2026-01-26t081406433-750x450-1.png\"><\/div>\n<p><?xml encoding=\"UTF-8\"><\/p>\n<p>O Hospital Anchieta se manifestou sobre a investiga\u00e7\u00e3o envolvendo tr\u00eas t\u00e9cnicos de enfermagem suspeitos de participa\u00e7\u00e3o na morte de pacientes na unidade de sa\u00fade, em Taguatinga, no Distrito Federal.<\/p>\n<p>Em nota, a institui\u00e7\u00e3o afirmou que o caso decorre de uma conduta \u201cdolorosa, intencional e isolada\u201d, sem rela\u00e7\u00e3o com os protocolos assistenciais do hospital ou com a atua\u00e7\u00e3o dos demais profissionais de sa\u00fade. A dire\u00e7\u00e3o declarou que o hospital tamb\u00e9m \u00e9 v\u00edtima do epis\u00f3dio.<\/p>\n<p>Segundo o comunicado, a conduta foi \u201cpraticada \u00e0 revelia do hospital, dos valores da medicina e da assist\u00eancia em sa\u00fade\u201d. A defesa dos investigados no caso n\u00e3o foi localizada.<\/p>\n<p>De acordo com o delegado Wisllei Salom\u00e3o, respons\u00e1vel pelo caso, as investiga\u00e7\u00f5es indicam que os tr\u00eas ex-t\u00e9cnicos de enfermagem aplicaram um medicamento indevido nas v\u00edtimas, o que teria provocado paradas card\u00edacas e as mortes.<\/p>\n<p>Segundo Salom\u00e3o, um dos t\u00e9cnicos teria se aproveitado de um sistema aberto, logado em nome de m\u00e9dicos para prescrever o medicamento indevido em ao menos duas ocasi\u00f5es, busc\u00e1-lo na farm\u00e1cia, prepar\u00e1-lo, esconder a seringa no jaleco e aplic\u00e1-lo em tr\u00eas pacientes.<\/p>\n<p>Imagens das c\u00e2meras de seguran\u00e7a instaladas na UTI registraram o momento em que o principal suspeito teria realizado as aplica\u00e7\u00f5es letais.<\/p>\n<p>A institui\u00e7\u00e3o defende seguir protocolos de seguran\u00e7a criteriosos que permitiram a a\u00e7\u00e3o r\u00e1pida da pol\u00edcia \u201cimpedindo a continuidade de um ciclo que poderia ter causado danos ainda maiores\u201d ainda que os suspeitos tenham \u201cdissimulado condutas, burlado controles e violado conscientemente barreiras de seguran\u00e7a existentes\u201d.<\/p>\n<p>\u201cRegistra-se, inclusive, que um dos \u00f3bitos n\u00e3o envolveu sequer a administra\u00e7\u00e3o de medicamento, mas a utiliza\u00e7\u00e3o de produto de higiene, refor\u00e7ando o car\u00e1ter intencional e alheio \u00e0 rotina hospitalar\u201d, relembra o comunicado.<\/p>\n<p>Ap\u00f3s um comit\u00ea interno identificar \u201ccircunst\u00e2ncias at\u00edpicas\u201d nas mortes ocorridas na UTI, os funcion\u00e1rios foram demitidos do hospital e a pol\u00edcia acionada para conduzir o caso.<\/p>\n<p>Conforme a Pol\u00edcia Civil, o t\u00e9cnico acusado de aplicar as subst\u00e2ncias letais tem 24 anos, \u00e9 estudante de fisioterapia e, ap\u00f3s ser demitido do Anchieta, continuou trabalhando em uma UTI infantil. As duas t\u00e9cnicas presas t\u00eam 28 e 22 anos; uma delas j\u00e1 havia atuado em outros hospitais, enquanto a outra estava em seu primeiro emprego na \u00e1rea.<\/p>\n<p>Os tr\u00eas investigados est\u00e3o presos temporariamente por 30 dias.<\/p>\n<p>*Estad\u00e3o Conte\u00fado<\/p>\n<\/div>\n","protected":false},"excerpt":{"rendered":"<p>O Hospital Anchieta se manifestou sobre a investiga\u00e7\u00e3o envolvendo tr\u00eas t\u00e9cnicos de enfermagem suspeitos de participa\u00e7\u00e3o na morte de pacientes na unidade de sa\u00fade, em Taguatinga, no Distrito Federal. Em nota, a institui\u00e7\u00e3o afirmou que o caso decorre de uma conduta \u201cdolorosa, intencional e isolada\u201d, sem rela\u00e7\u00e3o com os protocolos assistenciais do hospital ou com [&hellip;]<\/p>\n","protected":false},"author":117,"featured_media":64590,"comment_status":"closed","ping_status":"closed","sticky":false,"template":"","format":"standard","meta":{"_themeisle_gutenberg_block_has_review":false,"_jetpack_memberships_contains_paid_content":false,"footnotes":""},"categories":[2],"tags":[150],"class_list":{"0":"post-64589","1":"post","2":"type-post","3":"status-publish","4":"format-standard","5":"has-post-thumbnail","7":"category-brasil","8":"tag-brasil"},"jetpack_featured_media_url":"https:\/\/crajubaremacao.com.br\/wp-content\/uploads\/2026\/01\/imagem-jvp-2026-01-26t081406433-750x450-1.png","jetpack_sharing_enabled":true,"_links":{"self":[{"href":"https:\/\/crajubaremacao.com.br\/index.php?rest_route=\/wp\/v2\/posts\/64589","targetHints":{"allow":["GET"]}}],"collection":[{"href":"https:\/\/crajubaremacao.com.br\/index.php?rest_route=\/wp\/v2\/posts"}],"about":[{"href":"https:\/\/crajubaremacao.com.br\/index.php?rest_route=\/wp\/v2\/types\/post"}],"author":[{"embeddable":true,"href":"https:\/\/crajubaremacao.com.br\/index.php?rest_route=\/wp\/v2\/users\/117"}],"replies":[{"embeddable":true,"href":"https:\/\/crajubaremacao.com.br\/index.php?rest_route=%2Fwp%2Fv2%2Fcomments&post=64589"}],"version-history":[{"count":0,"href":"https:\/\/crajubaremacao.com.br\/index.php?rest_route=\/wp\/v2\/posts\/64589\/revisions"}],"wp:featuredmedia":[{"embeddable":true,"href":"https:\/\/crajubaremacao.com.br\/index.php?rest_route=\/wp\/v2\/media\/64590"}],"wp:attachment":[{"href":"https:\/\/crajubaremacao.com.br\/index.php?rest_route=%2Fwp%2Fv2%2Fmedia&parent=64589"}],"wp:term":[{"taxonomy":"category","embeddable":true,"href":"https:\/\/crajubaremacao.com.br\/index.php?rest_route=%2Fwp%2Fv2%2Fcategories&post=64589"},{"taxonomy":"post_tag","embeddable":true,"href":"https:\/\/crajubaremacao.com.br\/index.php?rest_route=%2Fwp%2Fv2%2Ftags&post=64589"}],"curies":[{"name":"wp","href":"https:\/\/api.w.org\/{rel}","templated":true}]}}